{"id":4180,"date":"2025-09-16T23:04:19","date_gmt":"2025-09-16T23:04:19","guid":{"rendered":"https:\/\/friburgonoticias.com.br\/temp\/2025\/09\/16\/com-desentendimento-sobre-coautoria-alerj-aprova-medalha-tiradentes-a-ex-assessor-de-carlos-bolsonaro\/"},"modified":"2025-09-16T23:04:19","modified_gmt":"2025-09-16T23:04:19","slug":"com-desentendimento-sobre-coautoria-alerj-aprova-medalha-tiradentes-a-ex-assessor-de-carlos-bolsonaro","status":"publish","type":"post","link":"https:\/\/friburgonoticias.com.br\/temp\/2025\/09\/16\/com-desentendimento-sobre-coautoria-alerj-aprova-medalha-tiradentes-a-ex-assessor-de-carlos-bolsonaro\/","title":{"rendered":"Com desentendimento sobre coautoria, Alerj aprova Medalha Tiradentes a ex-assessor de Carlos Bolsonaro"},"content":{"rendered":"<p><\/p>\n<div itemprop=\"articleBody\">\nA <a href=\"https:\/\/www.alerj.rj.gov.br\/\" target=\"_blank\" rel=\"noopener\">Assembleia Legislativa do Rio (Alerj)<\/a> aprovou, nesta ter\u00e7a-feira (16), em meio a um desentendimento envolvendo a coautoria, o <a href=\"http:\/\/www3.alerj.rj.gov.br\/lotus_notes\/default.asp?id=161&amp;URL=L3NjcHJvMjMyNy5uc2YvMGM1YmY1Y2RlOTU2MDFmOTAzMjU2Y2FhMDAyMzEzMWIvOTQ2NTExYTE3ZGFmNmU2MzAzMjU4ZDAyMDA1Y2RkMGY\/T3BlbkRvY3VtZW50JkhpZ2hsaWdodD0wLDIwMjUwNTAxNTg5&amp;\" target=\"_blank\" rel=\"noopener\">projeto de resolu\u00e7\u00e3o<\/a> que concede a Medalha Tiradentes a Rog\u00e9rio Cupti de Medeiros J\u00fanior, advogado e ex-assessor do vereador Carlos Bolsonaro (PL). A medalha \u00e9 a maior honraria concedida pelo Estado do Rio.<\/p>\n<p>A medida gerou repercuss\u00e3o dentro da casa. Houve voto contr\u00e1rio da bancada do PSOL e absten\u00e7\u00e3o do PCdoB, do PT e do deputado Luiz Paulo (PSD). Al\u00e9m disso, o autor original da proposta, deputado Elton Cristo (PP), se manifestou na sess\u00e3o para questionar a coautoria atribu\u00edda a Renan Jordy (PL).<\/p>\n<h2 class=\"wp-block-heading\">\u2018Atitude de menino\u2019<\/h2>\n<p>Segundo Cristo, Jordy n\u00e3o teria solicitado assumir a coautoria, classificando a atitude como desrespeitosa e negando o pedido.<\/p>\n<p>\u201cEm momento algum o deputado comunicou minha pessoa ou meu gabinete. Achei muito desrespeitoso. Se tivesse falado conosco, n\u00e3o haveria problema algum. Mas esse atropelo \u00e9 muito ruim aqui dentro da casa. J\u00e1 aconteceram outros epis\u00f3dios, e n\u00e3o vou passar pano. N\u00e3o concedo a coautoria para ele. Foi uma atitude de menino\u201d, afirmou Elton Cristo.<\/p>\n<p>Rog\u00e9rio Cupti atuou como assessor de Carlos Bolsonaro entre 2021 e 2024 e tamb\u00e9m j\u00e1 trabalhou como advogado do vereador em a\u00e7\u00f5es judiciais. Ele tamb\u00e9m ficou conhecido por criar, em 2021, o aplicativo \u201cBolsonaro TV\u201d, que reunia todas as redes sociais do ex-presidente Jair Bolsonaro (PL).\n<\/p><\/div>\n<p><\/a><\/p>\n<p>Fonte: temporealrj.com<\/p>\n","protected":false},"excerpt":{"rendered":"<p>A Assembleia Legislativa do Rio (Alerj) aprovou, nesta ter\u00e7a-feira (16), em meio a um desentendimento envolvendo a coautoria, o projeto de resolu\u00e7\u00e3o que concede a Medalha Tiradentes a Rog\u00e9rio Cupti de Medeiros J\u00fanior, advogado e ex-assessor do vereador Carlos Bolsonaro (PL). A medalha \u00e9 a maior honraria concedida pelo Estado do Rio. A medida gerou [&hellip;]<\/p>\n","protected":false},"author":3,"featured_media":4181,"comment_status":"open","ping_status":"open","sticky":false,"template":"","format":"standard","meta":{"advanced_seo_description":"","jetpack_seo_html_title":"","jetpack_seo_noindex":false,"fifu_image_url":"https:\/\/temporealrj.com\/wp-content\/uploads\/2025\/09\/ordemdodia_16_09_2025_ThiagoLontra-4-scaled-e1758051599104.jpg","fifu_image_alt":"","_jetpack_memberships_contains_paid_content":false,"footnotes":"","jetpack_publicize_message":"","jetpack_publicize_feature_enabled":true,"jetpack_social_post_already_shared":true,"jetpack_social_options":{"image_generator_settings":{"template":"highway","default_image_id":0,"font":"","enabled":false},"version":2}},"categories":[107],"tags":[],"class_list":{"0":"post-4180","1":"post","2":"type-post","3":"status-publish","4":"format-standard","5":"has-post-thumbnail","7":"category-economia"},"jetpack_publicize_connections":[],"jetpack_featured_media_url":"https:\/\/i0.wp.com\/temporealrj.com\/wp-content\/uploads\/2025\/09\/ordemdodia_16_09_2025_ThiagoLontra-4-scaled-e1758051599104.jpg?fit=%2C&ssl=1","jetpack_sharing_enabled":true,"jetpack-related-posts":[],"_links":{"self":[{"href":"https:\/\/friburgonoticias.com.br\/temp\/wp-json\/wp\/v2\/posts\/4180","targetHints":{"allow":["GET"]}}],"collection":[{"href":"https:\/\/friburgonoticias.com.br\/temp\/wp-json\/wp\/v2\/posts"}],"about":[{"href":"https:\/\/friburgonoticias.com.br\/temp\/wp-json\/wp\/v2\/types\/post"}],"author":[{"embeddable":true,"href":"https:\/\/friburgonoticias.com.br\/temp\/wp-json\/wp\/v2\/users\/3"}],"replies":[{"embeddable":true,"href":"https:\/\/friburgonoticias.com.br\/temp\/wp-json\/wp\/v2\/comments?post=4180"}],"version-history":[{"count":0,"href":"https:\/\/friburgonoticias.com.br\/temp\/wp-json\/wp\/v2\/posts\/4180\/revisions"}],"wp:featuredmedia":[{"embeddable":true,"href":"https:\/\/friburgonoticias.com.br\/temp\/wp-json\/wp\/v2\/media\/4181"}],"wp:attachment":[{"href":"https:\/\/friburgonoticias.com.br\/temp\/wp-json\/wp\/v2\/media?parent=4180"}],"wp:term":[{"taxonomy":"category","embeddable":true,"href":"https:\/\/friburgonoticias.com.br\/temp\/wp-json\/wp\/v2\/categories?post=4180"},{"taxonomy":"post_tag","embeddable":true,"href":"https:\/\/friburgonoticias.com.br\/temp\/wp-json\/wp\/v2\/tags?post=4180"}],"curies":[{"name":"wp","href":"https:\/\/api.w.org\/{rel}","templated":true}]}}