{"id":4198,"date":"2025-09-17T10:57:29","date_gmt":"2025-09-17T10:57:29","guid":{"rendered":"https:\/\/friburgonoticias.com.br\/temp\/2025\/09\/17\/janja-chega-a-nova-york-antes-de-lula-para-assembleia-da-onu\/"},"modified":"2025-09-17T10:57:29","modified_gmt":"2025-09-17T10:57:29","slug":"janja-chega-a-nova-york-antes-de-lula-para-assembleia-da-onu","status":"publish","type":"post","link":"https:\/\/friburgonoticias.com.br\/temp\/2025\/09\/17\/janja-chega-a-nova-york-antes-de-lula-para-assembleia-da-onu\/","title":{"rendered":"Janja chega a Nova York antes de Lula para Assembleia da ONU"},"content":{"rendered":"<p><\/p>\n<div id=\"hd80s9wa1h892edh8192\">\n        Ros\u00e2ngela da Silva, conhecida como Janja e primeira-dama do Brasil, antecipou sua chegada a <strong><a href=\"https:\/\/revistaoeste.com\/tag\/nova-york\" target=\"_blank\" rel=\"noreferrer noopener\">Nova York<\/a><\/strong>, prevista para quinta-feira, 18, com o objetivo de acompanhar a abertura da Assembleia Geral das Na\u00e7\u00f5es Unidas. O presidente Luiz In\u00e1cio Lula da Silva chegar\u00e1 \u00e0 cidade apenas no domingo 21.<\/p>\n<p><strong>+ Leia mais not\u00edcias de\u00a0<a href=\"https:\/\/revistaoeste.com\/politica\" target=\"_blank\" rel=\"noreferrer noopener\">Pol\u00edtica<\/a>\u00a0em Oeste<\/strong><\/p>\n<p>Durante sua estadia, Janja ir\u00e1 ficar na resid\u00eancia oficial do embaixador S\u00e9rgio Danese, que representa o Brasil na <strong><a href=\"https:\/\/brasil.un.org\/pt-br\" target=\"_blank\" rel=\"noreferrer noopener\">ONU<\/a><\/strong>. O local \u00e9 frequentemente utilizado para acomodar autoridades brasileiras e desempenha papel importante na diplomacia do pa\u00eds em Nova York.<\/p>\n<h2 class=\"wp-block-heading\" id=\"cuidados-logisticos-e-de-seguranca-nas-agendas-separadas\">Medidas log\u00edsticas e de seguran\u00e7a em compromissos separados de Lula e Janja<\/h2>\n<p>Viagens em agendas separadas da primeira-dama e do presidente exigem da equipe organizadora cuidados log\u00edsticos e de seguran\u00e7a diferenciados. Quando a programa\u00e7\u00e3o de Janja ocorre antes da do presidente, s\u00e3o adotados protocolos espec\u00edficos para garantir a prote\u00e7\u00e3o e o bom andamento das atividades.<\/p>\n<figure class=\"wp-block-embed is-type-video is-provider-youtube wp-block-embed-youtube wp-embed-aspect-16-9 wp-has-aspect-ratio\">\n<div class=\"wp-block-embed__wrapper\">\n<div class=\"perfmatters-lazy-youtube\" data-src=\"https:\/\/www.youtube.com\/embed\/GpZAkjTOHFc\" data-id=\"GpZAkjTOHFc\" data-query=\"feature=oembed\" onclick=\"perfmattersLazyLoadYouTube(this);\">\n<div><img loading=\"lazy\" decoding=\"async\" alt=\"YouTube video\" width=\"480\" height=\"360\" data-pin-nopin=\"true\" nopin=\"nopin\" class=\"perfmatters-lazy\" src=\"https:\/\/i.ytimg.com\/vi\/GpZAkjTOHFc\/hqdefault.jpg\"\/><img loading=\"lazy\" decoding=\"async\" src=\"https:\/\/i.ytimg.com\/vi\/GpZAkjTOHFc\/hqdefault.jpg\" alt=\"YouTube video\" width=\"480\" height=\"360\" data-pin-nopin=\"true\" nopin=\"nopin\"\/><\/div>\n<\/div>\n<p><noscript><iframe loading=\"lazy\" title=\"Porta-voz do governo Trump exibe artigo sobre instrumentaliza\u00e7\u00e3o pol\u00edtica do STF\" width=\"1170\" height=\"658\" src=\"https:\/\/www.youtube.com\/embed\/GpZAkjTOHFc?feature=oembed\" frameborder=\"0\" allow=\"accelerometer; autoplay; clipboard-write; encrypted-media; gyroscope; picture-in-picture; web-share\" referrerpolicy=\"strict-origin-when-cross-origin\" allowfullscreen><\/iframe><\/noscript>\n<\/div>\n<\/figure>\n<p>Diplomatas j\u00e1 relataram situa\u00e7\u00f5es semelhantes em outras ocasi\u00f5es. Em 2023, durante visita a Bruxelas, Janja decidiu ir at\u00e9 Bruges, localizada a 96 km da capital belga, o que demandou ajustes no esquema de seguran\u00e7a por causa da altera\u00e7\u00e3o no roteiro original.<\/p>\n<p>No in\u00edcio deste ano, depois de cr\u00edticas negativas sobre suas apari\u00e7\u00f5es internacionais, Janja optou por n\u00e3o participar de um evento da ONU sobre mulheres em Nova York. Na \u00e9poca, interlocutores apontaram que sua presen\u00e7a poderia intensificar cr\u00edticas sobre um suposto protagonismo em agendas diplom\u00e1ticas.<\/p>\n<p>Lula est\u00e1 escalado para realizar o tradicional discurso de abertura da Assembleia Geral na ter\u00e7a-feira 23. At\u00e9 l\u00e1, Janja deve comparecer a encontros paralelos, com foco principal em pautas sociais e direitos das mulheres.<\/p>\n<p><strong>Leia tamb\u00e9m: <\/strong><a href=\"https:\/\/revistaoeste.com\/revista\/edicao-245\/togas-fora-da-lei\/\"><strong>\u201cTogas fora da lei\u201d<\/strong><\/a><strong>, artigo de Augusto Nunes publicado na Edi\u00e7\u00e3o 245 da Revista Oeste<\/strong><\/p><\/div>\n<p><\/a><\/p>\n<p>Fonte: revistaoeste.com<\/p>\n","protected":false},"excerpt":{"rendered":"<p>Ros\u00e2ngela da Silva, conhecida como Janja e primeira-dama do Brasil, antecipou sua chegada a Nova York, prevista para quinta-feira, 18, com o objetivo de acompanhar a abertura da Assembleia Geral das Na\u00e7\u00f5es Unidas. O presidente Luiz In\u00e1cio Lula da Silva chegar\u00e1 \u00e0 cidade apenas no domingo 21. + Leia mais not\u00edcias de\u00a0Pol\u00edtica\u00a0em Oeste Durante sua [&hellip;]<\/p>\n","protected":false},"author":3,"featured_media":4199,"comment_status":"open","ping_status":"open","sticky":false,"template":"","format":"standard","meta":{"advanced_seo_description":"","jetpack_seo_html_title":"","jetpack_seo_noindex":false,"fifu_image_url":"https:\/\/medias.revistaoeste.com\/wp-content\/uploads\/2025\/07\/Justica-Janja.jpeg","fifu_image_alt":"","_jetpack_memberships_contains_paid_content":false,"footnotes":"","jetpack_publicize_message":"","jetpack_publicize_feature_enabled":true,"jetpack_social_post_already_shared":true,"jetpack_social_options":{"image_generator_settings":{"template":"highway","default_image_id":0,"font":"","enabled":false},"version":2}},"categories":[106,1],"tags":[],"class_list":{"0":"post-4198","1":"post","2":"type-post","3":"status-publish","4":"format-standard","5":"has-post-thumbnail","7":"category-politica","8":"category-uncategorized"},"jetpack_publicize_connections":[],"jetpack_featured_media_url":"https:\/\/i0.wp.com\/medias.revistaoeste.com\/wp-content\/uploads\/2025\/07\/Justica-Janja.jpeg?fit=%2C&ssl=1","jetpack_sharing_enabled":true,"jetpack-related-posts":[],"_links":{"self":[{"href":"https:\/\/friburgonoticias.com.br\/temp\/wp-json\/wp\/v2\/posts\/4198","targetHints":{"allow":["GET"]}}],"collection":[{"href":"https:\/\/friburgonoticias.com.br\/temp\/wp-json\/wp\/v2\/posts"}],"about":[{"href":"https:\/\/friburgonoticias.com.br\/temp\/wp-json\/wp\/v2\/types\/post"}],"author":[{"embeddable":true,"href":"https:\/\/friburgonoticias.com.br\/temp\/wp-json\/wp\/v2\/users\/3"}],"replies":[{"embeddable":true,"href":"https:\/\/friburgonoticias.com.br\/temp\/wp-json\/wp\/v2\/comments?post=4198"}],"version-history":[{"count":0,"href":"https:\/\/friburgonoticias.com.br\/temp\/wp-json\/wp\/v2\/posts\/4198\/revisions"}],"wp:featuredmedia":[{"embeddable":true,"href":"https:\/\/friburgonoticias.com.br\/temp\/wp-json\/wp\/v2\/media\/4199"}],"wp:attachment":[{"href":"https:\/\/friburgonoticias.com.br\/temp\/wp-json\/wp\/v2\/media?parent=4198"}],"wp:term":[{"taxonomy":"category","embeddable":true,"href":"https:\/\/friburgonoticias.com.br\/temp\/wp-json\/wp\/v2\/categories?post=4198"},{"taxonomy":"post_tag","embeddable":true,"href":"https:\/\/friburgonoticias.com.br\/temp\/wp-json\/wp\/v2\/tags?post=4198"}],"curies":[{"name":"wp","href":"https:\/\/api.w.org\/{rel}","templated":true}]}}