{"id":4208,"date":"2025-09-17T14:41:25","date_gmt":"2025-09-17T14:41:25","guid":{"rendered":"https:\/\/friburgonoticias.com.br\/temp\/2025\/09\/17\/comissao-aprova-reparacao-por-discriminacao-ou-racismo-contra-consumidores-noticias\/"},"modified":"2025-09-17T14:41:25","modified_gmt":"2025-09-17T14:41:25","slug":"comissao-aprova-reparacao-por-discriminacao-ou-racismo-contra-consumidores-noticias","status":"publish","type":"post","link":"https:\/\/friburgonoticias.com.br\/temp\/2025\/09\/17\/comissao-aprova-reparacao-por-discriminacao-ou-racismo-contra-consumidores-noticias\/","title":{"rendered":"Comiss\u00e3o aprova repara\u00e7\u00e3o por discrimina\u00e7\u00e3o ou racismo contra consumidores &#8211; Not\u00edcias"},"content":{"rendered":"<p><\/p>\n<div>\n<p class=\"g-artigo__data-hora\">\n                      17\/09\/2025 &#8211; 11:17 \u00a0\n                    <\/p>\n<div id=\"image-container-1200894\" class=\"image-container\" style=\"float: none; margin: 45px 0px; width: 100%;\" data-midia=\"1200894\">\n        <em>Vinicius Loures\/C\u00e2mara dos Deputados<\/em><\/p>\n<p>        Daiana Santos: proposta fortalece prote\u00e7\u00e3o \u00e0s v\u00edtimas de discrimina\u00e7\u00e3o\n        <\/p><\/div>\n<p>        A Comiss\u00e3o de Direitos Humanos, Minorias e Igualdade Racial da C\u00e2mara dos Deputados aprovou projeto que responsabiliza fornecedores de produtos e servi\u00e7os por atos de discrimina\u00e7\u00e3o racial, discrimina\u00e7\u00e3o m\u00faltipla ou racismo cometidos por seus funcion\u00e1rios contra consumidores. A empresa ser\u00e1 responsabilizada mesmo que n\u00e3o tenha culpa direta no epis\u00f3dio.<br \/>\n        A proposta obriga os fornecedores a:<br \/>\u2022 adotar pol\u00edticas de preven\u00e7\u00e3o;<br \/>\u2022 oferecer canais de den\u00fancia acess\u00edveis; e<br \/>\u2022 monitorar e combater condutas discriminat\u00f3rias.<br \/>\n        As empresas tamb\u00e9m dever\u00e3o manter programas cont\u00ednuos de capacita\u00e7\u00e3o para todos os colaboradores que lidam direta ou indiretamente com o p\u00fablico, incluindo aqueles terceirizados, com o objetivo de prevenir pr\u00e1ticas discriminat\u00f3rias.<br \/>\n        O texto ainda acrescenta, entre as pr\u00e1ticas abusivas previstas no <a href=\"https:\/\/www2.camara.leg.br\/legin\/fed\/lei\/1990\/lei-8078-11-setembro-1990-365086-norma-pl.html\">C\u00f3digo de Defesa do Consumidor<\/a>, a realiza\u00e7\u00e3o de abordagem ou revista de forma vexat\u00f3ria, discriminat\u00f3ria ou abusiva em raz\u00e3o de cor, etnia ou qualquer outra caracter\u00edstica pessoal, atentando contra a dignidade do consumidor.<br \/>\n        <strong>Mudan\u00e7a no projeto<\/strong><br \/>Foi aprovado o <span id=\"4098\" class=\"termoGlossario\" title=\"Nome que se d\u00e1 ao texto que altera substancialmente o conte\u00fado original da proposta. O substitutivo \u00e9 apresentado pelo relator e tem prefer\u00eancia na vota\u00e7\u00e3o sobre o projeto original.\" contenteditable=\"false\" data-toggle=\"tooltip\" data-placement=\"top\">substitutivo<\/span> da relatora, deputada Daiana Santos (PCdoB-RS), ao Projeto de Lei 4309\/24, da deputada Gisela Simona (Uni\u00e3o-MT). Com rela\u00e7\u00e3o \u00e0 proposta original, Daiana Santos incluiu par\u00e1grafo para definir que, para efeitos da futura lei, discrimina\u00e7\u00e3o racial, discrimina\u00e7\u00e3o m\u00faltipla e racismo ser\u00e3o compreendidos nos termos da <a href=\"https:\/\/www2.camara.leg.br\/legin\/fed\/decleg\/2021\/decretolegislativo-1-18-fevereiro-2021-791057-convencao-pl.pdf\">Conven\u00e7\u00e3o Interamericana contra o Racismo, a Discrimina\u00e7\u00e3o Racial e Formas Correlatas de Intoler\u00e2ncia<\/a>.<\/p>\n<p>        &#8220;Ao responsabilizar objetivamente os fornecedores e exigir a ado\u00e7\u00e3o de medidas preventivas e corretivas, o projeto fortalece a prote\u00e7\u00e3o das pessoas v\u00edtimas de discrimina\u00e7\u00e3o, contribuindo para a paz social&#8221;, afirmou Daiana Santos, ao destacar a import\u00e2ncia do projeto aprovado.<br \/>\n        <strong>Pr\u00f3ximos passos<br \/><\/strong>A proposta ainda ser\u00e1 analisada, em <span id=\"4322\" class=\"termoGlossario\" title=\"Rito de tramita\u00e7\u00e3o pelo qual o projeto \u00e9 votado apenas pelas comiss\u00f5es designadas para analis\u00e1-lo, dispensada a delibera\u00e7\u00e3o do Plen\u00e1rio. O projeto perde o car\u00e1ter conclusivo se houver decis\u00e3o divergente entre as comiss\u00f5es ou se, independentemente de ser aprovado ou rejeitado, houver recurso assinado por 52 deputados para a aprecia\u00e7\u00e3o da mat\u00e9ria no Plen\u00e1rio.\" contenteditable=\"false\" data-toggle=\"tooltip\" data-placement=\"top\">car\u00e1ter conclusivo<\/span>, pelas comiss\u00f5es de Defesa do Consumidor; e de Constitui\u00e7\u00e3o e Justi\u00e7a e de Cidadania. Para virar lei, precisa ser aprovada pela C\u00e2mara e pelo Senado.<\/p>\n<p>        \u00a0<\/p>\n<p style=\"font-size: 0.8rem; font-weight: 700;\">Reportagem \u2013 Francisco Brand\u00e3o<br \/>Edi\u00e7\u00e3o \u2013 Marcelo Oliveira<\/p>\n<\/p><\/div>\n<p><\/a><\/p>\n<p>Fonte: www.camara.leg.br<\/p>\n","protected":false},"excerpt":{"rendered":"<p>17\/09\/2025 &#8211; 11:17 \u00a0 Vinicius Loures\/C\u00e2mara dos Deputados Daiana Santos: proposta fortalece prote\u00e7\u00e3o \u00e0s v\u00edtimas de discrimina\u00e7\u00e3o A Comiss\u00e3o de Direitos Humanos, Minorias e Igualdade Racial da C\u00e2mara dos Deputados aprovou projeto que responsabiliza fornecedores de produtos e servi\u00e7os por atos de discrimina\u00e7\u00e3o racial, discrimina\u00e7\u00e3o m\u00faltipla ou racismo cometidos por seus funcion\u00e1rios contra consumidores. A [&hellip;]<\/p>\n","protected":false},"author":3,"featured_media":4209,"comment_status":"open","ping_status":"open","sticky":false,"template":"","format":"standard","meta":{"advanced_seo_description":"","jetpack_seo_html_title":"","jetpack_seo_noindex":false,"fifu_image_url":"https:\/\/www.camara.leg.br\/midias\/image\/2025\/09\/img20250610190453187-768x473.jpg","fifu_image_alt":"","_jetpack_memberships_contains_paid_content":false,"footnotes":"","jetpack_publicize_message":"","jetpack_publicize_feature_enabled":true,"jetpack_social_post_already_shared":true,"jetpack_social_options":{"image_generator_settings":{"template":"highway","default_image_id":0,"font":"","enabled":false},"version":2}},"categories":[106,1],"tags":[],"class_list":{"0":"post-4208","1":"post","2":"type-post","3":"status-publish","4":"format-standard","5":"has-post-thumbnail","7":"category-politica","8":"category-uncategorized"},"jetpack_publicize_connections":[],"jetpack_featured_media_url":"https:\/\/i0.wp.com\/www.camara.leg.br\/midias\/image\/2025\/09\/img20250610190453187-768x473.jpg?fit=%2C&ssl=1","jetpack_sharing_enabled":true,"jetpack-related-posts":[],"_links":{"self":[{"href":"https:\/\/friburgonoticias.com.br\/temp\/wp-json\/wp\/v2\/posts\/4208","targetHints":{"allow":["GET"]}}],"collection":[{"href":"https:\/\/friburgonoticias.com.br\/temp\/wp-json\/wp\/v2\/posts"}],"about":[{"href":"https:\/\/friburgonoticias.com.br\/temp\/wp-json\/wp\/v2\/types\/post"}],"author":[{"embeddable":true,"href":"https:\/\/friburgonoticias.com.br\/temp\/wp-json\/wp\/v2\/users\/3"}],"replies":[{"embeddable":true,"href":"https:\/\/friburgonoticias.com.br\/temp\/wp-json\/wp\/v2\/comments?post=4208"}],"version-history":[{"count":0,"href":"https:\/\/friburgonoticias.com.br\/temp\/wp-json\/wp\/v2\/posts\/4208\/revisions"}],"wp:featuredmedia":[{"embeddable":true,"href":"https:\/\/friburgonoticias.com.br\/temp\/wp-json\/wp\/v2\/media\/4209"}],"wp:attachment":[{"href":"https:\/\/friburgonoticias.com.br\/temp\/wp-json\/wp\/v2\/media?parent=4208"}],"wp:term":[{"taxonomy":"category","embeddable":true,"href":"https:\/\/friburgonoticias.com.br\/temp\/wp-json\/wp\/v2\/categories?post=4208"},{"taxonomy":"post_tag","embeddable":true,"href":"https:\/\/friburgonoticias.com.br\/temp\/wp-json\/wp\/v2\/tags?post=4208"}],"curies":[{"name":"wp","href":"https:\/\/api.w.org\/{rel}","templated":true}]}}