{"id":4218,"date":"2025-09-17T18:02:41","date_gmt":"2025-09-17T18:02:41","guid":{"rendered":"https:\/\/friburgonoticias.com.br\/temp\/2025\/09\/17\/ccj-da-alerj-aprova-novo-refis-de-castro-para-descontos-em-dividas-do-estado\/"},"modified":"2025-09-17T18:02:41","modified_gmt":"2025-09-17T18:02:41","slug":"ccj-da-alerj-aprova-novo-refis-de-castro-para-descontos-em-dividas-do-estado","status":"publish","type":"post","link":"https:\/\/friburgonoticias.com.br\/temp\/2025\/09\/17\/ccj-da-alerj-aprova-novo-refis-de-castro-para-descontos-em-dividas-do-estado\/","title":{"rendered":"CCJ da Alerj aprova novo Refis de Castro para descontos em d\u00edvidas do estado"},"content":{"rendered":"<p><\/p>\n<div itemprop=\"articleBody\">\nA <a href=\"https:\/\/www.aloalerj.rj.gov.br\/services\/3\" target=\"_blank\" rel=\"noopener\">Comiss\u00e3o de Constitui\u00e7\u00e3o e Justi\u00e7a (CCJ) da Assembleia Legislativa do Rio (Alerj)<\/a> aprovou, nesta quarta-feira (17), a constitucionalidade do <a href=\"https:\/\/temporealrj.com\/ccj-da-alerj-analisa-hoje-projetos-que-preveem-uso-dos-royalties-para-pagar-dividas-com-a-uniao-e-desconto-para-grandes-devedores-do-estado\/\">projeto que prop\u00f5e um novo Refis<\/a>, programa de <a href=\"https:\/\/temporealrj.com\/colegio-de-lideres-da-alerj-decide-a-votacao-do-pacotao-de-castro-comeca-com-seguranca-e-deixa-uso-dos-royalties-e-refis-para-o-fim\/\">refinanciamento de d\u00edvidas tribut\u00e1rias do estado<\/a>. A medida abrange o ICMS e outros tributos, estejam eles inscritos ou n\u00e3o em D\u00edvida Ativa.<\/p>\n<p>A proposta integra os projetos de mudan\u00e7as tribut\u00e1rias inclu\u00eddos no <a href=\"https:\/\/temporealrj.com\/colegio-de-lideres-da-alerj-decide-a-votacao-do-pacotao-de-castro-comeca-com-seguranca-e-deixa-uso-dos-royalties-e-refis-para-o-fim\/\">pacot\u00e3o enviado pelo governador Cl\u00e1udio Castro (PL) em agosto<\/a>. Com a aprova\u00e7\u00e3o na CCJ, o projeto segue agora para vota\u00e7\u00e3o em plen\u00e1rio, onde poder\u00e3o ser apresentadas as emendas parlamentares, conforme acordo estabelecido pelo colegiado.<\/p>\n<p>Rodrigo Amorim (Uni\u00e3o), presidente da CCJ, Vinicius Cozzolino (Uni\u00e3o), Fred Pacheco (PMN), Alexandre Knoploch (PL) e Chico Machado (SDD) votaram pela constitucionalidade. Luiz Paulo (PSD) e Elika Takimoto (PT) tamb\u00e9m aprovaram a constitucionalidade, mas com emendas incluindo cr\u00edticas ao projeto, que, com o resultado da vota\u00e7\u00e3o, acabaram n\u00e3o sendo incorporadas.<\/p>\n<h2 class=\"wp-block-heading\">Sobre o novo Refis <\/h2>\n<p>O governo estima arrecadar entre R$ 2 bilh\u00f5es e R$ 3 bilh\u00f5es com o programa. O projeto prev\u00ea:<\/p>\n<ul>\n<li>Perd\u00e3o de at\u00e9 95% dos juros e encargos para pagamentos \u00e0 vista;<\/li>\n<li>Parcelamento da d\u00edvida com descontos vari\u00e1veis, de acordo com o valor de entrada;<\/li>\n<li>Uso de precat\u00f3rios para abater o saldo devedor, com descontos sobre multas e encargos, tamb\u00e9m ajustados conforme o tributo.<\/li>\n<\/ul>\n<\/div>\n<p><\/a><\/p>\n<p>Fonte: temporealrj.com<\/p>\n","protected":false},"excerpt":{"rendered":"<p>A Comiss\u00e3o de Constitui\u00e7\u00e3o e Justi\u00e7a (CCJ) da Assembleia Legislativa do Rio (Alerj) aprovou, nesta quarta-feira (17), a constitucionalidade do projeto que prop\u00f5e um novo Refis, programa de refinanciamento de d\u00edvidas tribut\u00e1rias do estado. A medida abrange o ICMS e outros tributos, estejam eles inscritos ou n\u00e3o em D\u00edvida Ativa. A proposta integra os projetos [&hellip;]<\/p>\n","protected":false},"author":3,"featured_media":4219,"comment_status":"open","ping_status":"open","sticky":false,"template":"","format":"standard","meta":{"advanced_seo_description":"","jetpack_seo_html_title":"","jetpack_seo_noindex":false,"fifu_image_url":"https:\/\/temporealrj.com\/wp-content\/uploads\/2025\/09\/CCJ_17_09_2025_ThiagoLontra-9-scaled-e1758122891638.jpg","fifu_image_alt":"","_jetpack_memberships_contains_paid_content":false,"footnotes":"","jetpack_publicize_message":"","jetpack_publicize_feature_enabled":true,"jetpack_social_post_already_shared":true,"jetpack_social_options":{"image_generator_settings":{"template":"highway","default_image_id":0,"font":"","enabled":false},"version":2}},"categories":[107],"tags":[],"class_list":{"0":"post-4218","1":"post","2":"type-post","3":"status-publish","4":"format-standard","5":"has-post-thumbnail","7":"category-economia"},"jetpack_publicize_connections":[],"jetpack_featured_media_url":"https:\/\/i0.wp.com\/temporealrj.com\/wp-content\/uploads\/2025\/09\/CCJ_17_09_2025_ThiagoLontra-9-scaled-e1758122891638.jpg?fit=%2C&ssl=1","jetpack_sharing_enabled":true,"jetpack-related-posts":[],"_links":{"self":[{"href":"https:\/\/friburgonoticias.com.br\/temp\/wp-json\/wp\/v2\/posts\/4218","targetHints":{"allow":["GET"]}}],"collection":[{"href":"https:\/\/friburgonoticias.com.br\/temp\/wp-json\/wp\/v2\/posts"}],"about":[{"href":"https:\/\/friburgonoticias.com.br\/temp\/wp-json\/wp\/v2\/types\/post"}],"author":[{"embeddable":true,"href":"https:\/\/friburgonoticias.com.br\/temp\/wp-json\/wp\/v2\/users\/3"}],"replies":[{"embeddable":true,"href":"https:\/\/friburgonoticias.com.br\/temp\/wp-json\/wp\/v2\/comments?post=4218"}],"version-history":[{"count":0,"href":"https:\/\/friburgonoticias.com.br\/temp\/wp-json\/wp\/v2\/posts\/4218\/revisions"}],"wp:featuredmedia":[{"embeddable":true,"href":"https:\/\/friburgonoticias.com.br\/temp\/wp-json\/wp\/v2\/media\/4219"}],"wp:attachment":[{"href":"https:\/\/friburgonoticias.com.br\/temp\/wp-json\/wp\/v2\/media?parent=4218"}],"wp:term":[{"taxonomy":"category","embeddable":true,"href":"https:\/\/friburgonoticias.com.br\/temp\/wp-json\/wp\/v2\/categories?post=4218"},{"taxonomy":"post_tag","embeddable":true,"href":"https:\/\/friburgonoticias.com.br\/temp\/wp-json\/wp\/v2\/tags?post=4218"}],"curies":[{"name":"wp","href":"https:\/\/api.w.org\/{rel}","templated":true}]}}