{"id":4242,"date":"2025-09-17T23:42:40","date_gmt":"2025-09-17T23:42:40","guid":{"rendered":"https:\/\/friburgonoticias.com.br\/temp\/2025\/09\/17\/deputada-celia-jordao-representa-o-estado-na-frente-parlamentar-do-brics-em-brasilia\/"},"modified":"2025-09-17T23:42:40","modified_gmt":"2025-09-17T23:42:40","slug":"deputada-celia-jordao-representa-o-estado-na-frente-parlamentar-do-brics-em-brasilia","status":"publish","type":"post","link":"https:\/\/friburgonoticias.com.br\/temp\/2025\/09\/17\/deputada-celia-jordao-representa-o-estado-na-frente-parlamentar-do-brics-em-brasilia\/","title":{"rendered":"Deputada C\u00e9lia Jord\u00e3o representa o estado na Frente Parlamentar do Brics, em Bras\u00edlia"},"content":{"rendered":"<p><\/p>\n<div itemprop=\"articleBody\">\nA deputada estadual C\u00e9lia Jord\u00e3o (PL) esteve, nesta ter\u00e7a-feira (16), na <a href=\"https:\/\/temporealrj.com\/projeto-de-divisao-dos-royalties-entre-municipios-vizinhos-e-destravado-na-camara-agora-so-falta-a-ccj-para-ir-ao-senado\/\">C\u00e2mara dos Deputados, em Bras\u00edlia<\/a>, participando do <a href=\"https:\/\/www.camara.leg.br\/noticias\/1200494-forum-do-brics-na-camara-analisa-temas-estrategicos,-com-foco-na-cooperacao-multilateral\" target=\"_blank\" rel=\"noopener\">Segundo F\u00f3rum Brics<\/a>. O evento ocorre de segunda-feira (15) at\u00e9 esta quarta-feira (17) e tem como tema \u201cValores Tradicionais\u201d, reunindo representantes dos pa\u00edses-membros do bloco.<\/p>\n<p>Com mais de 20 anos dedicados a pol\u00edticas p\u00fablicas voltadas \u00e0s mulheres, C\u00e9lia Jord\u00e3o integrou o painel \u201cViol\u00eancia de g\u00eanero: o papel da mulher nas diferentes culturas\u201d e destacou a import\u00e2ncia da legisla\u00e7\u00e3o para garantir os direitos femininos.<\/p>\n<p>\u201cHistoricamente, a viol\u00eancia de g\u00eanero nunca foi uma exce\u00e7\u00e3o na sociedade, em diferentes culturas. Em algumas, h\u00e1 uma rede de apoio mais estruturada, leis espec\u00edficas e maior visibilidade. Mas ainda existem lugares onde a viol\u00eancia \u00e9 naturalizada e justificada por tradi\u00e7\u00f5es\u201d, afirmou a deputada.<\/p>\n<p>O painel tamb\u00e9m abordou pr\u00e1ticas como os casamentos for\u00e7ados de meninas entre 10 e 15 anos em alguns pa\u00edses, al\u00e9m da desigualdade de g\u00eanero nos parlamentos e nos espa\u00e7os de poder. Outro ponto discutido foi a depend\u00eancia financeira e a falta de qualifica\u00e7\u00e3o profissional como fatores que mant\u00eam mulheres em situa\u00e7\u00e3o de vulnerabilidade.<\/p>\n<p>\u201cN\u00f3s, mulheres, mesmo quando ocupamos fun\u00e7\u00f5es parlamentares, tamb\u00e9m sofremos viol\u00eancia. A viol\u00eancia pol\u00edtica \u00e9 grave e, muitas vezes, silenciosa. N\u00e3o podemos nunca esquecer: a culpa da viol\u00eancia nunca \u00e9 da v\u00edtima, e o ciclo de impunidade precisa ser rompido\u201d, ressaltou a parlamentar.<\/p>\n<p>Mediado pela deputada Eliana Bayer (Republicanos-RS), o painel contou com a participa\u00e7\u00e3o das deputadas brasileiras Silvana Covatti (PP-RS) e Patr\u00edcia Alba (MDB-RS); da deputada Ichwama Litoka Elysee, do Congo; e de Milva Villalba, do Paraguai.\n<\/p><\/div>\n<p><\/a><\/p>\n<p>Fonte: temporealrj.com<\/p>\n","protected":false},"excerpt":{"rendered":"<p>A deputada estadual C\u00e9lia Jord\u00e3o (PL) esteve, nesta ter\u00e7a-feira (16), na C\u00e2mara dos Deputados, em Bras\u00edlia, participando do Segundo F\u00f3rum Brics. O evento ocorre de segunda-feira (15) at\u00e9 esta quarta-feira (17) e tem como tema \u201cValores Tradicionais\u201d, reunindo representantes dos pa\u00edses-membros do bloco. Com mais de 20 anos dedicados a pol\u00edticas p\u00fablicas voltadas \u00e0s mulheres, [&hellip;]<\/p>\n","protected":false},"author":3,"featured_media":4243,"comment_status":"open","ping_status":"open","sticky":false,"template":"","format":"standard","meta":{"advanced_seo_description":"","jetpack_seo_html_title":"","jetpack_seo_noindex":false,"fifu_image_url":"https:\/\/temporealrj.com\/wp-content\/uploads\/2025\/09\/Imagem-do-WhatsApp-de-2025-09-17-as-15.34.05_4e1f7af7-e1758137225170.jpg","fifu_image_alt":"","_jetpack_memberships_contains_paid_content":false,"footnotes":"","jetpack_publicize_message":"","jetpack_publicize_feature_enabled":true,"jetpack_social_post_already_shared":true,"jetpack_social_options":{"image_generator_settings":{"template":"highway","default_image_id":0,"font":"","enabled":false},"version":2}},"categories":[107],"tags":[],"class_list":{"0":"post-4242","1":"post","2":"type-post","3":"status-publish","4":"format-standard","5":"has-post-thumbnail","7":"category-economia"},"jetpack_publicize_connections":[],"jetpack_featured_media_url":"https:\/\/i0.wp.com\/temporealrj.com\/wp-content\/uploads\/2025\/09\/Imagem-do-WhatsApp-de-2025-09-17-as-15.34.05_4e1f7af7-e1758137225170.jpg?fit=%2C&ssl=1","jetpack_sharing_enabled":true,"jetpack-related-posts":[],"_links":{"self":[{"href":"https:\/\/friburgonoticias.com.br\/temp\/wp-json\/wp\/v2\/posts\/4242","targetHints":{"allow":["GET"]}}],"collection":[{"href":"https:\/\/friburgonoticias.com.br\/temp\/wp-json\/wp\/v2\/posts"}],"about":[{"href":"https:\/\/friburgonoticias.com.br\/temp\/wp-json\/wp\/v2\/types\/post"}],"author":[{"embeddable":true,"href":"https:\/\/friburgonoticias.com.br\/temp\/wp-json\/wp\/v2\/users\/3"}],"replies":[{"embeddable":true,"href":"https:\/\/friburgonoticias.com.br\/temp\/wp-json\/wp\/v2\/comments?post=4242"}],"version-history":[{"count":0,"href":"https:\/\/friburgonoticias.com.br\/temp\/wp-json\/wp\/v2\/posts\/4242\/revisions"}],"wp:featuredmedia":[{"embeddable":true,"href":"https:\/\/friburgonoticias.com.br\/temp\/wp-json\/wp\/v2\/media\/4243"}],"wp:attachment":[{"href":"https:\/\/friburgonoticias.com.br\/temp\/wp-json\/wp\/v2\/media?parent=4242"}],"wp:term":[{"taxonomy":"category","embeddable":true,"href":"https:\/\/friburgonoticias.com.br\/temp\/wp-json\/wp\/v2\/categories?post=4242"},{"taxonomy":"post_tag","embeddable":true,"href":"https:\/\/friburgonoticias.com.br\/temp\/wp-json\/wp\/v2\/tags?post=4242"}],"curies":[{"name":"wp","href":"https:\/\/api.w.org\/{rel}","templated":true}]}}