{"id":4244,"date":"2025-09-18T00:02:41","date_gmt":"2025-09-18T00:02:41","guid":{"rendered":"https:\/\/friburgonoticias.com.br\/temp\/2025\/09\/18\/indicacao-de-eduardo-bolsonaro-para-a-lideranca-da-minoria-segue-indefinida-noticias\/"},"modified":"2025-09-18T00:02:41","modified_gmt":"2025-09-18T00:02:41","slug":"indicacao-de-eduardo-bolsonaro-para-a-lideranca-da-minoria-segue-indefinida-noticias","status":"publish","type":"post","link":"https:\/\/friburgonoticias.com.br\/temp\/2025\/09\/18\/indicacao-de-eduardo-bolsonaro-para-a-lideranca-da-minoria-segue-indefinida-noticias\/","title":{"rendered":"Indica\u00e7\u00e3o de Eduardo Bolsonaro para a lideran\u00e7a da Minoria segue indefinida &#8211; Not\u00edcias"},"content":{"rendered":"<p><\/p>\n<div>\n<p class=\"g-artigo__data-hora\">\n                      17\/09\/2025 &#8211; 19:51 \u00a0\n                    <\/p>\n<p>                    A indica\u00e7\u00e3o do deputado Eduardo Bolsonaro (PL-SP) para a lideran\u00e7a da <span id=\"4279\" class=\"termoGlossario\" title=\"Bancada partid\u00e1ria cujo n\u00famero de integrantes seja imediatamente inferior \u00e0 maioria e que expresse posi\u00e7\u00e3o diferente desta em rela\u00e7\u00e3o ao governo.\" contenteditable=\"false\" data-toggle=\"tooltip\" data-placement=\"top\">Minoria<\/span> na C\u00e2mara dos Deputados segue indefinida. Na ter\u00e7a-feira (16), a deputada Caroline de Toni (PL-SC) anunciou que estava renunciando ao cargo em favor de Eduardo Bolsonaro. A expectativa da oposi\u00e7\u00e3o \u00e9 que Eduardo Bolsonaro, atualmente morando nos Estados Unidos, n\u00e3o perca o mandato por faltas no Plen\u00e1rio.<br \/>\n        Questionado sobre o assunto na sess\u00e3o do Plen\u00e1rio, horas depois, o presidente da C\u00e2mara, Hugo Motta, afirmou que n\u00e3o podia <span class=\"cf0\">tomar provid\u00eancias com base em especula\u00e7\u00e3o. Ele lembrou que a escolha de l\u00edderes depende das bancadas, n\u00e3o do presidente. &#8220;<\/span><!--EndFragment -->\u00c9 claro que se trata de um caso at\u00edpico. N\u00f3s vamos fazer uma an\u00e1lise&#8221;, acrescentou.<\/p>\n<div id=\"image-container-1201380\" class=\"image-container\" style=\"float: none; margin: 45px 0px; width: 100%;\" data-midia=\"1201380\">\n        <em>Alan Santos\/C\u00e2mara dos Deputados<\/em><\/p>\n<p>        Caroline de Toni disse que Eduardo Bolsonaro sofre persegui\u00e7\u00e3o\n        <\/p><\/div>\n<p>        <strong>Uni\u00e3o e coragem<\/strong><br \/>&#8220;Tomamos esta decis\u00e3o convictos de que o Brasil precisa de uni\u00e3o e coragem, especialmente diante das persegui\u00e7\u00f5es pol\u00edticas que tanto Eduardo e seu pai, Jair Messias Bolsonaro, est\u00e3o sofrendo, al\u00e9m de tantas outras pessoas como as que participaram dos atos de 8 de Janeiro&#8221;, justificou Caroline de Toni.<br \/>\n        Ela elogiou o trabalho de Eduardo Bolsonaro como parlamentar. &#8220;Acima de qualquer interesse pessoal e partid\u00e1rio, existe algo maior: o compromisso com a na\u00e7\u00e3o brasileira. Eduardo, mesmo exilado diante dessas persegui\u00e7\u00f5es, tem demonstrado firmeza e dedica\u00e7\u00e3o na defesa das liberdades individuais e na busca pelo restabelecimento do equil\u00edbrio entre os Poderes, que \u00e9 uma condi\u00e7\u00e3o essencial para que tenhamos uma plena democracia.&#8221;<br \/>\n        O l\u00edder do PL, deputado S\u00f3stenes Cavalcante (PL-RJ), defendeu sua atribui\u00e7\u00e3o para indicar a lideran\u00e7a da Minoria. &#8220;Ademais da cr\u00edtica de algumas pessoas, n\u00f3s do PL reconhecemos o brilhante trabalho que o nosso deputado Eduardo Bolsonaro tem feito naquele pa\u00eds, e de l\u00e1, baseado na resolu\u00e7\u00e3o da Mesa Diretora da C\u00e2mara, n\u00f3s o nomearemos a partir de agora como o l\u00edder&#8221;, disse.<\/p>\n<div id=\"image-container-1201379\" class=\"image-container\" style=\"float: none; margin: 45px 0px; width: 100%;\" data-midia=\"1201379\">\n        <em>Bruno Spada \/ C\u00e2mara dos Deputados<\/em><\/p>\n<p>        Fernanda Melchionna acusa Eduardo de ser respons\u00e1vel por tarifa\u00e7o de Trump\n        <\/p><\/div>\n<p>        <strong>\u00a0Anula\u00e7\u00e3o<\/strong><br \/>Em entrevista coletiva nesta quarta-feira (17), deputados do PT e do Psol anunciaram que v\u00e3o pedir \u00e0 Procuradoria-Geral da Rep\u00fablica para acionar a Justi\u00e7a e anular a indica\u00e7\u00e3o.<br \/>\n        Os deputados do PT e do Psol tamb\u00e9m devem entregar ao presidente Hugo Motta um abaixo-assinado com 400 mil assinaturas pedindo a cassa\u00e7\u00e3o do mandato de Eduardo Bolsonaro.<br \/>\n        A deputada Fernanda Melchionna (Psol-RS) acusa Eduardo Bolsonaro de ser respons\u00e1vel pela imposi\u00e7\u00e3o de tarifas do governo norte-americano a produtos brasileiros e por san\u00e7\u00f5es contra ministros do Supremo Tribunal Federal (STF) envolvidos no julgamento do ex-presidente Jair Bolsonaro, que foi condenado na semana passada pela participa\u00e7\u00e3o em um golpe de Estado, entre outras acusa\u00e7\u00f5es.<br \/>\n        &#8220;Eduardo Bolsonaro est\u00e1 claramente conspirando contra os interesses do povo brasileiro. Seria pat\u00e9tico se n\u00e3o fosse absurdo blindar um traidor da P\u00e1tria&#8221;, protestou.<br \/>\n        J\u00e1 o l\u00edder do PT, Lindbergh Farias (PT-RJ), reclama que o <span id=\"4203\" class=\"termoGlossario\" title=\"\u00d3rg\u00e3o encarregado de zelar pela observ\u00e2ncia da \u00e9tica e do decoro parlamentar na C\u00e2mara. Compete-lhe instaurar e instruir os processos disciplinares referentes a den\u00fancias de atos incompat\u00edveis com o decoro parlamentar, recomendando ou n\u00e3o puni\u00e7\u00f5es cab\u00edveis aos deputados, que v\u00e3o desde a censura oral at\u00e9 a perda de mandato. Caso recomende puni\u00e7\u00f5es severas, o parecer do conselho dever\u00e1 ser votado pelo Plen\u00e1rio em dois dias, em vota\u00e7\u00e3o secreta. O conselho atua mediante provoca\u00e7\u00e3o da Mesa Diretora, nos casos de instaura\u00e7\u00e3o de processo disciplinar.\" contenteditable=\"false\" data-toggle=\"tooltip\" data-placement=\"top\">Conselho de \u00c9tica e Decoro Parlamentar<\/span> ainda n\u00e3o abriu os processos disciplinares contra Eduardo Bolsonaro solicitados por seu partido e pelo Psol.<\/p>\n<p style=\"font-size: 0.8rem; font-weight: 700;\">Reportagem &#8211; Francisco Brand\u00e3o<br \/>Edi\u00e7\u00e3o &#8211; Wilson Silveira<\/p>\n<\/p><\/div>\n<p><\/a><\/p>\n<p>Fonte: www.camara.leg.br<\/p>\n","protected":false},"excerpt":{"rendered":"<p>17\/09\/2025 &#8211; 19:51 \u00a0 A indica\u00e7\u00e3o do deputado Eduardo Bolsonaro (PL-SP) para a lideran\u00e7a da Minoria na C\u00e2mara dos Deputados segue indefinida. Na ter\u00e7a-feira (16), a deputada Caroline de Toni (PL-SC) anunciou que estava renunciando ao cargo em favor de Eduardo Bolsonaro. A expectativa da oposi\u00e7\u00e3o \u00e9 que Eduardo Bolsonaro, atualmente morando nos Estados Unidos, [&hellip;]<\/p>\n","protected":false},"author":3,"featured_media":4245,"comment_status":"open","ping_status":"open","sticky":false,"template":"","format":"standard","meta":{"advanced_seo_description":"","jetpack_seo_html_title":"","jetpack_seo_noindex":false,"fifu_image_url":"https:\/\/www.camara.leg.br\/midias\/image\/2025\/09\/img20250917180019440-768x473.jpg","fifu_image_alt":"","_jetpack_memberships_contains_paid_content":false,"footnotes":"","jetpack_publicize_message":"","jetpack_publicize_feature_enabled":true,"jetpack_social_post_already_shared":true,"jetpack_social_options":{"image_generator_settings":{"template":"highway","default_image_id":0,"font":"","enabled":false},"version":2}},"categories":[107],"tags":[],"class_list":{"0":"post-4244","1":"post","2":"type-post","3":"status-publish","4":"format-standard","5":"has-post-thumbnail","7":"category-economia"},"jetpack_publicize_connections":[],"jetpack_featured_media_url":"https:\/\/i0.wp.com\/www.camara.leg.br\/midias\/image\/2025\/09\/img20250917180019440-768x473.jpg?fit=%2C&ssl=1","jetpack_sharing_enabled":true,"jetpack-related-posts":[],"_links":{"self":[{"href":"https:\/\/friburgonoticias.com.br\/temp\/wp-json\/wp\/v2\/posts\/4244","targetHints":{"allow":["GET"]}}],"collection":[{"href":"https:\/\/friburgonoticias.com.br\/temp\/wp-json\/wp\/v2\/posts"}],"about":[{"href":"https:\/\/friburgonoticias.com.br\/temp\/wp-json\/wp\/v2\/types\/post"}],"author":[{"embeddable":true,"href":"https:\/\/friburgonoticias.com.br\/temp\/wp-json\/wp\/v2\/users\/3"}],"replies":[{"embeddable":true,"href":"https:\/\/friburgonoticias.com.br\/temp\/wp-json\/wp\/v2\/comments?post=4244"}],"version-history":[{"count":0,"href":"https:\/\/friburgonoticias.com.br\/temp\/wp-json\/wp\/v2\/posts\/4244\/revisions"}],"wp:featuredmedia":[{"embeddable":true,"href":"https:\/\/friburgonoticias.com.br\/temp\/wp-json\/wp\/v2\/media\/4245"}],"wp:attachment":[{"href":"https:\/\/friburgonoticias.com.br\/temp\/wp-json\/wp\/v2\/media?parent=4244"}],"wp:term":[{"taxonomy":"category","embeddable":true,"href":"https:\/\/friburgonoticias.com.br\/temp\/wp-json\/wp\/v2\/categories?post=4244"},{"taxonomy":"post_tag","embeddable":true,"href":"https:\/\/friburgonoticias.com.br\/temp\/wp-json\/wp\/v2\/tags?post=4244"}],"curies":[{"name":"wp","href":"https:\/\/api.w.org\/{rel}","templated":true}]}}