{"id":4256,"date":"2025-09-18T10:23:15","date_gmt":"2025-09-18T10:23:15","guid":{"rendered":"https:\/\/friburgonoticias.com.br\/temp\/2025\/09\/18\/seif-aciona-tcu-contra-contrato-milionario-da-caixa-com-peninha\/"},"modified":"2025-09-18T10:23:15","modified_gmt":"2025-09-18T10:23:15","slug":"seif-aciona-tcu-contra-contrato-milionario-da-caixa-com-peninha","status":"publish","type":"post","link":"https:\/\/friburgonoticias.com.br\/temp\/2025\/09\/18\/seif-aciona-tcu-contra-contrato-milionario-da-caixa-com-peninha\/","title":{"rendered":"Seif aciona TCU contra contrato milion\u00e1rio da Caixa com Peninha"},"content":{"rendered":"<p><\/p>\n<div id=\"hd80s9wa1h892edh8192\">\n        O senador Jorge Seif (PL-SC) pediu ao <strong><a href=\"https:\/\/portal.tcu.gov.br\/\" target=\"_blank\" rel=\"noreferrer noopener\">Tribunal de Contas da Uni\u00e3o (TCU)<\/a><\/strong> a suspens\u00e3o imediata de um contrato firmado pela Caixa Econ\u00f4mica Federal com a empresa PEN Publica\u00e7\u00f5es Ltda., controlada pelo jornalista Eduardo Bueno, o Peninha.<\/p>\n<p>O acordo, no valor de R$ 3,27 milh\u00f5es, prev\u00ea a atualiza\u00e7\u00e3o de livros escritos pelo autor, al\u00e9m da produ\u00e7\u00e3o de uma webs\u00e9rie em edi\u00e7\u00e3o bil\u00edngue digital.<\/p>\n<p><strong>+ Leia mais not\u00edcias de <a href=\"https:\/\/revistaoeste.com\/politica\/\" target=\"_blank\" rel=\"noreferrer noopener\">Pol\u00edtica<\/a> em Oeste<\/strong><\/p>\n<p>Segundo o parlamentar, a Caixa violou princ\u00edpios de transpar\u00eancia ao dispensar licita\u00e7\u00e3o sem justificar de forma adequada a exclusividade do contrato. Para ele, partes do projeto poderiam ser contratadas separadamente, por meio de disputa p\u00fablica.<\/p>\n<p><strong><a href=\"https:\/\/revistaoeste.com\/politica\/caixa-se-manifesta-sobre-contrato-milionario-com-jornalista-que-festejou-morte-de-charlie-kirk\/\" target=\"_blank\" rel=\"noreferrer noopener\">A Caixa firmou o contrato para celebrar os 165 anos que o banco completa em janeiro de 2026<\/a><\/strong>. Peninha j\u00e1 publicou dois livros sobre a hist\u00f3ria da institui\u00e7\u00e3o: um em 2002 e outro em 2010. A nova contrata\u00e7\u00e3o abrange reedi\u00e7\u00f5es, tradu\u00e7\u00f5es e at\u00e9 conte\u00fado audiovisual.<\/p>\n<p>Seif sustenta que a inexigibilidade apresentada pelo banco estatal n\u00e3o comprova a impossibilidade de concorr\u00eancia em todas as etapas envolvidas.<\/p>\n<figure class=\"wp-block-embed aligncenter is-type-video is-provider-youtube wp-block-embed-youtube wp-embed-aspect-16-9 wp-has-aspect-ratio\">\n<div class=\"wp-block-embed__wrapper\">\n<div class=\"perfmatters-lazy-youtube\" data-src=\"https:\/\/www.youtube.com\/embed\/lpYC8zC6LHY\" data-id=\"lpYC8zC6LHY\" data-query=\"feature=oembed\" onclick=\"perfmattersLazyLoadYouTube(this);\">\n<div><img loading=\"lazy\" decoding=\"async\" alt=\"YouTube video\" width=\"480\" height=\"360\" data-pin-nopin=\"true\" nopin=\"nopin\" class=\"perfmatters-lazy\" src=\"https:\/\/i.ytimg.com\/vi\/lpYC8zC6LHY\/hqdefault.jpg\"\/><img loading=\"lazy\" decoding=\"async\" src=\"https:\/\/i.ytimg.com\/vi\/lpYC8zC6LHY\/hqdefault.jpg\" alt=\"YouTube video\" width=\"480\" height=\"360\" data-pin-nopin=\"true\" nopin=\"nopin\"\/><\/div>\n<\/div>\n<p><noscript><iframe loading=\"lazy\" title=\"Augusto desmonta narrativa de &#039;historiador&#039; e exp\u00f5e rela\u00e7\u00e3o profissional ca\u00f3tica com Eduardo Bueno\" width=\"1170\" height=\"658\" src=\"https:\/\/www.youtube.com\/embed\/lpYC8zC6LHY?feature=oembed\" frameborder=\"0\" allow=\"accelerometer; autoplay; clipboard-write; encrypted-media; gyroscope; picture-in-picture; web-share\" referrerpolicy=\"strict-origin-when-cross-origin\" allowfullscreen><\/iframe><\/noscript>\n<\/div>\n<\/figure>\n<p>\u201cN\u00e3o \u00e9 aceit\u00e1vel que um banco p\u00fablico, que lida com o dinheiro de milh\u00f5es de brasileiros, assine um contrato milion\u00e1rio sem transpar\u00eancia e sem demonstrar que esse valor \u00e9 justo\u201d, disse Seif. \u201cO TCU precisa agir com urg\u00eancia.\u201d<\/p>\n<p>Al\u00e9m disso, ele levantou suspeitas sobre a pr\u00f3pria estrutura da empresa contratada, que estaria registrada em endere\u00e7o residencial. Para o congressista, isso eleva os riscos de fraude e de descumprimento contratual.<\/p>\n<h2 class=\"wp-block-heading\" id=\"h-peninha-se-envolve-em-polemica-depois-do-assassinato-de-kirk\"><strong>Peninha se envolve em pol\u00eamica depois do assassinato de Kirk<\/strong><\/h2>\n<p>Paralelamente \u00e0 den\u00fancia, Eduardo Bueno virou alvo de cr\u00edticas nas redes sociais depois de comentar a morte de Charlie Kirk. O l\u00edder conservador recebeu um tiro no pesco\u00e7o durante uma palestra na Utah Valley University, no Estados Unidos.<\/p>\n<p><strong>+ Leia tamb\u00e9m: <a href=\"https:\/\/revistaoeste.com\/politica\/peninha-e-alvo-de-mais-duas-acoes-por-post-sobre-morte-de-charlie-kirk\/\" target=\"_blank\" rel=\"noreferrer noopener\">\u201cPeninha \u00e9 alvo de mais duas a\u00e7\u00f5es por <em>post<\/em> sobre morte de Charlie Kirk\u201d<\/a><\/strong><\/p>\n<p>Em v\u00eddeo publicado, Peninha reagiu ao crime com sarcasmo. Ele ironizou o homic\u00eddio dizendo que \u201c\u00e9 terr\u00edvel um ativista ser morto por ideias, exceto quando \u00e9 Charlie Kirk\u201d. Na grava\u00e7\u00e3o, ele ainda sorri e aplaude. A cena gerou forte repercuss\u00e3o entre parlamentares e internautas.<\/p><\/div>\n<p><\/a><\/p>\n<p>Fonte: revistaoeste.com<\/p>\n","protected":false},"excerpt":{"rendered":"<p>O senador Jorge Seif (PL-SC) pediu ao Tribunal de Contas da Uni\u00e3o (TCU) a suspens\u00e3o imediata de um contrato firmado pela Caixa Econ\u00f4mica Federal com a empresa PEN Publica\u00e7\u00f5es Ltda., controlada pelo jornalista Eduardo Bueno, o Peninha. O acordo, no valor de R$ 3,27 milh\u00f5es, prev\u00ea a atualiza\u00e7\u00e3o de livros escritos pelo autor, al\u00e9m da [&hellip;]<\/p>\n","protected":false},"author":3,"featured_media":4257,"comment_status":"open","ping_status":"open","sticky":false,"template":"","format":"standard","meta":{"advanced_seo_description":"","jetpack_seo_html_title":"","jetpack_seo_noindex":false,"fifu_image_url":"https:\/\/medias.revistaoeste.com\/wp-content\/uploads\/2024\/04\/jorge-seif-tse.jpg","fifu_image_alt":"","_jetpack_memberships_contains_paid_content":false,"footnotes":"","jetpack_publicize_message":"","jetpack_publicize_feature_enabled":true,"jetpack_social_post_already_shared":true,"jetpack_social_options":{"image_generator_settings":{"template":"highway","default_image_id":0,"font":"","enabled":false},"version":2}},"categories":[106,1],"tags":[],"class_list":{"0":"post-4256","1":"post","2":"type-post","3":"status-publish","4":"format-standard","5":"has-post-thumbnail","7":"category-politica","8":"category-uncategorized"},"jetpack_publicize_connections":[],"jetpack_featured_media_url":"https:\/\/i0.wp.com\/medias.revistaoeste.com\/wp-content\/uploads\/2024\/04\/jorge-seif-tse.jpg?fit=%2C&ssl=1","jetpack_sharing_enabled":true,"jetpack-related-posts":[],"_links":{"self":[{"href":"https:\/\/friburgonoticias.com.br\/temp\/wp-json\/wp\/v2\/posts\/4256","targetHints":{"allow":["GET"]}}],"collection":[{"href":"https:\/\/friburgonoticias.com.br\/temp\/wp-json\/wp\/v2\/posts"}],"about":[{"href":"https:\/\/friburgonoticias.com.br\/temp\/wp-json\/wp\/v2\/types\/post"}],"author":[{"embeddable":true,"href":"https:\/\/friburgonoticias.com.br\/temp\/wp-json\/wp\/v2\/users\/3"}],"replies":[{"embeddable":true,"href":"https:\/\/friburgonoticias.com.br\/temp\/wp-json\/wp\/v2\/comments?post=4256"}],"version-history":[{"count":0,"href":"https:\/\/friburgonoticias.com.br\/temp\/wp-json\/wp\/v2\/posts\/4256\/revisions"}],"wp:featuredmedia":[{"embeddable":true,"href":"https:\/\/friburgonoticias.com.br\/temp\/wp-json\/wp\/v2\/media\/4257"}],"wp:attachment":[{"href":"https:\/\/friburgonoticias.com.br\/temp\/wp-json\/wp\/v2\/media?parent=4256"}],"wp:term":[{"taxonomy":"category","embeddable":true,"href":"https:\/\/friburgonoticias.com.br\/temp\/wp-json\/wp\/v2\/categories?post=4256"},{"taxonomy":"post_tag","embeddable":true,"href":"https:\/\/friburgonoticias.com.br\/temp\/wp-json\/wp\/v2\/tags?post=4256"}],"curies":[{"name":"wp","href":"https:\/\/api.w.org\/{rel}","templated":true}]}}