{"id":4262,"date":"2025-09-18T11:56:07","date_gmt":"2025-09-18T11:56:07","guid":{"rendered":"https:\/\/friburgonoticias.com.br\/temp\/2025\/09\/18\/comissao-da-camara-discute-combate-ao-garimpo-ilegal-e-denuncias-de-abusos-em-roraima-noticias\/"},"modified":"2025-09-18T11:56:07","modified_gmt":"2025-09-18T11:56:07","slug":"comissao-da-camara-discute-combate-ao-garimpo-ilegal-e-denuncias-de-abusos-em-roraima-noticias","status":"publish","type":"post","link":"https:\/\/friburgonoticias.com.br\/temp\/2025\/09\/18\/comissao-da-camara-discute-combate-ao-garimpo-ilegal-e-denuncias-de-abusos-em-roraima-noticias\/","title":{"rendered":"Comiss\u00e3o da C\u00e2mara discute combate ao garimpo ilegal e den\u00fancias de abusos em Roraima &#8211; Not\u00edcias"},"content":{"rendered":"<p><\/p>\n<div>\n<div>\n<p class=\"g-artigo__data-hora\">\n                      18\/09\/2025 &#8211; 08:05 \u00a0\n                    <\/p>\n<div id=\"image-container-969914\" class=\"image-container\" style=\"float: none; margin: 45px 0px; width: 100%;\" data-midia=\"969914\">\n        <em>Fernando Fraz\u00e3o\/Ag\u00eancia Brasil<\/em><\/p>\n<p>        Garimpo ilegal em terra Yanomami ao longo do rio Mucaja\u00ed\n        <\/p><\/div>\n<p>        A Comiss\u00e3o da Amaz\u00f4nia e dos Povos Origin\u00e1rios e Tradicionais da C\u00e2mara dos Deputados discutir\u00e1, nesta quinta-feira (18), as a\u00e7\u00f5es da Casa de Governo voltadas ao combate ao garimpo ilegal. Tamb\u00e9m ser\u00e3o discutidas den\u00fancias de abusos cometidos em Roraima contra moradores e servidores p\u00fablicos na regi\u00e3o dos munic\u00edpios de Mucaja\u00ed e Alto Alegre, especialmente na Vila Sama\u00fama.<br \/>\n        A Casa de Governo foi criada pela Uni\u00e3o, em 2024, para gerenciar a atua\u00e7\u00e3o integrada de \u00f3rg\u00e3os como Pol\u00edcia Federal, Funda\u00e7\u00e3o Nacional dos Povos Ind\u00edgenas (Funai), Instituto Brasileiro do Meio Ambiente e dos Recursos Naturais Renov\u00e1veis (Ibama) e v\u00e1rios minist\u00e9rios.<br \/>\n        O debate foi solicitado pelo deputado Defensor St\u00e9lio Dener (Republicanos-RR) e est\u00e1 marcado para as 10 horas, no plen\u00e1rio 12.<\/p>\n<p style=\"font-size: 0.8rem; font-weight: 700;\">Da Reda\u00e7\u00e3o &#8211; ND<\/p>\n<\/p><\/div>\n<\/p><\/div>\n<p><\/a><\/p>\n<p>Fonte: www.camara.leg.br<\/p>\n","protected":false},"excerpt":{"rendered":"<p>18\/09\/2025 &#8211; 08:05 \u00a0 Fernando Fraz\u00e3o\/Ag\u00eancia Brasil Garimpo ilegal em terra Yanomami ao longo do rio Mucaja\u00ed A Comiss\u00e3o da Amaz\u00f4nia e dos Povos Origin\u00e1rios e Tradicionais da C\u00e2mara dos Deputados discutir\u00e1, nesta quinta-feira (18), as a\u00e7\u00f5es da Casa de Governo voltadas ao combate ao garimpo ilegal. Tamb\u00e9m ser\u00e3o discutidas den\u00fancias de abusos cometidos em [&hellip;]<\/p>\n","protected":false},"author":3,"featured_media":4263,"comment_status":"open","ping_status":"open","sticky":false,"template":"","format":"standard","meta":{"advanced_seo_description":"","jetpack_seo_html_title":"","jetpack_seo_noindex":false,"fifu_image_url":"https:\/\/www.camara.leg.br\/midias\/image\/2023\/06\/img20230213095836910-768x512.jpg","fifu_image_alt":"","_jetpack_memberships_contains_paid_content":false,"footnotes":"","jetpack_publicize_message":"","jetpack_publicize_feature_enabled":true,"jetpack_social_post_already_shared":true,"jetpack_social_options":{"image_generator_settings":{"template":"highway","default_image_id":0,"font":"","enabled":false},"version":2}},"categories":[106,1],"tags":[],"class_list":{"0":"post-4262","1":"post","2":"type-post","3":"status-publish","4":"format-standard","5":"has-post-thumbnail","7":"category-politica","8":"category-uncategorized"},"jetpack_publicize_connections":[],"jetpack_featured_media_url":"https:\/\/i0.wp.com\/www.camara.leg.br\/midias\/image\/2023\/06\/img20230213095836910-768x512.jpg?fit=%2C&ssl=1","jetpack_sharing_enabled":true,"jetpack-related-posts":[],"_links":{"self":[{"href":"https:\/\/friburgonoticias.com.br\/temp\/wp-json\/wp\/v2\/posts\/4262","targetHints":{"allow":["GET"]}}],"collection":[{"href":"https:\/\/friburgonoticias.com.br\/temp\/wp-json\/wp\/v2\/posts"}],"about":[{"href":"https:\/\/friburgonoticias.com.br\/temp\/wp-json\/wp\/v2\/types\/post"}],"author":[{"embeddable":true,"href":"https:\/\/friburgonoticias.com.br\/temp\/wp-json\/wp\/v2\/users\/3"}],"replies":[{"embeddable":true,"href":"https:\/\/friburgonoticias.com.br\/temp\/wp-json\/wp\/v2\/comments?post=4262"}],"version-history":[{"count":0,"href":"https:\/\/friburgonoticias.com.br\/temp\/wp-json\/wp\/v2\/posts\/4262\/revisions"}],"wp:featuredmedia":[{"embeddable":true,"href":"https:\/\/friburgonoticias.com.br\/temp\/wp-json\/wp\/v2\/media\/4263"}],"wp:attachment":[{"href":"https:\/\/friburgonoticias.com.br\/temp\/wp-json\/wp\/v2\/media?parent=4262"}],"wp:term":[{"taxonomy":"category","embeddable":true,"href":"https:\/\/friburgonoticias.com.br\/temp\/wp-json\/wp\/v2\/categories?post=4262"},{"taxonomy":"post_tag","embeddable":true,"href":"https:\/\/friburgonoticias.com.br\/temp\/wp-json\/wp\/v2\/tags?post=4262"}],"curies":[{"name":"wp","href":"https:\/\/api.w.org\/{rel}","templated":true}]}}