{"id":4270,"date":"2025-09-18T14:22:47","date_gmt":"2025-09-18T14:22:47","guid":{"rendered":"https:\/\/friburgonoticias.com.br\/temp\/2025\/09\/18\/alerj-aprova-mudancas-na-tributacao-do-setor-da-moda-no-estado\/"},"modified":"2025-09-18T14:22:47","modified_gmt":"2025-09-18T14:22:47","slug":"alerj-aprova-mudancas-na-tributacao-do-setor-da-moda-no-estado","status":"publish","type":"post","link":"https:\/\/friburgonoticias.com.br\/temp\/2025\/09\/18\/alerj-aprova-mudancas-na-tributacao-do-setor-da-moda-no-estado\/","title":{"rendered":"Alerj aprova mudan\u00e7as na tributa\u00e7\u00e3o do setor da moda no estado"},"content":{"rendered":"<p><\/p>\n<div itemprop=\"articleBody\">\nA <a href=\"https:\/\/www.alerj.rj.gov.br\/\" target=\"_blank\" rel=\"noopener\">Assembleia Legislativa do Rio (Alerj) <\/a>aprovou, nesta quinta-feira (18), em discuss\u00e3o \u00fanica e em regime de urg\u00eancia, o projeto de lei que prop\u00f5e mudan\u00e7as no regime especial de tributa\u00e7\u00e3o do<a href=\"https:\/\/temporealrj.com\/no-dia-do-alfaiate-a-historia-do-angolano-que-ha-30-anos-mantem-tradicao-sob-medida-no-rio\/\"> setor da moda no estado<\/a>. Ser\u00e3o afetadas as ind\u00fastrias t\u00eaxteis, de confec\u00e7\u00f5es e de aviamentos.<\/p>\n<p>A proposta, de autoria do deputado Andr\u00e9 Corr\u00eaa (PP), modifica a chamada Lei da Moda (6.331\/12) e agora segue para san\u00e7\u00e3o ou veto do governador Cl\u00e1udio Castro (PL).<\/p>\n<p>O texto n\u00e3o altera a al\u00edquota efetiva de ICMS, que permanece em 2,5%, mas muda a forma de c\u00e1lculo. Em vez de aplicar diretamente a carga tribut\u00e1ria reduzida, os contribuintes poder\u00e3o se valer de cr\u00e9ditos presumidos para alcan\u00e7ar o mesmo percentual.<\/p>\n<p>Segundo o autor, a altera\u00e7\u00e3o n\u00e3o representa redu\u00e7\u00e3o da arrecada\u00e7\u00e3o, mas busca simplificar o sistema e oferecer maior seguran\u00e7a jur\u00eddica ao setor.<\/p>\n<p>\u201cO que estamos fazendo \u00e9 apenas deixar claro que o benef\u00edcio fiscal concedido em 2012 se d\u00e1 por meio de cr\u00e9dito presumido. Isso facilita a utiliza\u00e7\u00e3o pelas empresas, sem ampliar o incentivo original\u201d, explicou Corr\u00eaa.\n<\/p><\/div>\n<p><\/a><\/p>\n<p>Fonte: temporealrj.com<\/p>\n","protected":false},"excerpt":{"rendered":"<p>A Assembleia Legislativa do Rio (Alerj) aprovou, nesta quinta-feira (18), em discuss\u00e3o \u00fanica e em regime de urg\u00eancia, o projeto de lei que prop\u00f5e mudan\u00e7as no regime especial de tributa\u00e7\u00e3o do setor da moda no estado. Ser\u00e3o afetadas as ind\u00fastrias t\u00eaxteis, de confec\u00e7\u00f5es e de aviamentos. A proposta, de autoria do deputado Andr\u00e9 Corr\u00eaa (PP), [&hellip;]<\/p>\n","protected":false},"author":3,"featured_media":4271,"comment_status":"open","ping_status":"open","sticky":false,"template":"","format":"standard","meta":{"advanced_seo_description":"","jetpack_seo_html_title":"","jetpack_seo_noindex":false,"fifu_image_url":"https:\/\/temporealrj.com\/wp-content\/uploads\/2025\/09\/clothes-3987460_1280-e1758201450181.jpg","fifu_image_alt":"","_jetpack_memberships_contains_paid_content":false,"footnotes":"","jetpack_publicize_message":"","jetpack_publicize_feature_enabled":true,"jetpack_social_post_already_shared":true,"jetpack_social_options":{"image_generator_settings":{"template":"highway","default_image_id":0,"font":"","enabled":false},"version":2}},"categories":[107],"tags":[],"class_list":{"0":"post-4270","1":"post","2":"type-post","3":"status-publish","4":"format-standard","5":"has-post-thumbnail","7":"category-economia"},"jetpack_publicize_connections":[],"jetpack_featured_media_url":"https:\/\/i0.wp.com\/temporealrj.com\/wp-content\/uploads\/2025\/09\/clothes-3987460_1280-e1758201450181.jpg?fit=%2C&ssl=1","jetpack_sharing_enabled":true,"jetpack-related-posts":[],"_links":{"self":[{"href":"https:\/\/friburgonoticias.com.br\/temp\/wp-json\/wp\/v2\/posts\/4270","targetHints":{"allow":["GET"]}}],"collection":[{"href":"https:\/\/friburgonoticias.com.br\/temp\/wp-json\/wp\/v2\/posts"}],"about":[{"href":"https:\/\/friburgonoticias.com.br\/temp\/wp-json\/wp\/v2\/types\/post"}],"author":[{"embeddable":true,"href":"https:\/\/friburgonoticias.com.br\/temp\/wp-json\/wp\/v2\/users\/3"}],"replies":[{"embeddable":true,"href":"https:\/\/friburgonoticias.com.br\/temp\/wp-json\/wp\/v2\/comments?post=4270"}],"version-history":[{"count":0,"href":"https:\/\/friburgonoticias.com.br\/temp\/wp-json\/wp\/v2\/posts\/4270\/revisions"}],"wp:featuredmedia":[{"embeddable":true,"href":"https:\/\/friburgonoticias.com.br\/temp\/wp-json\/wp\/v2\/media\/4271"}],"wp:attachment":[{"href":"https:\/\/friburgonoticias.com.br\/temp\/wp-json\/wp\/v2\/media?parent=4270"}],"wp:term":[{"taxonomy":"category","embeddable":true,"href":"https:\/\/friburgonoticias.com.br\/temp\/wp-json\/wp\/v2\/categories?post=4270"},{"taxonomy":"post_tag","embeddable":true,"href":"https:\/\/friburgonoticias.com.br\/temp\/wp-json\/wp\/v2\/tags?post=4270"}],"curies":[{"name":"wp","href":"https:\/\/api.w.org\/{rel}","templated":true}]}}