{"id":4300,"date":"2025-09-19T03:23:22","date_gmt":"2025-09-19T03:23:22","guid":{"rendered":"https:\/\/friburgonoticias.com.br\/temp\/2025\/09\/19\/eua-deixam-padilha-entrar-mas-limitam-circulacao-em-nova-york\/"},"modified":"2025-09-19T03:23:22","modified_gmt":"2025-09-19T03:23:22","slug":"eua-deixam-padilha-entrar-mas-limitam-circulacao-em-nova-york","status":"publish","type":"post","link":"https:\/\/friburgonoticias.com.br\/temp\/2025\/09\/19\/eua-deixam-padilha-entrar-mas-limitam-circulacao-em-nova-york\/","title":{"rendered":"EUA deixam Padilha entrar, mas limitam circula\u00e7\u00e3o em Nova York"},"content":{"rendered":"<p><\/p>\n<div id=\"hd80s9wa1h892edh8192\">\n        O <a href=\"https:\/\/revistaoeste.com\/politica\/ditadura-de-cuba-recebeu-cerca-de-r-5-bi-pelo-mais-medicos-programa-na-mira-dos-eua\/\" target=\"_blank\" rel=\"noreferrer noopener\"><strong>governo dos Estados Unidos (EUA)<\/strong><\/a> autorizou a entrada do ministro da Sa\u00fade, Alexandre Padilha, para a Assembleia-Geral da ONU. Os anfitri\u00f5es, contudo, restringiram a sua circula\u00e7\u00e3o em Nova York. A decis\u00e3o limita os deslocamentos do petista. A regra se aplica \u00e0 fam\u00edlia do brasileiro que o acompanha. O raio de circula\u00e7\u00e3o \u00e9 de at\u00e9 cinco blocos do hotel em que se hospedaram.<\/p>\n<p>Al\u00e9m disso, Padilha pode fazer o trajeto at\u00e9 a sede das Na\u00e7\u00f5es Unidas e at\u00e9 a resid\u00eancia oficial do representante brasileiro na organiza\u00e7\u00e3o. Os EUA comunicaram o Itamaraty de maneira oficial sobre as condi\u00e7\u00f5es. Em agosto, Trump mandou revogar o visto de Padilha, de sua mulher e de sua filha. O motivo foi a atua\u00e7\u00e3o do petista na cria\u00e7\u00e3o do programa Mais M\u00e9dicos, durante o governo Dilma Rousseff.\u00a0<\/p>\n<h2 class=\"wp-block-heading\" id=\"h-eua-padilha-e-suspeito-de-participacao-em-fraude-nbsp\"><strong>EUA: Padilha \u00e9 suspeito de participa\u00e7\u00e3o em fraude\u00a0<\/strong><\/h2>\n<p>Os EUA acusam o governo petista de usar o programa Mais M\u00e9dicos como fachada para financiar o regime ditatorial de Cuba, bem como explorar a m\u00e3o de obra local por meio de <a href=\"https:\/\/revistaoeste.com\/politica\/governo-dos-eua-diz-que-mais-medicos-e-trabalho-forcado\/\" target=\"_blank\" rel=\"noreferrer noopener\"><strong>trabalho for\u00e7ado<\/strong><\/a>. O governo Lula da Silva reagiu ao posicionamento de Washington classificando o epis\u00f3dio como <a href=\"https:\/\/revistaoeste.com\/mundo\/embaixada-dos-eua-no-brasil-define-mais-medicos-como-golpe-diplomatico\/\" target=\"_blank\" rel=\"noreferrer noopener\"><strong>\u2018golpe diplom\u00e1tico\u2019<\/strong><\/a>.\u00a0\u00a0\u00a0<\/p>\n<p>Na pr\u00e1tica, Padilha n\u00e3o p\u00f4de solicitar uma nova autoriza\u00e7\u00e3o de viagem, j\u00e1 que seu visto anterior havia vencido em 2024. Depois da press\u00e3o diplom\u00e1tica, o governo Lula conseguiu uma permiss\u00e3o tempor\u00e1ria para que ele possa participar de compromissos internacionais.<\/p>\n<p><strong>Leia tamb\u00e9m: <\/strong><a href=\"https:\/\/revistaoeste.com\/revista\/edicao-286\/os-americanos-de-olho-na-inquisicao-brasileira\/\" target=\"_blank\" rel=\"noreferrer noopener\"><strong>\u201cOs americanos de olho na Inquisi\u00e7\u00e3o Brasileira\u201d<\/strong><\/a><\/p>\n<p>O ministro deve estar em Washington no dia 29 para a reuni\u00e3o da Organiza\u00e7\u00e3o Pan-Americana de Sa\u00fade e, em seguida, em Nova York, a partir da pr\u00f3xima ter\u00e7a-feira, 23, para o debate da Assembleia-Geral da ONU. Ele foi escalado para integrar uma reuni\u00e3o sobre doen\u00e7as cr\u00f4nicas.<\/p>\n<p>Embora exista um acordo internacional que assegure a presen\u00e7a de representantes estrangeiros em eventos da ONU, a decis\u00e3o final sobre entrada e perman\u00eancia de autoridades continua sendo prerrogativa do governo norte-americano.<\/p>\n<p>+ <strong>Leia mais not\u00edcias de <\/strong><a href=\"https:\/\/revistaoeste.com\/politica\/\" target=\"_blank\" rel=\"noreferrer noopener\"><strong>Pol\u00edtica<\/strong><\/a><strong> na Oeste<\/strong><\/p><\/div>\n<p><\/a><\/p>\n<p>Fonte: revistaoeste.com<\/p>\n","protected":false},"excerpt":{"rendered":"<p>O governo dos Estados Unidos (EUA) autorizou a entrada do ministro da Sa\u00fade, Alexandre Padilha, para a Assembleia-Geral da ONU. Os anfitri\u00f5es, contudo, restringiram a sua circula\u00e7\u00e3o em Nova York. A decis\u00e3o limita os deslocamentos do petista. A regra se aplica \u00e0 fam\u00edlia do brasileiro que o acompanha. O raio de circula\u00e7\u00e3o \u00e9 de at\u00e9 [&hellip;]<\/p>\n","protected":false},"author":3,"featured_media":4301,"comment_status":"open","ping_status":"open","sticky":false,"template":"","format":"standard","meta":{"advanced_seo_description":"","jetpack_seo_html_title":"","jetpack_seo_noindex":false,"fifu_image_url":"https:\/\/medias.revistaoeste.com\/wp-content\/uploads\/2025\/09\/EUA-Padilha.jpeg","fifu_image_alt":"","_jetpack_memberships_contains_paid_content":false,"footnotes":"","jetpack_publicize_message":"","jetpack_publicize_feature_enabled":true,"jetpack_social_post_already_shared":true,"jetpack_social_options":{"image_generator_settings":{"template":"highway","default_image_id":0,"font":"","enabled":false},"version":2}},"categories":[106,1],"tags":[],"class_list":{"0":"post-4300","1":"post","2":"type-post","3":"status-publish","4":"format-standard","5":"has-post-thumbnail","7":"category-politica","8":"category-uncategorized"},"jetpack_publicize_connections":[],"jetpack_featured_media_url":"https:\/\/i0.wp.com\/medias.revistaoeste.com\/wp-content\/uploads\/2025\/09\/EUA-Padilha.jpeg?fit=%2C&ssl=1","jetpack_sharing_enabled":true,"jetpack-related-posts":[],"_links":{"self":[{"href":"https:\/\/friburgonoticias.com.br\/temp\/wp-json\/wp\/v2\/posts\/4300","targetHints":{"allow":["GET"]}}],"collection":[{"href":"https:\/\/friburgonoticias.com.br\/temp\/wp-json\/wp\/v2\/posts"}],"about":[{"href":"https:\/\/friburgonoticias.com.br\/temp\/wp-json\/wp\/v2\/types\/post"}],"author":[{"embeddable":true,"href":"https:\/\/friburgonoticias.com.br\/temp\/wp-json\/wp\/v2\/users\/3"}],"replies":[{"embeddable":true,"href":"https:\/\/friburgonoticias.com.br\/temp\/wp-json\/wp\/v2\/comments?post=4300"}],"version-history":[{"count":0,"href":"https:\/\/friburgonoticias.com.br\/temp\/wp-json\/wp\/v2\/posts\/4300\/revisions"}],"wp:featuredmedia":[{"embeddable":true,"href":"https:\/\/friburgonoticias.com.br\/temp\/wp-json\/wp\/v2\/media\/4301"}],"wp:attachment":[{"href":"https:\/\/friburgonoticias.com.br\/temp\/wp-json\/wp\/v2\/media?parent=4300"}],"wp:term":[{"taxonomy":"category","embeddable":true,"href":"https:\/\/friburgonoticias.com.br\/temp\/wp-json\/wp\/v2\/categories?post=4300"},{"taxonomy":"post_tag","embeddable":true,"href":"https:\/\/friburgonoticias.com.br\/temp\/wp-json\/wp\/v2\/tags?post=4300"}],"curies":[{"name":"wp","href":"https:\/\/api.w.org\/{rel}","templated":true}]}}