{"id":4324,"date":"2025-09-19T17:04:23","date_gmt":"2025-09-19T17:04:23","guid":{"rendered":"https:\/\/friburgonoticias.com.br\/temp\/2025\/09\/19\/comissao-debate-cobertura-de-planos-de-saude-para-pessoas-autistas-e-neurodivergentes-noticias\/"},"modified":"2025-09-19T17:04:23","modified_gmt":"2025-09-19T17:04:23","slug":"comissao-debate-cobertura-de-planos-de-saude-para-pessoas-autistas-e-neurodivergentes-noticias","status":"publish","type":"post","link":"https:\/\/friburgonoticias.com.br\/temp\/2025\/09\/19\/comissao-debate-cobertura-de-planos-de-saude-para-pessoas-autistas-e-neurodivergentes-noticias\/","title":{"rendered":"Comiss\u00e3o debate cobertura de planos de sa\u00fade para pessoas autistas e neurodivergentes &#8211; Not\u00edcias"},"content":{"rendered":"<p><\/p>\n<div>\n<div>\n<p class=\"g-artigo__data-hora\">\n                      19\/09\/2025 &#8211; 13:55 \u00a0\n                    <\/p>\n<div id=\"image-container-1202175\" class=\"image-container\" style=\"float: none; margin: 45px 0px; width: 100%;\" data-midia=\"1202175\">\n        <em>GettyImages<\/em><\/p>\n<p>        Cobertura para atendimento de sa\u00fade a neurodivergentes \u00e9 tema de a\u00e7\u00f5es em tribunais\n        <\/p><\/div>\n<p>        A Comiss\u00e3o de Sa\u00fade da C\u00e2mara dos Deputados promover\u00e1 audi\u00eancia p\u00fablica, na pr\u00f3xima ter\u00e7a-feira (23), para discutir a cobertura de planos de sa\u00fade para pessoas autistas e outros neurodivergentes.<br \/>\n        O debate ser\u00e1 realizado \u00e0s 17 horas, no plen\u00e1rio 7, e ser\u00e1 interativo.<\/p>\n<p>        A audi\u00eancia foi solicitada por integrantes da Subcomiss\u00e3o de Defesa dos Direitos das Pessoas com Transtorno do Espectro Autista:<\/p>\n<ul>\n<li data-start=\"634\" data-end=\"692\">\n<p data-start=\"636\" data-end=\"692\">deputada Dra. Alessandra Haber (MDB-PA), relatora;<\/p>\n<\/li>\n<li data-start=\"634\" data-end=\"692\">\n<p data-start=\"636\" data-end=\"692\">deputada Iza Arruda (MDB-PE), presidente;<\/p>\n<\/li>\n<li data-start=\"743\" data-end=\"804\">\n<p data-start=\"745\" data-end=\"804\">deputado Amom Mandel (Cidadania-AM), vice-presidente;<\/p>\n<\/li>\n<li data-start=\"805\" data-end=\"875\">\n<p data-start=\"807\" data-end=\"875\">deputado Geraldo Resende (PSDB-MS), integrante da subcomiss\u00e3o.<\/p>\n<\/li>\n<\/ul>\n<p>        <strong>A\u00e7\u00e3o no STJ<\/strong><br \/>O Superior Tribunal de Justi\u00e7a (STJ) julga uma a\u00e7\u00e3o (Tema Repetitivo 1.295) sobre a possibilidade de planos de sa\u00fade limitarem ou recusarem a cobertura de terapias multidisciplinares prescritas para pacientes com Transtorno Global do Desenvolvimento, especialmente o Transtorno do Espectro Autista.<br \/>\n        Como h\u00e1 muitos processos semelhantes e decis\u00f5es divergentes, o STJ vai firmar uma tese que ter\u00e1 efeito vinculante, ou seja, todos os ju\u00edzes dever\u00e3o seguir esse entendimento em casos semelhantes.<\/p>\n<p>        Segundo os parlamentares, o julgamento pode afetar milhares de fam\u00edlias.<br \/>\n        De acordo com o Censo 2022 do Instituto Brasileiro de Geografia e Estat\u00edstica (IBGE), o Brasil tem 2,3 milh\u00f5es de pessoas com diagn\u00f3stico de autismo. Esse n\u00famero pode ser bem maior se forem considerados os casos n\u00e3o diagnosticados.<br \/>\n        \u00a0<br \/>\n        <iframe class=\"infografico-container\" style=\"width: 100%; height: 100%;\" src=\"https:\/\/www.camara.leg.br\/internet\/agencia\/infograficos-html5\/neurodiversidade\/index.html\" frameborder=\"0\" data-mce-fragment=\"1\"><\/iframe><br \/>\n        \u00a0<\/p>\n<p style=\"font-size: 0.8rem; font-weight: 700;\">Da Reda\u00e7\u00e3o &#8211; ND<\/p>\n<\/p><\/div>\n<\/p><\/div>\n<p><\/a><\/p>\n<p>Fonte: www.camara.leg.br<\/p>\n","protected":false},"excerpt":{"rendered":"<p>19\/09\/2025 &#8211; 13:55 \u00a0 GettyImages Cobertura para atendimento de sa\u00fade a neurodivergentes \u00e9 tema de a\u00e7\u00f5es em tribunais A Comiss\u00e3o de Sa\u00fade da C\u00e2mara dos Deputados promover\u00e1 audi\u00eancia p\u00fablica, na pr\u00f3xima ter\u00e7a-feira (23), para discutir a cobertura de planos de sa\u00fade para pessoas autistas e outros neurodivergentes. O debate ser\u00e1 realizado \u00e0s 17 horas, no [&hellip;]<\/p>\n","protected":false},"author":3,"featured_media":4325,"comment_status":"open","ping_status":"open","sticky":false,"template":"","format":"standard","meta":{"advanced_seo_description":"","jetpack_seo_html_title":"","jetpack_seo_noindex":false,"fifu_image_url":"https:\/\/www.camara.leg.br\/midias\/image\/2025\/09\/gettyimages-2225353012-768x405.jpg","fifu_image_alt":"","_jetpack_memberships_contains_paid_content":false,"footnotes":"","jetpack_publicize_message":"","jetpack_publicize_feature_enabled":true,"jetpack_social_post_already_shared":true,"jetpack_social_options":{"image_generator_settings":{"template":"highway","default_image_id":0,"font":"","enabled":false},"version":2}},"categories":[106,1],"tags":[],"class_list":{"0":"post-4324","1":"post","2":"type-post","3":"status-publish","4":"format-standard","5":"has-post-thumbnail","7":"category-politica","8":"category-uncategorized"},"jetpack_publicize_connections":[],"jetpack_featured_media_url":"https:\/\/i0.wp.com\/www.camara.leg.br\/midias\/image\/2025\/09\/gettyimages-2225353012-768x405.jpg?fit=%2C&ssl=1","jetpack_sharing_enabled":true,"jetpack-related-posts":[],"_links":{"self":[{"href":"https:\/\/friburgonoticias.com.br\/temp\/wp-json\/wp\/v2\/posts\/4324","targetHints":{"allow":["GET"]}}],"collection":[{"href":"https:\/\/friburgonoticias.com.br\/temp\/wp-json\/wp\/v2\/posts"}],"about":[{"href":"https:\/\/friburgonoticias.com.br\/temp\/wp-json\/wp\/v2\/types\/post"}],"author":[{"embeddable":true,"href":"https:\/\/friburgonoticias.com.br\/temp\/wp-json\/wp\/v2\/users\/3"}],"replies":[{"embeddable":true,"href":"https:\/\/friburgonoticias.com.br\/temp\/wp-json\/wp\/v2\/comments?post=4324"}],"version-history":[{"count":0,"href":"https:\/\/friburgonoticias.com.br\/temp\/wp-json\/wp\/v2\/posts\/4324\/revisions"}],"wp:featuredmedia":[{"embeddable":true,"href":"https:\/\/friburgonoticias.com.br\/temp\/wp-json\/wp\/v2\/media\/4325"}],"wp:attachment":[{"href":"https:\/\/friburgonoticias.com.br\/temp\/wp-json\/wp\/v2\/media?parent=4324"}],"wp:term":[{"taxonomy":"category","embeddable":true,"href":"https:\/\/friburgonoticias.com.br\/temp\/wp-json\/wp\/v2\/categories?post=4324"},{"taxonomy":"post_tag","embeddable":true,"href":"https:\/\/friburgonoticias.com.br\/temp\/wp-json\/wp\/v2\/tags?post=4324"}],"curies":[{"name":"wp","href":"https:\/\/api.w.org\/{rel}","templated":true}]}}