{"id":4336,"date":"2025-09-19T19:55:55","date_gmt":"2025-09-19T19:55:55","guid":{"rendered":"https:\/\/friburgonoticias.com.br\/temp\/2025\/09\/19\/entra-em-vigor-lei-que-cria-selo-cidade-mulher-noticias\/"},"modified":"2025-09-19T19:55:55","modified_gmt":"2025-09-19T19:55:55","slug":"entra-em-vigor-lei-que-cria-selo-cidade-mulher-noticias","status":"publish","type":"post","link":"https:\/\/friburgonoticias.com.br\/temp\/2025\/09\/19\/entra-em-vigor-lei-que-cria-selo-cidade-mulher-noticias\/","title":{"rendered":"Entra em vigor lei que cria &#8216;Selo Cidade Mulher&#8217; &#8211; Not\u00edcias"},"content":{"rendered":"<p><\/p>\n<div>\n<div>\n<p class=\"g-artigo__data-hora\">\n                      19\/09\/2025 &#8211; 16:09 \u00a0\n                    <\/p>\n<div id=\"image-container-1202410\" class=\"image-container\" style=\"float: none; margin: 45px 0px; width: 100%;\" data-midia=\"1202410\">\n        <em>Vinicius Loures \/ C\u00e2mara dos Deputados<\/em><\/p>\n<p>        Nely Aquino, autora da proposta que deu origem \u00e0 lei\n        <\/p><\/div>\n<p>        O presidente Luiz In\u00e1cio Lula da Silva sancionou a <a class=\"linkLegislacao\" href=\"https:\/\/www2.camara.gov.br\/legin\/fed\/lei\/2025\/lei-15214-18-setembro-2025-798001-norma-pl.html\">Lei 15.214\/25<\/a>, que cria o Selo Cidade Mulher. O reconhecimento ser\u00e1 concedido anualmente \u00e0s cidades que promovam pol\u00edticas p\u00fablicas para o bem-estar das mulheres. A norma foi publicada no Di\u00e1rio Oficial da Uni\u00e3o desta sexta-feira (19).<br \/>\n        A avalia\u00e7\u00e3o dos munic\u00edpios levar\u00e1 em conta:<\/p>\n<ul>\n<li>a busca da igualdade efetiva entre mulheres e homens;<\/li>\n<li>o combate \u00e0 discrimina\u00e7\u00e3o;<\/li>\n<li>a universalidade dos servi\u00e7os e benef\u00edcios oferecidos pelo Estado;<\/li>\n<li>a participa\u00e7\u00e3o das mulheres em todas as fases das pol\u00edticas p\u00fablicas; e<\/li>\n<li>a transversalidade como princ\u00edpio orientador das pol\u00edticas p\u00fablicas.<\/li>\n<\/ul>\n<p>        Tamb\u00e9m ser\u00e1 considerada a assinatura do Pacto Nacional pelo Enfrentamento \u00e0 Viol\u00eancia Contra as Mulheres. Entre os pontos avaliados est\u00e3o o combate \u00e0 explora\u00e7\u00e3o sexual de meninas e adolescentes, o enfrentamento ao tr\u00e1fico de mulheres e a promo\u00e7\u00e3o dos direitos humanos de mulheres em situa\u00e7\u00e3o de pris\u00e3o.<br \/>\n        A iniciativa tem origem no PL 2549\/24, da deputada Nely Aquino (Pode-MG). Na vota\u00e7\u00e3o da C\u00e2mara, a autora afirmou:<br \/>\n        \u201cO n\u00famero de mulheres mortas todos os dias \u00e9 enorme no Pa\u00eds. O projeto \u00e9 mais amplo, mas a discuss\u00e3o priorit\u00e1ria \u00e9 em rela\u00e7\u00e3o ao feminic\u00eddio.\u201d<br \/>\n        Caber\u00e1 ao Poder Executivo regulamentar o n\u00famero de selos concedidos a cada ano e os crit\u00e9rios de pontua\u00e7\u00e3o para os munic\u00edpios contemplados.<\/p>\n<p style=\"font-size: 0.8rem; font-weight: 700;\">Da Reda\u00e7\u00e3o &#8211; GM<br \/>Com informa\u00e7\u00f5es da Ag\u00eancia Senado<\/p>\n<\/p><\/div>\n<\/p><\/div>\n<p><\/a><\/p>\n<p>Fonte: www.camara.leg.br<\/p>\n","protected":false},"excerpt":{"rendered":"<p>19\/09\/2025 &#8211; 16:09 \u00a0 Vinicius Loures \/ C\u00e2mara dos Deputados Nely Aquino, autora da proposta que deu origem \u00e0 lei O presidente Luiz In\u00e1cio Lula da Silva sancionou a Lei 15.214\/25, que cria o Selo Cidade Mulher. O reconhecimento ser\u00e1 concedido anualmente \u00e0s cidades que promovam pol\u00edticas p\u00fablicas para o bem-estar das mulheres. A norma [&hellip;]<\/p>\n","protected":false},"author":3,"featured_media":4337,"comment_status":"open","ping_status":"open","sticky":false,"template":"","format":"standard","meta":{"advanced_seo_description":"","jetpack_seo_html_title":"","jetpack_seo_noindex":false,"fifu_image_url":"https:\/\/www.camara.leg.br\/midias\/image\/2025\/09\/img20250916170153620-768x473.jpg","fifu_image_alt":"","_jetpack_memberships_contains_paid_content":false,"footnotes":"","jetpack_publicize_message":"","jetpack_publicize_feature_enabled":true,"jetpack_social_post_already_shared":true,"jetpack_social_options":{"image_generator_settings":{"template":"highway","default_image_id":0,"font":"","enabled":false},"version":2}},"categories":[106,1],"tags":[],"class_list":{"0":"post-4336","1":"post","2":"type-post","3":"status-publish","4":"format-standard","5":"has-post-thumbnail","7":"category-politica","8":"category-uncategorized"},"jetpack_publicize_connections":[],"jetpack_featured_media_url":"https:\/\/i0.wp.com\/www.camara.leg.br\/midias\/image\/2025\/09\/img20250916170153620-768x473.jpg?fit=%2C&ssl=1","jetpack_sharing_enabled":true,"jetpack-related-posts":[],"_links":{"self":[{"href":"https:\/\/friburgonoticias.com.br\/temp\/wp-json\/wp\/v2\/posts\/4336","targetHints":{"allow":["GET"]}}],"collection":[{"href":"https:\/\/friburgonoticias.com.br\/temp\/wp-json\/wp\/v2\/posts"}],"about":[{"href":"https:\/\/friburgonoticias.com.br\/temp\/wp-json\/wp\/v2\/types\/post"}],"author":[{"embeddable":true,"href":"https:\/\/friburgonoticias.com.br\/temp\/wp-json\/wp\/v2\/users\/3"}],"replies":[{"embeddable":true,"href":"https:\/\/friburgonoticias.com.br\/temp\/wp-json\/wp\/v2\/comments?post=4336"}],"version-history":[{"count":0,"href":"https:\/\/friburgonoticias.com.br\/temp\/wp-json\/wp\/v2\/posts\/4336\/revisions"}],"wp:featuredmedia":[{"embeddable":true,"href":"https:\/\/friburgonoticias.com.br\/temp\/wp-json\/wp\/v2\/media\/4337"}],"wp:attachment":[{"href":"https:\/\/friburgonoticias.com.br\/temp\/wp-json\/wp\/v2\/media?parent=4336"}],"wp:term":[{"taxonomy":"category","embeddable":true,"href":"https:\/\/friburgonoticias.com.br\/temp\/wp-json\/wp\/v2\/categories?post=4336"},{"taxonomy":"post_tag","embeddable":true,"href":"https:\/\/friburgonoticias.com.br\/temp\/wp-json\/wp\/v2\/tags?post=4336"}],"curies":[{"name":"wp","href":"https:\/\/api.w.org\/{rel}","templated":true}]}}