{"id":4356,"date":"2025-09-20T21:02:47","date_gmt":"2025-09-20T21:02:47","guid":{"rendered":"https:\/\/friburgonoticias.com.br\/temp\/2025\/09\/20\/a-velha-guarda-pacificadora-e-magica-mario-sabino\/"},"modified":"2025-09-20T21:02:47","modified_gmt":"2025-09-20T21:02:47","slug":"a-velha-guarda-pacificadora-e-magica-mario-sabino","status":"publish","type":"post","link":"https:\/\/friburgonoticias.com.br\/temp\/2025\/09\/20\/a-velha-guarda-pacificadora-e-magica-mario-sabino\/","title":{"rendered":"a velha guarda pacificadora \u00e9 m\u00e1gica \u2014 Mario Sabino"},"content":{"rendered":"<p><\/p>\n<div id=\"hd80s9wa1h892edh8192\">\n        Achei que tivesse voltado no tempo, ao ler que Paulinho da For\u00e7a, A\u00e9cio Neves e Michel Temer haviam se reunido na casa do ex-presidente, em S\u00e3o Paulo, para conversar sobre o PL da Anistia.<\/p>\n<p>Como \u00e9 que pude esquecer que as ressurrei\u00e7\u00f5es n\u00e3o s\u00e3o obra de milagre, mas fato relativamente comum na vida pol\u00edtica brasileira?<\/p>\n<p>+ <strong>Leia mais not\u00edcias de <a href=\"http:\/\/www.revistaoeste.com\/politica\">Pol\u00edtica<\/a> em Oeste<\/strong><\/p>\n<p>No caso de Michel Temer, ali\u00e1s, \u00e9 mais do que inexato falar em ressurrei\u00e7\u00e3o. \u00c9 injusto. Mesmo no papel de lobista do Google, ele nunca deixou de ser visto \u2014 e consultado \u2014 como refer\u00eancia a pairar acima dos partidos e sempre dispon\u00edvel para defender o interesse nacional.<\/p>\n<p>\u00c9 um pacificador. Em julho, por exemplo, ele serviu de bombeiro para evitar que o depoimento de Jair Bolsonaro a Alexandre de Moraes passasse longe das vias de fato.<\/p>\n<p>N\u00e3o foi a primeira vez que Michel Temer atuou para baixar a temperatura entre ambos. Em setembro de 2021, meio arrependido (os arrependimentos dele nunca s\u00e3o totais) de ter chamado Alexandre de Moraes de \u201ccanalha\u201d, durante manifesta\u00e7\u00e3o na Avenida Paulista, Jair Bolsonaro pediu a intercess\u00e3o do seu antecessor no Pal\u00e1cio do Planalto.<\/p>\n<figure class=\"wp-block-image\"><picture><source data-srcset=\"https:\/\/medias.revistaoeste.com\/wp-content\/uploads\/2025\/01\/michel-temer-antonio-cruz-agencia-brasil.jpg.webp 936w, https:\/\/medias.revistaoeste.com\/wp-content\/uploads\/2025\/01\/michel-temer-antonio-cruz-agencia-brasil-300x179.jpg.webp 300w, https:\/\/medias.revistaoeste.com\/wp-content\/uploads\/2025\/01\/michel-temer-antonio-cruz-agencia-brasil-150x90.jpg.webp 150w\" data-sizes=\"(max-width: 936px) 100vw, 936px\" type=\"image\/webp\"><img loading=\"lazy\" decoding=\"async\" width=\"936\" height=\"560\" alt=\"Ex-presidente Michel Temer quer fim do inqu\u00e9rito das fake news | Foto: Antonio Cruz\/Ag\u00eancia Brasil\" class=\"wp-image-1847884 perfmatters-lazy\" data-eio=\"p\" src=\"https:\/\/medias.revistaoeste.com\/wp-content\/uploads\/2025\/01\/michel-temer-antonio-cruz-agencia-brasil.jpg\" srcset=\"https:\/\/medias.revistaoeste.com\/wp-content\/uploads\/2025\/01\/michel-temer-antonio-cruz-agencia-brasil.jpg 936w, https:\/\/medias.revistaoeste.com\/wp-content\/uploads\/2025\/01\/michel-temer-antonio-cruz-agencia-brasil-300x179.jpg 300w, https:\/\/medias.revistaoeste.com\/wp-content\/uploads\/2025\/01\/michel-temer-antonio-cruz-agencia-brasil-150x90.jpg 150w\" data-sizes=\"(max-width: 936px) 100vw, 936px\"\/><img loading=\"lazy\" decoding=\"async\" width=\"936\" height=\"560\" src=\"https:\/\/medias.revistaoeste.com\/wp-content\/uploads\/2025\/01\/michel-temer-antonio-cruz-agencia-brasil.jpg\" alt=\"Ex-presidente Michel Temer quer fim do inqu\u00e9rito das fake news | Foto: Antonio Cruz\/Ag\u00eancia Brasil\" class=\"wp-image-1847884\" srcset=\"https:\/\/medias.revistaoeste.com\/wp-content\/uploads\/2025\/01\/michel-temer-antonio-cruz-agencia-brasil.jpg 936w, https:\/\/medias.revistaoeste.com\/wp-content\/uploads\/2025\/01\/michel-temer-antonio-cruz-agencia-brasil-300x179.jpg 300w, https:\/\/medias.revistaoeste.com\/wp-content\/uploads\/2025\/01\/michel-temer-antonio-cruz-agencia-brasil-150x90.jpg 150w\" sizes=\"auto, (max-width: 936px) 100vw, 936px\" data-eio=\"p\"\/><\/source><\/picture><figcaption class=\"wp-element-caption\">Ex-presidente Michel Temer | Foto: Antonio Cruz\/Ag\u00eancia Brasil<\/figcaption><\/figure>\n<p>Ele foi aconselhado a dar um telefonema ao ministro do STF e a divulgar tamb\u00e9m uma cartinha oficial, negando que tivesse m\u00e1s inten\u00e7\u00f5es \u2014 cartinha, ali\u00e1s, que foi escrita pelo conselheiro Michel Temer. N\u00e3o adiantou muito, \u00e9 verdade, mas o ex-presidente tentou, e a simples tentativa j\u00e1 \u00e9 merit\u00f3ria.<\/p>\n<p>Agora, temos Michel Temer dando um jeito para que n\u00e3o d\u00ea ruim entre a C\u00e2mara e o STF por causa do PL da Anistia.<\/p>\n<p>Paulinho da For\u00e7a estava na casa do ex-presidente para tratar do assunto, porque foi escolhido por Hugo Motta para ser o relator do atual projeto. Por Hugo Motta, n\u00e3o por Alexandre de Moraes, de quem Paulinho da For\u00e7a \u00e9 muito pr\u00f3ximo.<\/p>\n<p><strong>Leia tamb\u00e9m: <a href=\"https:\/\/revistaoeste.com\/revista\/edicao-288\/anistia-ou-anistia\/\">Anistia ou Anistia<\/a>, artigo de Alexandre Garcia publicado na Edi\u00e7\u00e3o 288 da Revista Oeste<\/strong><\/p>\n<p>Quanto a A\u00e9cio Neves, bem, ele est\u00e1 sempre pronto a dar uma m\u00e3o quando h\u00e1 Gilmar Mendes no meio de campo, e s\u00f3 v\u00ea problema nisso quem \u00e9 detrator do Supremo.<\/p>\n<p>Os dois s\u00e3o amigos de longa data, e o decano do STF foi contatado telefonicamente durante a reuni\u00e3o em S\u00e3o Paulo, assim como Alexandre de Moraes.<\/p>\n<p>Conversa vai, conversa vem, a primeira provid\u00eancia foi mudar o nome do PL da Anistia para PL da Dosimetria.<\/p>\n<p>Ao que parece, os dois ministros que d\u00e3o as cartas no STF concordam que o tribunal exagerou tanto na dose quanto na metria ao impor penas t\u00e3o pesadas aos participantes do quebra-quebra de 8 de janeiro.<\/p>\n<p>A concess\u00e3o fica por a\u00ed. Anistia para Jair Bolsonaro, nem pensar, foi \u201cliquidada\u201d, como definiu Paulinho da For\u00e7a. O m\u00e1ximo a que ele pode aspirar, no momento, \u00e9 a permanecer em pris\u00e3o domiciliar.<\/p>\n<p>Redu\u00e7\u00e3o da sua pena de 27 anos? \u201cO problema ter\u00e1 que ser tratado em outro campo, n\u00e3o nesse PL\u201d, avisou Paulinho da For\u00e7a. Mas depende, sempre cabe mais um neste nosso grande Brasil.<\/p>\n<p>Ah, o partido do relator do PL da Anistia\u2026 Ops, do PL da Dosimetria, digo, quer blindar os ministros do STF de <em>impeachment <\/em>e prop\u00f4s uma a\u00e7\u00e3o nesse sentido, antes de Paulinho da For\u00e7a ser escolhido para ser relator. A a\u00e7\u00e3o do Solidariedade est\u00e1 nas m\u00e3os do decano, veja s\u00f3 quantas coincid\u00eancias.<\/p>\n<p>Nada como a velha guarda para pacificar o pa\u00eds. O tempo nunca passa para ela. \u00c9 uma coisa m\u00e1gica.<\/p>\n<p><strong>Leia tamb\u00e9m: <a href=\"https:\/\/revistaoeste.com\/revista\/edicao-288\/a-camara-cria-coragem\/\">A C\u00e2mara cria coragem (apesar do sistema)<\/a>, reportagem de Silvio Navarro publicada na Edi\u00e7\u00e3o 288 da Revista Oeste<\/strong><\/p><\/div>\n<p><\/a><\/p>\n<p>Fonte: revistaoeste.com<\/p>\n","protected":false},"excerpt":{"rendered":"<p>Achei que tivesse voltado no tempo, ao ler que Paulinho da For\u00e7a, A\u00e9cio Neves e Michel Temer haviam se reunido na casa do ex-presidente, em S\u00e3o Paulo, para conversar sobre o PL da Anistia. Como \u00e9 que pude esquecer que as ressurrei\u00e7\u00f5es n\u00e3o s\u00e3o obra de milagre, mas fato relativamente comum na vida pol\u00edtica brasileira? [&hellip;]<\/p>\n","protected":false},"author":3,"featured_media":4357,"comment_status":"open","ping_status":"open","sticky":false,"template":"","format":"standard","meta":{"advanced_seo_description":"","jetpack_seo_html_title":"","jetpack_seo_noindex":false,"fifu_image_url":"https:\/\/medias.revistaoeste.com\/wp-content\/uploads\/2025\/09\/Aecio-e-Temer.jpeg","fifu_image_alt":"","_jetpack_memberships_contains_paid_content":false,"footnotes":"","jetpack_publicize_message":"","jetpack_publicize_feature_enabled":true,"jetpack_social_post_already_shared":true,"jetpack_social_options":{"image_generator_settings":{"template":"highway","default_image_id":0,"font":"","enabled":false},"version":2}},"categories":[106,1],"tags":[],"class_list":{"0":"post-4356","1":"post","2":"type-post","3":"status-publish","4":"format-standard","5":"has-post-thumbnail","7":"category-politica","8":"category-uncategorized"},"jetpack_publicize_connections":[],"jetpack_featured_media_url":"https:\/\/i0.wp.com\/medias.revistaoeste.com\/wp-content\/uploads\/2025\/09\/Aecio-e-Temer.jpeg?fit=%2C&ssl=1","jetpack_sharing_enabled":true,"jetpack-related-posts":[],"_links":{"self":[{"href":"https:\/\/friburgonoticias.com.br\/temp\/wp-json\/wp\/v2\/posts\/4356","targetHints":{"allow":["GET"]}}],"collection":[{"href":"https:\/\/friburgonoticias.com.br\/temp\/wp-json\/wp\/v2\/posts"}],"about":[{"href":"https:\/\/friburgonoticias.com.br\/temp\/wp-json\/wp\/v2\/types\/post"}],"author":[{"embeddable":true,"href":"https:\/\/friburgonoticias.com.br\/temp\/wp-json\/wp\/v2\/users\/3"}],"replies":[{"embeddable":true,"href":"https:\/\/friburgonoticias.com.br\/temp\/wp-json\/wp\/v2\/comments?post=4356"}],"version-history":[{"count":0,"href":"https:\/\/friburgonoticias.com.br\/temp\/wp-json\/wp\/v2\/posts\/4356\/revisions"}],"wp:featuredmedia":[{"embeddable":true,"href":"https:\/\/friburgonoticias.com.br\/temp\/wp-json\/wp\/v2\/media\/4357"}],"wp:attachment":[{"href":"https:\/\/friburgonoticias.com.br\/temp\/wp-json\/wp\/v2\/media?parent=4356"}],"wp:term":[{"taxonomy":"category","embeddable":true,"href":"https:\/\/friburgonoticias.com.br\/temp\/wp-json\/wp\/v2\/categories?post=4356"},{"taxonomy":"post_tag","embeddable":true,"href":"https:\/\/friburgonoticias.com.br\/temp\/wp-json\/wp\/v2\/tags?post=4356"}],"curies":[{"name":"wp","href":"https:\/\/api.w.org\/{rel}","templated":true}]}}