{"id":4394,"date":"2025-09-22T13:55:33","date_gmt":"2025-09-22T13:55:33","guid":{"rendered":"https:\/\/friburgonoticias.com.br\/temp\/2025\/09\/22\/dino-adia-julgamento-sobre-calculo-da-aposentadoria-por-invalidez\/"},"modified":"2025-09-22T13:55:33","modified_gmt":"2025-09-22T13:55:33","slug":"dino-adia-julgamento-sobre-calculo-da-aposentadoria-por-invalidez","status":"publish","type":"post","link":"https:\/\/friburgonoticias.com.br\/temp\/2025\/09\/22\/dino-adia-julgamento-sobre-calculo-da-aposentadoria-por-invalidez\/","title":{"rendered":"Dino adia julgamento sobre c\u00e1lculo da aposentadoria por invalidez"},"content":{"rendered":"<p><\/p>\n<div id=\"hd80s9wa1h892edh8192\">\n        O ministro Fl\u00e1vio Dino, do <strong><a href=\"https:\/\/revistaoeste.com\/tag\/supremo-tribunal-federal-stf\/\" target=\"_blank\" rel=\"noreferrer noopener\">Supremo Tribunal Federal (STF)<\/a><\/strong>, suspendeu a an\u00e1lise de uma a\u00e7\u00e3o que questiona as regras atuais para o c\u00e1lculo da aposentadoria por invalidez. O magistrado pediu vista e ter\u00e1 at\u00e9 90 dias para devolver o processo com seu voto.<\/p>\n<p>A discuss\u00e3o gira em torno do redutor de 40% aplicado ao benef\u00edcio, rebatizado depois da reforma como \u201caposentadoria por incapacidade permanente\u201d. Os ministros v\u00e3o decidir se a nova f\u00f3rmula imposta pela Emenda Constitucional 103, de 2019, \u00e9 compat\u00edvel com a Constitui\u00e7\u00e3o.<\/p>\n<p><strong>+ Leia mais not\u00edcias de <a href=\"https:\/\/revistaoeste.com\/politica\/\" target=\"_blank\" rel=\"noreferrer noopener\">Pol\u00edtica<\/a> em Oeste <\/strong><\/p>\n<p>Relator da mat\u00e9ria, o ministro Lu\u00eds Roberto Barroso j\u00e1 votou favoravelmente \u00e0 manuten\u00e7\u00e3o do modelo atual. A posi\u00e7\u00e3o dele recebeu o apoio de Alexandre de Moraes, Gilmar Mendes e Cristiano Zanin. Barroso prop\u00f5e manter o c\u00e1lculo de 60% da m\u00e9dia salarial, com acr\u00e9scimo de 2% ao ano a partir do 21\u00ba ano de contribui\u00e7\u00e3o, para os casos concedidos depois da reforma.<\/p>\n<p>A norma, por\u00e9m, prev\u00ea pagamento integral da m\u00e9dia apenas quando a incapacidade resultar de acidente de trabalho, doen\u00e7a profissional ou ocupacional. A regra vale para todos os benef\u00edcios concedidos a partir de 13 de novembro de 2019, data da promulga\u00e7\u00e3o da reforma.<\/p>\n<figure class=\"wp-block-embed aligncenter is-type-video is-provider-youtube wp-block-embed-youtube wp-embed-aspect-16-9 wp-has-aspect-ratio\">\n<div class=\"wp-block-embed__wrapper\">\n<div class=\"perfmatters-lazy-youtube\" data-src=\"https:\/\/www.youtube.com\/embed\/5ggezHB9GX8\" data-id=\"5ggezHB9GX8\" data-query=\"feature=oembed\" onclick=\"perfmattersLazyLoadYouTube(this);\">\n<div><img loading=\"lazy\" decoding=\"async\" alt=\"YouTube video\" width=\"480\" height=\"360\" data-pin-nopin=\"true\" nopin=\"nopin\" class=\"perfmatters-lazy\" src=\"https:\/\/i.ytimg.com\/vi\/5ggezHB9GX8\/hqdefault.jpg\"\/><img loading=\"lazy\" decoding=\"async\" src=\"https:\/\/i.ytimg.com\/vi\/5ggezHB9GX8\/hqdefault.jpg\" alt=\"YouTube video\" width=\"480\" height=\"360\" data-pin-nopin=\"true\" nopin=\"nopin\"\/><\/div>\n<\/div>\n<p><noscript><iframe loading=\"lazy\" title=\"Dino processa servidor p\u00fablico idoso ap\u00f3s mensagens em grupo de WhatsApp\" width=\"1170\" height=\"658\" src=\"https:\/\/www.youtube.com\/embed\/5ggezHB9GX8?feature=oembed\" frameborder=\"0\" allow=\"accelerometer; autoplay; clipboard-write; encrypted-media; gyroscope; picture-in-picture; web-share\" referrerpolicy=\"strict-origin-when-cross-origin\" allowfullscreen><\/iframe><\/noscript>\n<\/div>\n<\/figure>\n<p>O julgamento acontece no plen\u00e1rio virtual. A an\u00e1lise, que se encerraria na sexta-feira 26, foi interrompida pelo pedido de Dino. Quando for retomado, outros ministros ainda poder\u00e3o pedir vista ou destaque \u2014 este \u00faltimo levaria o caso ao plen\u00e1rio f\u00edsico.<\/p>\n<h2 class=\"wp-block-heading\" id=\"h-processo-envolve-segurado-que-alega-direito-ao-calculo-anterior\"><strong>Processo envolve segurado que alega direito ao c\u00e1lculo anterior<\/strong><\/h2>\n<p>A a\u00e7\u00e3o analisada partiu de um segurado da regi\u00e3o Sul, que recebeu o benef\u00edcio em 2021, mas alegou que sua incapacidade se iniciou antes da reforma, em maio de 2019. Naquele per\u00edodo, ele passou a receber o aux\u00edlio-doen\u00e7a do <strong><a href=\"https:\/\/www.gov.br\/inss\/pt-br\" target=\"_blank\" rel=\"noreferrer noopener\">Instituto Nacional do Seguro Social (INSS)<\/a><\/strong>. A aposentadoria definitiva veio apenas depois.<\/p>\n<p>Barroso entendeu que, nesse caso, o direito ao c\u00e1lculo antigo n\u00e3o se aplica, pois a concess\u00e3o formal ocorreu sob a nova regra. Ainda assim, o ministro reconheceu que, quando a concess\u00e3o \u00e9 anterior \u00e0 reforma, o c\u00e1lculo mais vantajoso \u2014 com 100% da m\u00e9dia \u2014 deve prevalecer.<\/p>\n<p>Entidades que representam os aposentados argumentam que a regra atual imp\u00f4s distor\u00e7\u00f5es graves. Na pr\u00e1tica, afirmam, o benef\u00edcio vital\u00edcio da aposentadoria por invalidez tornou-se menos vantajoso do que o aux\u00edlio-doen\u00e7a, que tem car\u00e1ter tempor\u00e1rio. Enquanto a aposentadoria pode come\u00e7ar em 60% da m\u00e9dia salarial, o aux\u00edlio-doen\u00e7a garante 91%.<\/p>\n<p><strong>+ Leia tamb\u00e9m: <a href=\"https:\/\/revistaoeste.com\/politica\/eduardo-sobre-dino-fala-em-pacificacao-mas-persegue-adversarios-politicos\/\" target=\"_blank\" rel=\"noreferrer noopener\">\u201cEduardo, sobre Dino: \u2018Fala em pacifica\u00e7\u00e3o, mas persegue advers\u00e1rios pol\u00edticos&#8217;\u201d<\/a><\/strong><\/p>\n<p>Antes da mudan\u00e7a constitucional, o segurado que se aposentava por invalidez recebia 100% da m\u00e9dia salarial. O INSS considerava os 80% maiores sal\u00e1rios de contribui\u00e7\u00e3o pagos desde julho de 1994 e descartava os 20% menores, o que elevava o valor final do benef\u00edcio.<\/p>\n<p>Com a reforma, a regra mudou. Agora, a m\u00e9dia salarial inclui todos os sal\u00e1rios desde julho de 1994, sem exclus\u00e3o dos menores valores.<\/p><\/div>\n<p><\/a><\/p>\n<p>Fonte: revistaoeste.com<\/p>\n","protected":false},"excerpt":{"rendered":"<p>O ministro Fl\u00e1vio Dino, do Supremo Tribunal Federal (STF), suspendeu a an\u00e1lise de uma a\u00e7\u00e3o que questiona as regras atuais para o c\u00e1lculo da aposentadoria por invalidez. O magistrado pediu vista e ter\u00e1 at\u00e9 90 dias para devolver o processo com seu voto. A discuss\u00e3o gira em torno do redutor de 40% aplicado ao benef\u00edcio, [&hellip;]<\/p>\n","protected":false},"author":3,"featured_media":4395,"comment_status":"open","ping_status":"open","sticky":false,"template":"","format":"standard","meta":{"advanced_seo_description":"","jetpack_seo_html_title":"","jetpack_seo_noindex":false,"fifu_image_url":"https:\/\/medias.revistaoeste.com\/wp-content\/uploads\/2025\/05\/Flavio-DIno.jpg","fifu_image_alt":"","_jetpack_memberships_contains_paid_content":false,"footnotes":"","jetpack_publicize_message":"","jetpack_publicize_feature_enabled":true,"jetpack_social_post_already_shared":true,"jetpack_social_options":{"image_generator_settings":{"template":"highway","default_image_id":0,"font":"","enabled":false},"version":2}},"categories":[106,1],"tags":[],"class_list":{"0":"post-4394","1":"post","2":"type-post","3":"status-publish","4":"format-standard","5":"has-post-thumbnail","7":"category-politica","8":"category-uncategorized"},"jetpack_publicize_connections":[],"jetpack_featured_media_url":"https:\/\/i0.wp.com\/medias.revistaoeste.com\/wp-content\/uploads\/2025\/05\/Flavio-DIno.jpg?fit=%2C&ssl=1","jetpack_sharing_enabled":true,"jetpack-related-posts":[],"_links":{"self":[{"href":"https:\/\/friburgonoticias.com.br\/temp\/wp-json\/wp\/v2\/posts\/4394","targetHints":{"allow":["GET"]}}],"collection":[{"href":"https:\/\/friburgonoticias.com.br\/temp\/wp-json\/wp\/v2\/posts"}],"about":[{"href":"https:\/\/friburgonoticias.com.br\/temp\/wp-json\/wp\/v2\/types\/post"}],"author":[{"embeddable":true,"href":"https:\/\/friburgonoticias.com.br\/temp\/wp-json\/wp\/v2\/users\/3"}],"replies":[{"embeddable":true,"href":"https:\/\/friburgonoticias.com.br\/temp\/wp-json\/wp\/v2\/comments?post=4394"}],"version-history":[{"count":0,"href":"https:\/\/friburgonoticias.com.br\/temp\/wp-json\/wp\/v2\/posts\/4394\/revisions"}],"wp:featuredmedia":[{"embeddable":true,"href":"https:\/\/friburgonoticias.com.br\/temp\/wp-json\/wp\/v2\/media\/4395"}],"wp:attachment":[{"href":"https:\/\/friburgonoticias.com.br\/temp\/wp-json\/wp\/v2\/media?parent=4394"}],"wp:term":[{"taxonomy":"category","embeddable":true,"href":"https:\/\/friburgonoticias.com.br\/temp\/wp-json\/wp\/v2\/categories?post=4394"},{"taxonomy":"post_tag","embeddable":true,"href":"https:\/\/friburgonoticias.com.br\/temp\/wp-json\/wp\/v2\/tags?post=4394"}],"curies":[{"name":"wp","href":"https:\/\/api.w.org\/{rel}","templated":true}]}}