{"id":4420,"date":"2025-09-22T17:46:33","date_gmt":"2025-09-22T17:46:33","guid":{"rendered":"https:\/\/friburgonoticias.com.br\/temp\/2025\/09\/22\/cpi-das-cameras-da-alerj-determina-segunda-prisao-na-sessao-desta-segunda-feira\/"},"modified":"2025-09-22T17:46:33","modified_gmt":"2025-09-22T17:46:33","slug":"cpi-das-cameras-da-alerj-determina-segunda-prisao-na-sessao-desta-segunda-feira","status":"publish","type":"post","link":"https:\/\/friburgonoticias.com.br\/temp\/2025\/09\/22\/cpi-das-cameras-da-alerj-determina-segunda-prisao-na-sessao-desta-segunda-feira\/","title":{"rendered":"CPI das C\u00e2meras da Alerj determina segunda pris\u00e3o na sess\u00e3o desta segunda-feira"},"content":{"rendered":"<p><\/p>\n<div itemprop=\"articleBody\">\nO relator da comiss\u00e3o, Filippe Poubel (PL), determinou a pris\u00e3o de Tiago de Lima Menezes, s\u00f3cio da empresa \u00caxodos,  uma das investigadas por supostas irregularidades da contrata\u00e7\u00e3o das c\u00e2meras de monitoramento.<\/p>\n<p>Segundo os membros da comiss\u00e3o, Menezes mentiu em depoimento e, apesar dos protestos do seu advogado, a pris\u00e3o foi mantida.<\/p>\n<h2 class=\"wp-block-heading\">Clima tenso na CPI<\/h2>\n<p>O clima est\u00e1 tenso desde cedo na reuni\u00e3o desta segunda-feira, com diversos embates acalorados entre os deputados e os advogados dos depoentes. Mais cedo, <a href=\"https:\/\/temporealrj.com\/empresario-e-preso-durante-sessao-da-cpi-das-cameras-na-alerj\/\">o empres\u00e1rio S\u00e9rgio Belo David, tamb\u00e9m foi preso acusado de debochar dos trabalhos da CPI.<\/a>\n<\/div>\n<p><\/a><\/p>\n<p>Fonte: temporealrj.com<\/p>\n","protected":false},"excerpt":{"rendered":"<p>O relator da comiss\u00e3o, Filippe Poubel (PL), determinou a pris\u00e3o de Tiago de Lima Menezes, s\u00f3cio da empresa \u00caxodos, uma das investigadas por supostas irregularidades da contrata\u00e7\u00e3o das c\u00e2meras de monitoramento. Segundo os membros da comiss\u00e3o, Menezes mentiu em depoimento e, apesar dos protestos do seu advogado, a pris\u00e3o foi mantida. Clima tenso na CPI [&hellip;]<\/p>\n","protected":false},"author":3,"featured_media":4421,"comment_status":"open","ping_status":"open","sticky":false,"template":"","format":"standard","meta":{"advanced_seo_description":"","jetpack_seo_html_title":"","jetpack_seo_noindex":false,"fifu_image_url":"https:\/\/temporealrj.com\/wp-content\/uploads\/2025\/09\/WhatsApp-Image-2025-09-22-at-12.13.57-2-scaled-e1758561197979.jpeg","fifu_image_alt":"","_jetpack_memberships_contains_paid_content":false,"footnotes":"","jetpack_publicize_message":"","jetpack_publicize_feature_enabled":true,"jetpack_social_post_already_shared":true,"jetpack_social_options":{"image_generator_settings":{"template":"highway","default_image_id":0,"font":"","enabled":false},"version":2}},"categories":[107],"tags":[],"class_list":{"0":"post-4420","1":"post","2":"type-post","3":"status-publish","4":"format-standard","5":"has-post-thumbnail","7":"category-economia"},"jetpack_publicize_connections":[],"jetpack_featured_media_url":"https:\/\/i0.wp.com\/temporealrj.com\/wp-content\/uploads\/2025\/09\/WhatsApp-Image-2025-09-22-at-12.13.57-2-scaled-e1758561197979.jpeg?fit=%2C&ssl=1","jetpack_sharing_enabled":true,"jetpack-related-posts":[],"_links":{"self":[{"href":"https:\/\/friburgonoticias.com.br\/temp\/wp-json\/wp\/v2\/posts\/4420","targetHints":{"allow":["GET"]}}],"collection":[{"href":"https:\/\/friburgonoticias.com.br\/temp\/wp-json\/wp\/v2\/posts"}],"about":[{"href":"https:\/\/friburgonoticias.com.br\/temp\/wp-json\/wp\/v2\/types\/post"}],"author":[{"embeddable":true,"href":"https:\/\/friburgonoticias.com.br\/temp\/wp-json\/wp\/v2\/users\/3"}],"replies":[{"embeddable":true,"href":"https:\/\/friburgonoticias.com.br\/temp\/wp-json\/wp\/v2\/comments?post=4420"}],"version-history":[{"count":0,"href":"https:\/\/friburgonoticias.com.br\/temp\/wp-json\/wp\/v2\/posts\/4420\/revisions"}],"wp:featuredmedia":[{"embeddable":true,"href":"https:\/\/friburgonoticias.com.br\/temp\/wp-json\/wp\/v2\/media\/4421"}],"wp:attachment":[{"href":"https:\/\/friburgonoticias.com.br\/temp\/wp-json\/wp\/v2\/media?parent=4420"}],"wp:term":[{"taxonomy":"category","embeddable":true,"href":"https:\/\/friburgonoticias.com.br\/temp\/wp-json\/wp\/v2\/categories?post=4420"},{"taxonomy":"post_tag","embeddable":true,"href":"https:\/\/friburgonoticias.com.br\/temp\/wp-json\/wp\/v2\/tags?post=4420"}],"curies":[{"name":"wp","href":"https:\/\/api.w.org\/{rel}","templated":true}]}}