{"id":4422,"date":"2025-09-22T17:52:42","date_gmt":"2025-09-22T17:52:42","guid":{"rendered":"https:\/\/friburgonoticias.com.br\/temp\/2025\/09\/22\/mc-poze-do-rodo-entra-na-mira-da-cpi-das-cameras-da-alerj\/"},"modified":"2025-09-22T17:52:42","modified_gmt":"2025-09-22T17:52:42","slug":"mc-poze-do-rodo-entra-na-mira-da-cpi-das-cameras-da-alerj","status":"publish","type":"post","link":"https:\/\/friburgonoticias.com.br\/temp\/2025\/09\/22\/mc-poze-do-rodo-entra-na-mira-da-cpi-das-cameras-da-alerj\/","title":{"rendered":"MC Poze do Rodo entra na mira da CPI das C\u00e2meras da Alerj"},"content":{"rendered":"<p><\/p>\n<div itemprop=\"articleBody\">\nDeputados estaduais v\u00e3o convocar o funkeiro conhecido como <a href=\"https:\/\/temporealrj.com\/mprj-pede-prisao-de-mc-poze-por-tortura-de-ex-empresario\/\">MC Poze do Rodo<\/a> para depor na CPI das C\u00e2meras. O an\u00fancio foi feito na sess\u00e3o desta segunda-feira (22\/09) pelo presidente da comiss\u00e3o, Alexandre Knoploch (PL). Os parlamentares querem esclarecer detalhes sobre o roubo e a recupera\u00e7\u00e3o do carro do cantor.<\/p>\n<p>Poze publicou v\u00eddeos nas redes sociais afirmando que o ve\u00edculo, uma SUV Defender, seria rapidamente recuperado o que, de fato, acabou acontecendo. O fato chamou a aten\u00e7\u00e3o dos parlamentares e motivou a decis\u00e3o de convocar o cantor.<\/p>\n<p>\u201c\u00c9 importante que esta CPI investigue como o ve\u00edculo retornou. Eu mesmo j\u00e1 tive um carro subtra\u00eddo e n\u00e3o tive essa certeza de devolu\u00e7\u00e3o. Ali\u00e1s, naquele caso, o carro n\u00e3o voltou\u201d, afirmou Knoploch.<\/p>\n<h2 class=\"wp-block-heading\">Sess\u00e3o tensa e marcada por pris\u00f5es<\/h2>\n<p>A sess\u00e3o desta segunda-feira foi tensa e conturbada, marcada por duas pris\u00f5es e diversos embates entre deputados e advogados.<\/p>\n<p>O empres\u00e1rio <a href=\"https:\/\/temporealrj.com\/empresario-e-preso-durante-sessao-da-cpi-das-cameras-na-alerj\/\">S\u00e9rgio Belo David, pai da presidente da RioBen Prote\u00e7\u00e3o Veicular, Nathalia Paiva David, foi o primeiro a ser preso<\/a>, acusado de debochar da comiss\u00e3o por, orientado pelo advogado, usar, reiteradamente, o direito de se manter em sil\u00eancio.<\/p>\n<p><a href=\"https:\/\/temporealrj.com\/cpi-das-cameras-da-alerj-determina-segunda-prisao-na-sessao-desta-segunda-feira\/\">Em seguida foi a vez de Tiago Menezes de Melo<\/a>, s\u00f3cio da empresa \u00caxodos, receber voz de pris\u00e3o. Segundo o relator da CPI, Felippe Poubel (PL), ele mentiu durante o depoimento.\n<\/div>\n<p><\/a><\/p>\n<p>Fonte: temporealrj.com<\/p>\n","protected":false},"excerpt":{"rendered":"<p>Deputados estaduais v\u00e3o convocar o funkeiro conhecido como MC Poze do Rodo para depor na CPI das C\u00e2meras. O an\u00fancio foi feito na sess\u00e3o desta segunda-feira (22\/09) pelo presidente da comiss\u00e3o, Alexandre Knoploch (PL). Os parlamentares querem esclarecer detalhes sobre o roubo e a recupera\u00e7\u00e3o do carro do cantor. Poze publicou v\u00eddeos nas redes sociais [&hellip;]<\/p>\n","protected":false},"author":3,"featured_media":4423,"comment_status":"open","ping_status":"open","sticky":false,"template":"","format":"standard","meta":{"advanced_seo_description":"","jetpack_seo_html_title":"","jetpack_seo_noindex":false,"fifu_image_url":"https:\/\/temporealrj.com\/wp-content\/uploads\/2025\/09\/WhatsApp-Image-2025-09-22-at-14.37.55-e1758562794767.jpeg","fifu_image_alt":"","_jetpack_memberships_contains_paid_content":false,"footnotes":"","jetpack_publicize_message":"","jetpack_publicize_feature_enabled":true,"jetpack_social_post_already_shared":true,"jetpack_social_options":{"image_generator_settings":{"template":"highway","default_image_id":0,"font":"","enabled":false},"version":2}},"categories":[106,1],"tags":[],"class_list":{"0":"post-4422","1":"post","2":"type-post","3":"status-publish","4":"format-standard","5":"has-post-thumbnail","7":"category-politica","8":"category-uncategorized"},"jetpack_publicize_connections":[],"jetpack_featured_media_url":"https:\/\/i0.wp.com\/temporealrj.com\/wp-content\/uploads\/2025\/09\/WhatsApp-Image-2025-09-22-at-14.37.55-e1758562794767.jpeg?fit=%2C&ssl=1","jetpack_sharing_enabled":true,"jetpack-related-posts":[],"_links":{"self":[{"href":"https:\/\/friburgonoticias.com.br\/temp\/wp-json\/wp\/v2\/posts\/4422","targetHints":{"allow":["GET"]}}],"collection":[{"href":"https:\/\/friburgonoticias.com.br\/temp\/wp-json\/wp\/v2\/posts"}],"about":[{"href":"https:\/\/friburgonoticias.com.br\/temp\/wp-json\/wp\/v2\/types\/post"}],"author":[{"embeddable":true,"href":"https:\/\/friburgonoticias.com.br\/temp\/wp-json\/wp\/v2\/users\/3"}],"replies":[{"embeddable":true,"href":"https:\/\/friburgonoticias.com.br\/temp\/wp-json\/wp\/v2\/comments?post=4422"}],"version-history":[{"count":0,"href":"https:\/\/friburgonoticias.com.br\/temp\/wp-json\/wp\/v2\/posts\/4422\/revisions"}],"wp:featuredmedia":[{"embeddable":true,"href":"https:\/\/friburgonoticias.com.br\/temp\/wp-json\/wp\/v2\/media\/4423"}],"wp:attachment":[{"href":"https:\/\/friburgonoticias.com.br\/temp\/wp-json\/wp\/v2\/media?parent=4422"}],"wp:term":[{"taxonomy":"category","embeddable":true,"href":"https:\/\/friburgonoticias.com.br\/temp\/wp-json\/wp\/v2\/categories?post=4422"},{"taxonomy":"post_tag","embeddable":true,"href":"https:\/\/friburgonoticias.com.br\/temp\/wp-json\/wp\/v2\/tags?post=4422"}],"curies":[{"name":"wp","href":"https:\/\/api.w.org\/{rel}","templated":true}]}}