{"id":4424,"date":"2025-09-22T19:07:49","date_gmt":"2025-09-22T19:07:49","guid":{"rendered":"https:\/\/friburgonoticias.com.br\/temp\/2025\/09\/22\/aecio-neves-defende-pl-da-dosimetria\/"},"modified":"2025-09-22T19:07:49","modified_gmt":"2025-09-22T19:07:49","slug":"aecio-neves-defende-pl-da-dosimetria","status":"publish","type":"post","link":"https:\/\/friburgonoticias.com.br\/temp\/2025\/09\/22\/aecio-neves-defende-pl-da-dosimetria\/","title":{"rendered":"A\u00e9cio Neves defende PL da Dosimetria"},"content":{"rendered":"<p><\/p>\n<div id=\"hd80s9wa1h892edh8192\">\n        Em publica\u00e7\u00e3o em seu perfil no X, nesta segunda-feira, 22, o deputado federal A\u00e9cio Neves (PSDB-MG) mostrou otimismo quanto a aprova\u00e7\u00e3o na <a href=\"http:\/\/www.camara.leg.br\" target=\"_blank\" rel=\"noreferrer noopener\"><strong>C\u00e2mara dos Deputados<\/strong><\/a> do Projeto de Lei (PL) da Anistia, que\u00a0passou a ser chamado de PL da Dosimetria. O parlamentar afirmou que a anistia de condenados pelos atos de 8 de janeiro \u00e9 inconstitucional.<\/p>\n<p>+ <strong>Leia mais not\u00edcias de <a href=\"http:\/\/www.revistaoeste.com\/politica\" target=\"_blank\" rel=\"noreferrer noopener\">Pol\u00edtica<\/a> em Oeste<\/strong><\/p>\n<p>Segundo o deputado, o Supremo Tribunal Federal (STF) n\u00e3o deve abrir m\u00e3o da decis\u00e3o de condenar pessoas envolvidas no 8 de janeiro de 2023.<\/p>\n<p>\u201cA anistia para crimes de golpe de Estado e de aboli\u00e7\u00e3o do Estado Democr\u00e1tico de Direito \u00e9 imposs\u00edvel de acontecer\u201d, afirmou o tucano. \u201c\u00c9 inconstitucional por decis\u00f5es anteriores e por palavras recentes de ministros do STF.\u201d<\/p>\n<p><strong><a href=\"https:\/\/revistaoeste.com\/politica\/pl-da-anistia-vira-da-dosimetria-a-velha-guarda-pacificadora-e-magica\/\" target=\"_blank\" rel=\"noreferrer noopener\">+ PL da Anistia vira da Dosimetria: a velha guarda pacificadora \u00e9 m\u00e1gica<\/a><\/strong><\/p>\n<p>De acordo com A\u00e9cio, ainda em sua postagem, a aprova\u00e7\u00e3o do que agora se transformou em PL da Dosimetria \u00e9 uma \u201coportunidade\u201d.<\/p>\n<p>\u201cSugeri que esse projeto passasse a tratar da dosimetria e talvez seja a oportunidade do centro dar uma contribui\u00e7\u00e3o efetiva para superarmos, ao menos em parte, essa polariza\u00e7\u00e3o\u201d, afirmou A\u00e9cio.<\/p>\n<figure class=\"wp-block-embed is-type-rich is-provider-twitter wp-block-embed-twitter\">\n<div class=\"wp-block-embed__wrapper\">\n<blockquote class=\"twitter-tweet\" data-width=\"500\" data-dnt=\"true\">\n<p lang=\"pt\" dir=\"ltr\">H\u00e1 uma decis\u00e3o do Supremo Tribunal Federal da qual ele n\u00e3o abrir\u00e1 m\u00e3o. A anistia para crimes de golpe de Estado e de aboli\u00e7\u00e3o do Estado Democr\u00e1tico de Direito \u00e9 imposs\u00edvel de acontecer, \u00e9 inconstitucional por decis\u00f5es anteriores e por palavras recentes de ministros do STF. Ent\u00e3o,\u2026<\/p>\n<p>\u2014 A\u00e9cio Neves (@AecioNeves) <a href=\"https:\/\/twitter.com\/AecioNeves\/status\/1970147453115490563?ref_src=twsrc%5Etfw\">September 22, 2025<\/a><\/p><\/blockquote>\n<\/div>\n<\/figure>\n<h2 class=\"wp-block-heading\" id=\"h-ministros-do-stf-manifestam-apoio-ao-pl-da-dosimetria\">Ministros do STF manifestam apoio ao PL da Dosimetria<\/h2>\n<p>Os ministros Alexandre de Moraes e Gilmar Mendes, do STF, aprovaram uma proposta que prev\u00ea a diminui\u00e7\u00e3o das penas aplicadas aos envolvidos nos atos do 8 de janeiro. A iniciativa partiu de uma articula\u00e7\u00e3o conduzida por A\u00e9cio Neves, juntamente com o relator da proposta na C\u00e2mara, deputado federal Paulinho da For\u00e7a (Solidariedade-SP), com o apoio do ex-presidente Michel Temer.<\/p>\n<p><strong><a href=\"https:\/\/revistaoeste.com\/politica\/gilmar-mendes-e-moraes-manifestam-apoio-ao-pl-da-dosimetria\/\" target=\"_blank\" rel=\"noreferrer noopener\">+ Gilmar Mendes e Moraes manifestam apoio ao \u2018PL da Dosimetria\u2019<\/a><\/strong><\/p>\n<p>A <strong>Oeste<\/strong> apurou que o grupo apresentou aos ministros um esbo\u00e7o de projeto de lei que altera o tratamento penal dos supostos crimes de aboli\u00e7\u00e3o do Estado Democr\u00e1tico de Direito e tentativa de golpe de Estado.<\/p>\n<p><strong>Leia mais: <a href=\"https:\/\/revistaoeste.com\/revista\/edicao-288\/anistia-ou-anistia\/\" target=\"_blank\" rel=\"noreferrer noopener\">\u201cAnistia ou Anistia\u201d<\/a>, artigo de Alexandre Garcia publicado na Edi\u00e7\u00e3o 288 da Revista Oeste<\/strong><\/p><\/div>\n<p><script async src=\"\/\/platform.twitter.com\/widgets.js\" charset=\"utf-8\"><\/script><br \/>\n<br \/><\/a><\/p>\n<p>Fonte: revistaoeste.com<\/p>\n","protected":false},"excerpt":{"rendered":"<p>Em publica\u00e7\u00e3o em seu perfil no X, nesta segunda-feira, 22, o deputado federal A\u00e9cio Neves (PSDB-MG) mostrou otimismo quanto a aprova\u00e7\u00e3o na C\u00e2mara dos Deputados do Projeto de Lei (PL) da Anistia, que\u00a0passou a ser chamado de PL da Dosimetria. O parlamentar afirmou que a anistia de condenados pelos atos de 8 de janeiro \u00e9 [&hellip;]<\/p>\n","protected":false},"author":3,"featured_media":4425,"comment_status":"open","ping_status":"open","sticky":false,"template":"","format":"standard","meta":{"advanced_seo_description":"","jetpack_seo_html_title":"","jetpack_seo_noindex":false,"fifu_image_url":"https:\/\/medias.revistaoeste.com\/wp-content\/uploads\/2021\/03\/15695464416-4a43d7405b-c.jpg","fifu_image_alt":"","_jetpack_memberships_contains_paid_content":false,"footnotes":"","jetpack_publicize_message":"","jetpack_publicize_feature_enabled":true,"jetpack_social_post_already_shared":true,"jetpack_social_options":{"image_generator_settings":{"template":"highway","default_image_id":0,"font":"","enabled":false},"version":2}},"categories":[106,1],"tags":[],"class_list":{"0":"post-4424","1":"post","2":"type-post","3":"status-publish","4":"format-standard","5":"has-post-thumbnail","7":"category-politica","8":"category-uncategorized"},"jetpack_publicize_connections":[],"jetpack_featured_media_url":"https:\/\/i0.wp.com\/medias.revistaoeste.com\/wp-content\/uploads\/2021\/03\/15695464416-4a43d7405b-c.jpg?fit=%2C&ssl=1","jetpack_sharing_enabled":true,"jetpack-related-posts":[],"_links":{"self":[{"href":"https:\/\/friburgonoticias.com.br\/temp\/wp-json\/wp\/v2\/posts\/4424","targetHints":{"allow":["GET"]}}],"collection":[{"href":"https:\/\/friburgonoticias.com.br\/temp\/wp-json\/wp\/v2\/posts"}],"about":[{"href":"https:\/\/friburgonoticias.com.br\/temp\/wp-json\/wp\/v2\/types\/post"}],"author":[{"embeddable":true,"href":"https:\/\/friburgonoticias.com.br\/temp\/wp-json\/wp\/v2\/users\/3"}],"replies":[{"embeddable":true,"href":"https:\/\/friburgonoticias.com.br\/temp\/wp-json\/wp\/v2\/comments?post=4424"}],"version-history":[{"count":0,"href":"https:\/\/friburgonoticias.com.br\/temp\/wp-json\/wp\/v2\/posts\/4424\/revisions"}],"wp:featuredmedia":[{"embeddable":true,"href":"https:\/\/friburgonoticias.com.br\/temp\/wp-json\/wp\/v2\/media\/4425"}],"wp:attachment":[{"href":"https:\/\/friburgonoticias.com.br\/temp\/wp-json\/wp\/v2\/media?parent=4424"}],"wp:term":[{"taxonomy":"category","embeddable":true,"href":"https:\/\/friburgonoticias.com.br\/temp\/wp-json\/wp\/v2\/categories?post=4424"},{"taxonomy":"post_tag","embeddable":true,"href":"https:\/\/friburgonoticias.com.br\/temp\/wp-json\/wp\/v2\/tags?post=4424"}],"curies":[{"name":"wp","href":"https:\/\/api.w.org\/{rel}","templated":true}]}}