{"id":4442,"date":"2025-09-23T00:25:27","date_gmt":"2025-09-23T00:25:27","guid":{"rendered":"https:\/\/friburgonoticias.com.br\/temp\/2025\/09\/23\/comissao-aprova-vaga-gratuita-em-curso-do-sistema-s-para-vitima-de-violencia-domestica-noticias\/"},"modified":"2025-09-23T00:25:27","modified_gmt":"2025-09-23T00:25:27","slug":"comissao-aprova-vaga-gratuita-em-curso-do-sistema-s-para-vitima-de-violencia-domestica-noticias","status":"publish","type":"post","link":"https:\/\/friburgonoticias.com.br\/temp\/2025\/09\/23\/comissao-aprova-vaga-gratuita-em-curso-do-sistema-s-para-vitima-de-violencia-domestica-noticias\/","title":{"rendered":"Comiss\u00e3o aprova vaga gratuita em curso do Sistema S para v\u00edtima de viol\u00eancia dom\u00e9stica &#8211; Not\u00edcias"},"content":{"rendered":"<p><\/p>\n<div>\n<p class=\"g-artigo__data-hora\">\n                      22\/09\/2025 &#8211; 20:04 \u00a0\n                    <\/p>\n<div id=\"image-container-1202939\" class=\"image-container\" style=\"float: none; margin: 45px 0px; width: 100%;\" data-midia=\"1202939\">\n        <em>Kayo Magalh\u00e3es\/C\u00e2mara dos Deputados<\/em><\/p>\n<p>        Laura Carneiro, relatora do projeto de lei\n        <\/p><\/div>\n<p>        A Comiss\u00e3o de Finan\u00e7as e Tributa\u00e7\u00e3o da C\u00e2mara dos Deputados aprovou projeto de lei que prev\u00ea a oferta de vagas gratuitas em cursos oferecidos pelos servi\u00e7os nacionais de aprendizagem para mulheres em situa\u00e7\u00e3o de viol\u00eancia dom\u00e9stica e familiar.<br \/>\n        O texto altera a <span id=\"4349\" class=\"termoGlossario\" title=\"Trata-se da Lei 11.340\/06 que protege as mulheres contra a viol\u00eancia dom\u00e9stica e familiar. A lei torna mais rigorosa a puni\u00e7\u00e3o aos agressores, aumentando o tempo m\u00e1ximo de deten\u00e7\u00e3o de um para tr\u00eas anos. Prev\u00ea ainda a pris\u00e3o em flagrante do agressor e a n\u00e3o aplica\u00e7\u00e3o de penas alternativas (aquelas em que o r\u00e9u \u00e9 condenado a pagar cestas b\u00e1sicas ou multas). Constatada a agress\u00e3o, poder\u00e3o tamb\u00e9m ser aplicadas medidas protetivas como o afastamento do agressor do domic\u00edlio e a proibi\u00e7\u00e3o de sua aproxima\u00e7\u00e3o da ofendida. O nome da lei \u00e9 uma homenagem a Maria da Penha Fernandes, que sobreviveu a duas tentativas de homic\u00eddio praticadas pelo ex-marido.\" contenteditable=\"false\" data-toggle=\"tooltip\" data-placement=\"top\">Lei Maria da Penha<\/span> e tem como objetivo ampliar a independ\u00eancia econ\u00f4mica e financeira de mulheres v\u00edtimas de viol\u00eancia por meio da reinser\u00e7\u00e3o no mercado de trabalho.<br \/>\n        Pela proposta, o acesso \u00e0s vagas se dar\u00e1 por meio de programas de gratuidade e ser\u00e1 feito por conv\u00eanios entre o Poder Judici\u00e1rio e a Defensoria P\u00fablica com as seguintes entidades qualificadas do <span id=\"4434\" class=\"termoGlossario\" title=\"Conjunto de \u00f3rg\u00e3os e entidades (a maioria privados) que recebem contribui\u00e7\u00e3o de interesse de categorias profissionais ou econ\u00f4micas, prevista na Constitui\u00e7\u00e3o. As contribui\u00e7\u00f5es s\u00e3o recolhidas pelas empresas e incidem sobre as folhas de pagamento. As entidades s\u00e3o: Senar, Senac, Sesc, Sescoop, Senai, Sesi, Sest, Senat, Diretoria de Portos e Costas do Minist\u00e9rio da Marinha (DPC), Incra, Sebrae e Fundo Aerovi\u00e1rio, vinculado ao Minist\u00e9rio da Aeron\u00e1utica.\" contenteditable=\"false\" data-toggle=\"tooltip\" data-placement=\"top\">Sistema S<\/span>:<\/p>\n<ul>\n<li>Servi\u00e7o Nacional de Aprendizagem Industrial (Senai);<\/li>\n<li>Servi\u00e7o Nacional de Aprendizagem Comercial (Senac);<\/li>\n<li>Servi\u00e7o Nacional de Aprendizagem Rural (Senar);<\/li>\n<li>Servi\u00e7o Nacional de Aprendizagem do Transporte (Senat);<\/li>\n<li>Servi\u00e7o Nacional de Aprendizagem do Cooperativismo (Sescoop); e<\/li>\n<li>Servi\u00e7o Brasileiro de Apoio \u00e0s Micro e Pequenas Empresas (Sebrae).<\/li>\n<\/ul>\n<p>        Poder\u00e3o ainda ser firmados termos de coopera\u00e7\u00e3o entre essas entidades e \u00f3rg\u00e3os estaduais ou municipais voltados para a promo\u00e7\u00e3o do emprego e do empreendedorismo.<br \/>\n        <strong>Texto aprovado<\/strong><br \/>O texto aprovado pela comiss\u00e3o \u00e9 o <span id=\"4098\" class=\"termoGlossario\" title=\"Nome que se d\u00e1 ao texto que altera substancialmente o conte\u00fado original da proposta. O substitutivo \u00e9 apresentado pelo relator e tem prefer\u00eancia na vota\u00e7\u00e3o sobre o projeto original.\" contenteditable=\"false\" data-toggle=\"tooltip\" data-placement=\"top\">substitutivo<\/span> da relatora, deputada Laura Carneiro (PSD-RJ), ao <a class=\"linkProposicao\" href=\"https:\/\/www.camara.leg.br\/noticias\/545147-proposta-reserva-vagas-em-cursos-de-servicos-de-aprendizagem-para-mulheres-vitimas-de-violencia\">Projeto de Lei 10018\/18<\/a>, do Senado, e outros 21 <span id=\"4069\" class=\"termoGlossario\" title=\"Projeto que tramita em conjunto com outro que trate de mat\u00e9ria semelhante. O relator deve analisar todas as proposi\u00e7\u00f5es apensadas, que dever\u00e3o constar do seu parecer.\" contenteditable=\"false\" data-toggle=\"tooltip\" data-placement=\"top\">apensados<\/span>.\u00a0 \u201cNada mais justo que as mulheres que foram v\u00edtimas de viol\u00eancia dom\u00e9stica e familiar sejam inseridas nesses cursos, que s\u00e3o amplamente reconhecidos por sua qualidade e pelo alto \u00edndice de empregabilidade de seus alunos\u201d, disse a deputada.<br \/>\n        Originalmente, as propostas previam a reserva de vagas em cursos de aprendizagem para mulheres em situa\u00e7\u00e3o de viol\u00eancia dom\u00e9stica e familiar, o que foi mantido pela relatora. O novo texto, segundo ela, deixa de incorporar trechos de projetos que fariam o governo federal perder receita sem a devida compensa\u00e7\u00e3o, al\u00e9m de preservar a autonomia administrativa e financeira das entidades que comp\u00f5em os servi\u00e7os nacionais de aprendizagem.<br \/>\n        \u201cAcatamos as contribui\u00e7\u00f5es oferecidas pela Confedera\u00e7\u00e3o Nacional do Com\u00e9rcio de Bens, Servi\u00e7os e Turismo (CNC) e as incorporamos ao substitutivo\u201d, explicou.<br \/>\n        <strong>Pr\u00f3ximas etapas<\/strong><br \/>A proposta ser\u00e1 ainda analisada, em <span id=\"4322\" class=\"termoGlossario\" title=\"Rito de tramita\u00e7\u00e3o pelo qual o projeto \u00e9 votado apenas pelas comiss\u00f5es designadas para analis\u00e1-lo, dispensada a delibera\u00e7\u00e3o do Plen\u00e1rio. O projeto perde o car\u00e1ter conclusivo se houver decis\u00e3o divergente entre as comiss\u00f5es ou se, independentemente de ser aprovado ou rejeitado, houver recurso assinado por 52 deputados para a aprecia\u00e7\u00e3o da mat\u00e9ria no Plen\u00e1rio.\" contenteditable=\"false\" data-toggle=\"tooltip\" data-placement=\"top\">car\u00e1ter conclusivo<\/span>, pela Comiss\u00e3o de Constitui\u00e7\u00e3o e Justi\u00e7a e de Cidadania. Para virar lei, o texto deve ser aprovado pela C\u00e2mara e pelo Senado.<br \/>\n        <a href=\"https:\/\/www.camara.leg.br\/noticias\/573454-SAIBA-MAIS-SOBRE-A-TRAMITACAO-DE-PROJETOS-DE-LEI\">Saiba mais sobre a tramita\u00e7\u00e3o de projetos de lei<\/a><\/p>\n<p style=\"font-size: 0.8rem; font-weight: 700;\">Reportagem \u2013 Murilo Souza<br \/>Edi\u00e7\u00e3o \u2013 Pierre Triboli<\/p>\n<\/p><\/div>\n<p><\/a><\/p>\n<p>Fonte: www.camara.leg.br<\/p>\n","protected":false},"excerpt":{"rendered":"<p>22\/09\/2025 &#8211; 20:04 \u00a0 Kayo Magalh\u00e3es\/C\u00e2mara dos Deputados Laura Carneiro, relatora do projeto de lei A Comiss\u00e3o de Finan\u00e7as e Tributa\u00e7\u00e3o da C\u00e2mara dos Deputados aprovou projeto de lei que prev\u00ea a oferta de vagas gratuitas em cursos oferecidos pelos servi\u00e7os nacionais de aprendizagem para mulheres em situa\u00e7\u00e3o de viol\u00eancia dom\u00e9stica e familiar. O texto [&hellip;]<\/p>\n","protected":false},"author":3,"featured_media":4443,"comment_status":"open","ping_status":"open","sticky":false,"template":"","format":"standard","meta":{"advanced_seo_description":"","jetpack_seo_html_title":"","jetpack_seo_noindex":false,"fifu_image_url":"https:\/\/www.camara.leg.br\/midias\/image\/2025\/09\/img20250909155508863-768x473.jpg","fifu_image_alt":"","_jetpack_memberships_contains_paid_content":false,"footnotes":"","jetpack_publicize_message":"","jetpack_publicize_feature_enabled":true,"jetpack_social_post_already_shared":true,"jetpack_social_options":{"image_generator_settings":{"template":"highway","default_image_id":0,"font":"","enabled":false},"version":2}},"categories":[106,1],"tags":[],"class_list":{"0":"post-4442","1":"post","2":"type-post","3":"status-publish","4":"format-standard","5":"has-post-thumbnail","7":"category-politica","8":"category-uncategorized"},"jetpack_publicize_connections":[],"jetpack_featured_media_url":"https:\/\/i0.wp.com\/www.camara.leg.br\/midias\/image\/2025\/09\/img20250909155508863-768x473.jpg?fit=%2C&ssl=1","jetpack_sharing_enabled":true,"jetpack-related-posts":[],"_links":{"self":[{"href":"https:\/\/friburgonoticias.com.br\/temp\/wp-json\/wp\/v2\/posts\/4442","targetHints":{"allow":["GET"]}}],"collection":[{"href":"https:\/\/friburgonoticias.com.br\/temp\/wp-json\/wp\/v2\/posts"}],"about":[{"href":"https:\/\/friburgonoticias.com.br\/temp\/wp-json\/wp\/v2\/types\/post"}],"author":[{"embeddable":true,"href":"https:\/\/friburgonoticias.com.br\/temp\/wp-json\/wp\/v2\/users\/3"}],"replies":[{"embeddable":true,"href":"https:\/\/friburgonoticias.com.br\/temp\/wp-json\/wp\/v2\/comments?post=4442"}],"version-history":[{"count":0,"href":"https:\/\/friburgonoticias.com.br\/temp\/wp-json\/wp\/v2\/posts\/4442\/revisions"}],"wp:featuredmedia":[{"embeddable":true,"href":"https:\/\/friburgonoticias.com.br\/temp\/wp-json\/wp\/v2\/media\/4443"}],"wp:attachment":[{"href":"https:\/\/friburgonoticias.com.br\/temp\/wp-json\/wp\/v2\/media?parent=4442"}],"wp:term":[{"taxonomy":"category","embeddable":true,"href":"https:\/\/friburgonoticias.com.br\/temp\/wp-json\/wp\/v2\/categories?post=4442"},{"taxonomy":"post_tag","embeddable":true,"href":"https:\/\/friburgonoticias.com.br\/temp\/wp-json\/wp\/v2\/tags?post=4442"}],"curies":[{"name":"wp","href":"https:\/\/api.w.org\/{rel}","templated":true}]}}