{"id":4452,"date":"2025-09-23T11:37:53","date_gmt":"2025-09-23T11:37:53","guid":{"rendered":"https:\/\/friburgonoticias.com.br\/temp\/2025\/09\/23\/temer-afirma-que-apoio-de-eduardo-a-bolsonaro-causa-prejuizo-ao-pais\/"},"modified":"2025-09-23T11:37:53","modified_gmt":"2025-09-23T11:37:53","slug":"temer-afirma-que-apoio-de-eduardo-a-bolsonaro-causa-prejuizo-ao-pais","status":"publish","type":"post","link":"https:\/\/friburgonoticias.com.br\/temp\/2025\/09\/23\/temer-afirma-que-apoio-de-eduardo-a-bolsonaro-causa-prejuizo-ao-pais\/","title":{"rendered":"Temer afirma que apoio de Eduardo a Bolsonaro causa preju\u00edzo ao pa\u00eds"},"content":{"rendered":"<p><\/p>\n<div id=\"hd80s9wa1h892edh8192\">\n        Rela\u00e7\u00f5es diplom\u00e1ticas entre Brasil e <strong><a href=\"https:\/\/revistaoeste.com\/tag\/estados-unidos\" target=\"_blank\" rel=\"noreferrer noopener\">Estados Unidos<\/a><\/strong> ganham novo cap\u00edtulo depois das recentes san\u00e7\u00f5es impostas pela Casa Branca a familiares do ministro Alexandre de Moraes, do Supremo Tribunal Federal (<strong><a href=\"https:\/\/portal.stf.jus.br\/\" target=\"_blank\" rel=\"noreferrer noopener\">STF<\/a><\/strong>). Michel Temer (MDB), ex-presidente, afirmou em entrevista a CNN Brasil que a postura do deputado Eduardo Bolsonaro (PL-SP) nos Estados Unidos, ao defender o pai, Jair Bolsonaro, pode trazer impactos negativos para o pa\u00eds.<\/p>\n<p><strong>+ Leia mais not\u00edcias de\u00a0<a href=\"https:\/\/revistaoeste.com\/politica\" target=\"_blank\" rel=\"noreferrer noopener\">Pol\u00edtica<\/a>\u00a0em Oeste<\/strong><\/p>\n<p>Temer demonstrou preocupa\u00e7\u00e3o ao comentar medidas do governo norte-americano contra a esposa do ministro Alexandre de Moraes, do STF, e as san\u00e7\u00f5es que atingiram tamb\u00e9m o pr\u00f3prio ministro. Para o ex-presidente, tais a\u00e7\u00f5es prejudicam o relacionamento entre Bras\u00edlia e Washington. \u201cN\u00e3o \u00e9 \u00fatil para as rela\u00e7\u00f5es entre Brasil e Estados Unidos\u201d, afirmou Temer.<\/p>\n<h2 class=\"wp-block-heading\" id=\"falta-de-dialogo-direto-preocupa-ex-presidente\">Falta de di\u00e1logo direto preocupa Temer<a href=\"https:\/\/wainews-homolog.streamlit.app\/~\/+\/#falta-de-dialogo-direto-preocupa-ex-presidente\"\/><\/h2>\n<p>O ex-presidente chamou aten\u00e7\u00e3o para a falta de di\u00e1logo direto entre os chefes de Estado dos dois pa\u00edses, ressaltando que negocia\u00e7\u00f5es diplom\u00e1ticas s\u00e3o indispens\u00e1veis, mesmo em meio a diverg\u00eancias iniciais. Segundo ele, a aus\u00eancia de comunica\u00e7\u00e3o agrava a dificuldade de resolver impasses internacionais.<\/p>\n<figure class=\"wp-block-embed is-type-video is-provider-youtube wp-block-embed-youtube wp-embed-aspect-16-9 wp-has-aspect-ratio\">\n<div class=\"wp-block-embed__wrapper\">\n<div class=\"perfmatters-lazy-youtube\" data-src=\"https:\/\/www.youtube.com\/embed\/lYPhPbB-c1w\" data-id=\"lYPhPbB-c1w\" data-query=\"feature=oembed\" onclick=\"perfmattersLazyLoadYouTube(this);\">\n<div><img loading=\"lazy\" decoding=\"async\" alt=\"YouTube video\" width=\"480\" height=\"360\" data-pin-nopin=\"true\" nopin=\"nopin\" class=\"perfmatters-lazy\" src=\"https:\/\/i.ytimg.com\/vi\/lYPhPbB-c1w\/hqdefault.jpg\"\/><img loading=\"lazy\" decoding=\"async\" src=\"https:\/\/i.ytimg.com\/vi\/lYPhPbB-c1w\/hqdefault.jpg\" alt=\"YouTube video\" width=\"480\" height=\"360\" data-pin-nopin=\"true\" nopin=\"nopin\"\/><\/div>\n<\/div>\n<p><noscript><iframe loading=\"lazy\" title=\"Viviane Barci de Moraes \u00e9 sancionada na Lei Magnitsky\" width=\"1170\" height=\"658\" src=\"https:\/\/www.youtube.com\/embed\/lYPhPbB-c1w?feature=oembed\" frameborder=\"0\" allow=\"accelerometer; autoplay; clipboard-write; encrypted-media; gyroscope; picture-in-picture; web-share\" referrerpolicy=\"strict-origin-when-cross-origin\" allowfullscreen><\/iframe><\/noscript>\n<\/div>\n<\/figure>\n<p>Ao abordar a Assembleia Geral da ONU, que come\u00e7a nesta ter\u00e7a-feira, 23, Temer lembrou que o evento representa uma ocasi\u00e3o estrat\u00e9gica para reaproxima\u00e7\u00e3o, j\u00e1 que o Brasil tradicionalmente abre as falas, seguido pelos Estados Unidos. Ele sugeriu que o encontro poderia abrir caminho para um di\u00e1logo mais construtivo, inclusive com uma poss\u00edvel reuni\u00e3o em Washington para tratar de temas pendentes. \u201cTodo o di\u00e1logo come\u00e7a com dificuldades, mas sendo di\u00e1logo ele acaba resolvendo as quest\u00f5es\u201d, disse.<\/p>\n<p><strong>Leia tamb\u00e9m: <\/strong><a href=\"https:\/\/revistaoeste.com\/revista\/edicao-245\/togas-fora-da-lei\/\"><strong>\u201cTogas fora da lei\u201d<\/strong><\/a><strong>, artigo de Augusto Nunes publicado na Edi\u00e7\u00e3o 245 da Revista Oeste<\/strong><\/p><\/div>\n<p><\/a><\/p>\n<p>Fonte: revistaoeste.com<\/p>\n","protected":false},"excerpt":{"rendered":"<p>Rela\u00e7\u00f5es diplom\u00e1ticas entre Brasil e Estados Unidos ganham novo cap\u00edtulo depois das recentes san\u00e7\u00f5es impostas pela Casa Branca a familiares do ministro Alexandre de Moraes, do Supremo Tribunal Federal (STF). Michel Temer (MDB), ex-presidente, afirmou em entrevista a CNN Brasil que a postura do deputado Eduardo Bolsonaro (PL-SP) nos Estados Unidos, ao defender o pai, [&hellip;]<\/p>\n","protected":false},"author":3,"featured_media":4453,"comment_status":"open","ping_status":"open","sticky":false,"template":"","format":"standard","meta":{"advanced_seo_description":"","jetpack_seo_html_title":"","jetpack_seo_noindex":false,"fifu_image_url":"https:\/\/medias.revistaoeste.com\/wp-content\/uploads\/2025\/04\/Tsema.jpg","fifu_image_alt":"","_jetpack_memberships_contains_paid_content":false,"footnotes":"","jetpack_publicize_message":"","jetpack_publicize_feature_enabled":true,"jetpack_social_post_already_shared":true,"jetpack_social_options":{"image_generator_settings":{"template":"highway","default_image_id":0,"font":"","enabled":false},"version":2}},"categories":[106,1],"tags":[],"class_list":{"0":"post-4452","1":"post","2":"type-post","3":"status-publish","4":"format-standard","5":"has-post-thumbnail","7":"category-politica","8":"category-uncategorized"},"jetpack_publicize_connections":[],"jetpack_featured_media_url":"https:\/\/i0.wp.com\/medias.revistaoeste.com\/wp-content\/uploads\/2025\/04\/Tsema.jpg?fit=%2C&ssl=1","jetpack_sharing_enabled":true,"jetpack-related-posts":[],"_links":{"self":[{"href":"https:\/\/friburgonoticias.com.br\/temp\/wp-json\/wp\/v2\/posts\/4452","targetHints":{"allow":["GET"]}}],"collection":[{"href":"https:\/\/friburgonoticias.com.br\/temp\/wp-json\/wp\/v2\/posts"}],"about":[{"href":"https:\/\/friburgonoticias.com.br\/temp\/wp-json\/wp\/v2\/types\/post"}],"author":[{"embeddable":true,"href":"https:\/\/friburgonoticias.com.br\/temp\/wp-json\/wp\/v2\/users\/3"}],"replies":[{"embeddable":true,"href":"https:\/\/friburgonoticias.com.br\/temp\/wp-json\/wp\/v2\/comments?post=4452"}],"version-history":[{"count":0,"href":"https:\/\/friburgonoticias.com.br\/temp\/wp-json\/wp\/v2\/posts\/4452\/revisions"}],"wp:featuredmedia":[{"embeddable":true,"href":"https:\/\/friburgonoticias.com.br\/temp\/wp-json\/wp\/v2\/media\/4453"}],"wp:attachment":[{"href":"https:\/\/friburgonoticias.com.br\/temp\/wp-json\/wp\/v2\/media?parent=4452"}],"wp:term":[{"taxonomy":"category","embeddable":true,"href":"https:\/\/friburgonoticias.com.br\/temp\/wp-json\/wp\/v2\/categories?post=4452"},{"taxonomy":"post_tag","embeddable":true,"href":"https:\/\/friburgonoticias.com.br\/temp\/wp-json\/wp\/v2\/tags?post=4452"}],"curies":[{"name":"wp","href":"https:\/\/api.w.org\/{rel}","templated":true}]}}