{"id":4456,"date":"2025-09-23T12:42:59","date_gmt":"2025-09-23T12:42:59","guid":{"rendered":"https:\/\/friburgonoticias.com.br\/temp\/2025\/09\/23\/homem-morre-atropelado-apos-motorista-passar-mal-em-nova-friburgo\/"},"modified":"2025-09-23T12:42:59","modified_gmt":"2025-09-23T12:42:59","slug":"homem-morre-atropelado-apos-motorista-passar-mal-em-nova-friburgo","status":"publish","type":"post","link":"https:\/\/friburgonoticias.com.br\/temp\/2025\/09\/23\/homem-morre-atropelado-apos-motorista-passar-mal-em-nova-friburgo\/","title":{"rendered":"Homem morre atropelado ap\u00f3s motorista passar mal em Nova Friburgo"},"content":{"rendered":"<p><\/p>\n<div id=\"post-56552\">\n<div class=\"post-header post-tp-13-header\">\n<div class=\"single-featured\">\n<img loading=\"lazy\" decoding=\"async\" data-lazyloaded=\"1\" src=\"https:\/\/www.serranewsrj.com.br\/wp-content\/uploads\/2025\/09\/acidente-nova-suica-1130x580.jpg\" width=\"1130\" height=\"580\" alt=\"\"\/><\/div>\n<\/div>\n<div class=\"entry-content clearfix single-post-content\">\n<p style=\"text-align: justify;\" data-start=\"145\" data-end=\"451\">Uma trag\u00e9dia foi registrada na tarde de segunda-feira (22\/09), no bairro Nova Su\u00ed\u00e7a, em Nova Friburgo. Um homem de 59 anos, identificado como Antonio Dutra, catador de recicl\u00e1veis e morador da regi\u00e3o, morreu ap\u00f3s ser atropelado por um carro na Rua Romana Villas Boas Schuenck, em frente a um restaurante.<\/p>\n<div class=\"hmgwcnbda hmgwcnbda-post-inline hmgwcnbda-float-center hmgwcnbda-align-center hmgwcnbda-column-1 hmgwcnbda-clearfix no-bg-box-model\">\n<div id=\"hmgwcnbda-40657-768699855\" class=\"hmgwcnbda-container hmgwcnbda-type-image\" itemscope=\"\" itemtype=\"https:\/\/schema.org\/WPAdBlock\" data-adid=\"40657\" data-type=\"image\"><a itemprop=\"url\" class=\"hmgwcnbda-link\" href=\"https:\/\/www.instagram.com\/festadomorangocomchocolate?utm_source=ig_web_button_share_sheet&amp;igsh=ZDNlZDc0MzIxNw==\" target=\"_blank\" rel=\"nofollow\"><img loading=\"lazy\" decoding=\"async\" data-lazyloaded=\"1\" width=\"2560\" height=\"624\" class=\"hmgwcnbda-image\" src=\"https:\/\/www.serranewsrj.com.br\/wp-content\/uploads\/2025\/09\/MorangocomChocolate-1-ezgif.com-png-to-webp-converter-scaled.webp\" alt=\"Teia de Eventos \u2013 Nossa Feira \u2013 1230 x 300 pxl\"\/><\/a><\/div>\n<\/div>\n<p style=\"text-align: justify;\" data-start=\"453\" data-end=\"737\">O acidente ocorreu por volta das 13h. Segundo testemunhas, o motorista de um Toyota Corolla teria passado mal e perdido o controle do ve\u00edculo, que atingiu uma prote\u00e7\u00e3o de ferro antes de atropelar a v\u00edtima. O carro ainda colidiu com uma motocicleta que estava estacionada na cal\u00e7ada.<\/p>\n<p style=\"text-align: justify;\" data-start=\"739\" data-end=\"939\">De acordo com o Corpo de Bombeiros, Antonio Dutra n\u00e3o resistiu aos ferimentos e morreu no local. J\u00e1 o motorista do ve\u00edculo foi socorrido e encaminhado para atendimento m\u00e9dico no Hospital Raul Sert\u00e3.<\/p>\n<p style=\"text-align: justify;\" data-start=\"941\" data-end=\"1146\">A Pol\u00edcia Militar isolou a \u00e1rea e a per\u00edcia t\u00e9cnica da Pol\u00edcia Civil realizou os procedimentos necess\u00e1rios. O caso foi registrado na 151\u00aa Delegacia de Pol\u00edcia, que ficar\u00e1 respons\u00e1vel pelas investiga\u00e7\u00f5es.<\/p>\n<div class=\"hmgwcnbda hmgwcnbda-post-inline hmgwcnbda-float-center hmgwcnbda-align-center hmgwcnbda-column-1 hmgwcnbda-clearfix no-bg-box-model\">\n<div id=\"hmgwcnbda-52933-524577812\" class=\"hmgwcnbda-container hmgwcnbda-type-image\" itemscope=\"\" itemtype=\"https:\/\/schema.org\/WPAdBlock\" data-adid=\"52933\" data-type=\"image\"><a itemprop=\"url\" class=\"hmgwcnbda-link\" href=\"https:\/\/jmfsaude.com.br\/\" target=\"_blank\" rel=\"nofollow\"><img loading=\"lazy\" decoding=\"async\" data-lazyloaded=\"1\" width=\"1200\" height=\"400\" class=\"hmgwcnbda-image\" src=\"https:\/\/www.serranewsrj.com.br\/wp-content\/uploads\/2025\/03\/bannersiteJMF-ezgif.com-png-to-webp-converter.webp\" alt=\"JMF Solu\u00e7\u00f5es em Sa\u00fade \u2013 1200\u00d7400 pxl WebP\"\/><\/a><\/div>\n<\/div>\n<\/div>\n<\/div>\n<div id=\"\">\n<a href=\"https:\/\/www.serranewsrj.com.br\/author\/admin-2\" title=\"Artigos de autor\"><br \/>\n<span class=\"post-author-avatar\" itemprop=\"image\"><img loading=\"lazy\" decoding=\"async\" data-lazyloaded=\"1\" alt=\"\" src=\"https:\/\/www.serranewsrj.com.br\/wp-content\/uploads\/2025\/03\/REDONDA-4-180x180.png\" class=\"avatar avatar-80 photo avatar-default\" height=\"80\" width=\"80\"\/><\/span><br \/>\n<\/a><\/p>\n<div class=\"post-author-bio\" itemprop=\"description\">A sua fonte segura de informa\u00e7\u00e3o no interior do Rio de Janeiro.<\/p>\n<\/div>\n<\/div>\n<p><script async src=\"\/\/www.instagram.com\/embed.js\"><\/script><br \/>\n<br \/><\/a><\/p>\n<p>Fonte: www.serranewsrj.com.br<\/p>\n","protected":false},"excerpt":{"rendered":"<p>Uma trag\u00e9dia foi registrada na tarde de segunda-feira (22\/09), no bairro Nova Su\u00ed\u00e7a, em Nova Friburgo. Um homem de 59 anos, identificado como Antonio Dutra, catador de recicl\u00e1veis e morador da regi\u00e3o, morreu ap\u00f3s ser atropelado por um carro na Rua Romana Villas Boas Schuenck, em frente a um restaurante. O acidente ocorreu por volta [&hellip;]<\/p>\n","protected":false},"author":3,"featured_media":4457,"comment_status":"open","ping_status":"open","sticky":false,"template":"","format":"standard","meta":{"advanced_seo_description":"","jetpack_seo_html_title":"","jetpack_seo_noindex":false,"fifu_image_url":"https:\/\/www.serranewsrj.com.br\/wp-content\/uploads\/2025\/09\/acidente-nova-suica.jpg","fifu_image_alt":"","_jetpack_memberships_contains_paid_content":false,"footnotes":"","jetpack_publicize_message":"","jetpack_publicize_feature_enabled":true,"jetpack_social_post_already_shared":true,"jetpack_social_options":{"image_generator_settings":{"template":"highway","default_image_id":0,"font":"","enabled":false},"version":2}},"categories":[104,1],"tags":[],"class_list":{"0":"post-4456","1":"post","2":"type-post","3":"status-publish","4":"format-standard","5":"has-post-thumbnail","7":"category-cidade","8":"category-uncategorized"},"jetpack_publicize_connections":[],"jetpack_featured_media_url":"https:\/\/i0.wp.com\/www.serranewsrj.com.br\/wp-content\/uploads\/2025\/09\/acidente-nova-suica.jpg?fit=%2C&ssl=1","jetpack_sharing_enabled":true,"jetpack-related-posts":[],"_links":{"self":[{"href":"https:\/\/friburgonoticias.com.br\/temp\/wp-json\/wp\/v2\/posts\/4456","targetHints":{"allow":["GET"]}}],"collection":[{"href":"https:\/\/friburgonoticias.com.br\/temp\/wp-json\/wp\/v2\/posts"}],"about":[{"href":"https:\/\/friburgonoticias.com.br\/temp\/wp-json\/wp\/v2\/types\/post"}],"author":[{"embeddable":true,"href":"https:\/\/friburgonoticias.com.br\/temp\/wp-json\/wp\/v2\/users\/3"}],"replies":[{"embeddable":true,"href":"https:\/\/friburgonoticias.com.br\/temp\/wp-json\/wp\/v2\/comments?post=4456"}],"version-history":[{"count":0,"href":"https:\/\/friburgonoticias.com.br\/temp\/wp-json\/wp\/v2\/posts\/4456\/revisions"}],"wp:featuredmedia":[{"embeddable":true,"href":"https:\/\/friburgonoticias.com.br\/temp\/wp-json\/wp\/v2\/media\/4457"}],"wp:attachment":[{"href":"https:\/\/friburgonoticias.com.br\/temp\/wp-json\/wp\/v2\/media?parent=4456"}],"wp:term":[{"taxonomy":"category","embeddable":true,"href":"https:\/\/friburgonoticias.com.br\/temp\/wp-json\/wp\/v2\/categories?post=4456"},{"taxonomy":"post_tag","embeddable":true,"href":"https:\/\/friburgonoticias.com.br\/temp\/wp-json\/wp\/v2\/tags?post=4456"}],"curies":[{"name":"wp","href":"https:\/\/api.w.org\/{rel}","templated":true}]}}