{"id":4464,"date":"2025-09-23T13:47:39","date_gmt":"2025-09-23T13:47:39","guid":{"rendered":"https:\/\/friburgonoticias.com.br\/temp\/2025\/09\/23\/pequim30-avancos-e-desafios-para-a-igualdade-de-genero-assista-noticias\/"},"modified":"2025-09-23T13:47:39","modified_gmt":"2025-09-23T13:47:39","slug":"pequim30-avancos-e-desafios-para-a-igualdade-de-genero-assista-noticias","status":"publish","type":"post","link":"https:\/\/friburgonoticias.com.br\/temp\/2025\/09\/23\/pequim30-avancos-e-desafios-para-a-igualdade-de-genero-assista-noticias\/","title":{"rendered":"Pequim+30: avan\u00e7os e desafios para a igualdade de g\u00eanero; assista &#8211; Not\u00edcias"},"content":{"rendered":"<p><\/p>\n<div>\n<div>\n<p class=\"g-artigo__data-hora\">\n                      23\/09\/2025 &#8211; 10:33 \u00a0\n                    <\/p>\n<div id=\"video-container-1203048\" class=\"embed-responsive embed-responsive-16by9\" style=\"margin-bottom: 18px;\" data-youtube-id=\"R61-0_lVJaA\">\n        <em>YouTube<\/em><br \/>\n        <iframe loading=\"lazy\" title=\"Pequim +30: Apesar de avan\u00e7os, Brasil segue longe da igualdade de g\u00eaneros - 22\/09\/25\" width=\"1170\" height=\"658\" src=\"https:\/\/www.youtube.com\/embed\/R61-0_lVJaA?feature=oembed\" frameborder=\"0\" allow=\"accelerometer; autoplay; clipboard-write; encrypted-media; gyroscope; picture-in-picture; web-share\" referrerpolicy=\"strict-origin-when-cross-origin\" allowfullscreen><\/iframe><\/p><\/div>\n<p data-start=\"209\" data-end=\"449\">H\u00e1 30 anos, em Pequim (China), a comunidade internacional firmou compromissos hist\u00f3ricos para avan\u00e7ar na igualdade de g\u00eanero. O Brasil participou do encontro e assinou o protocolo de inten\u00e7\u00f5es conhecido como Pequim+30.<\/p>\n<p data-start=\"451\" data-end=\"750\">Desde ent\u00e3o, houve avan\u00e7os, como o aumento da participa\u00e7\u00e3o das mulheres na pol\u00edtica e no mercado de trabalho. &#8220;A <yt-formatted-string class=\"segment-text style-scope ytd-transcript-segment-renderer\" aria-hidden=\"true\" tabindex=\"-1\">partir dali o <\/yt-formatted-string><ytd-transcript-segment-renderer class=\"style-scope ytd-transcript-segment-list-renderer\" rounded-container=\"\" mouse-over=\"\">mundo feminino pode ser visibilizado nas suas demandas&#8221;, lembra a deputada Benedita da Silva (PT-RJ).<\/ytd-transcript-segment-renderer><\/p>\n<p data-start=\"451\" data-end=\"750\">Apesar dos progressos, os n\u00fameros ainda mostram desigualdades: mulheres recebem, em m\u00e9dia, menos que os homens e continuam sendo as principais v\u00edtimas da viol\u00eancia dom\u00e9stica.<\/p>\n<p data-start=\"942\" data-end=\"1205\">No Congresso, parlamentares reconhecem o desafio de transformar compromissos internacionais em pol\u00edticas p\u00fablicas concretas. Entre as medidas apontadas est\u00e3o a amplia\u00e7\u00e3o da rede de prote\u00e7\u00e3o \u00e0s mulheres e o est\u00edmulo \u00e0 ocupa\u00e7\u00e3o de cargos de lideran\u00e7a.<\/p>\n<p data-start=\"1207\" data-end=\"1493\">A deputada Delegada Katarina (PSD-SE)\u00a0destaca novos temas que precisam de aten\u00e7\u00e3o, como viol\u00eancia digital, viol\u00eancia pol\u00edtica e empoderamento econ\u00f4mico.<\/p>\n<p>        \u00a0<br \/>\n        <iframe class=\"infografico-container\" style=\"width: 100%; height: 100%;\" src=\"https:\/\/www.camara.leg.br\/internet\/agencia\/infograficos-html5\/participacao-mulher-legislativo-2024\/index.html\" frameborder=\"0\" data-mce-fragment=\"1\"><\/iframe><br \/>\n        \u00a0<\/p>\n<p style=\"font-size: 0.8rem; font-weight: 700;\">Da TV C\u00e2mara<br \/>Edi\u00e7\u00e3o &#8211; ND<\/p>\n<\/p><\/div>\n<\/p><\/div>\n<p><\/a><\/p>\n<p>Fonte: www.camara.leg.br<\/p>\n","protected":false},"excerpt":{"rendered":"<p>23\/09\/2025 &#8211; 10:33 \u00a0 YouTube H\u00e1 30 anos, em Pequim (China), a comunidade internacional firmou compromissos hist\u00f3ricos para avan\u00e7ar na igualdade de g\u00eanero. O Brasil participou do encontro e assinou o protocolo de inten\u00e7\u00f5es conhecido como Pequim+30. Desde ent\u00e3o, houve avan\u00e7os, como o aumento da participa\u00e7\u00e3o das mulheres na pol\u00edtica e no mercado de trabalho. [&hellip;]<\/p>\n","protected":false},"author":3,"featured_media":4465,"comment_status":"open","ping_status":"open","sticky":false,"template":"","format":"standard","meta":{"advanced_seo_description":"","jetpack_seo_html_title":"","jetpack_seo_noindex":false,"fifu_image_url":"https:\/\/www.camara.leg.br\/tema\/assets\/images\/imagens-compartilhamento\/noticias.jpg","fifu_image_alt":"","_jetpack_memberships_contains_paid_content":false,"footnotes":"","jetpack_publicize_message":"","jetpack_publicize_feature_enabled":true,"jetpack_social_post_already_shared":true,"jetpack_social_options":{"image_generator_settings":{"template":"highway","default_image_id":0,"font":"","enabled":false},"version":2}},"categories":[107],"tags":[],"class_list":{"0":"post-4464","1":"post","2":"type-post","3":"status-publish","4":"format-standard","5":"has-post-thumbnail","7":"category-economia"},"jetpack_publicize_connections":[],"jetpack_featured_media_url":"https:\/\/i0.wp.com\/www.camara.leg.br\/tema\/assets\/images\/imagens-compartilhamento\/noticias.jpg?fit=%2C&ssl=1","jetpack_sharing_enabled":true,"jetpack-related-posts":[],"_links":{"self":[{"href":"https:\/\/friburgonoticias.com.br\/temp\/wp-json\/wp\/v2\/posts\/4464","targetHints":{"allow":["GET"]}}],"collection":[{"href":"https:\/\/friburgonoticias.com.br\/temp\/wp-json\/wp\/v2\/posts"}],"about":[{"href":"https:\/\/friburgonoticias.com.br\/temp\/wp-json\/wp\/v2\/types\/post"}],"author":[{"embeddable":true,"href":"https:\/\/friburgonoticias.com.br\/temp\/wp-json\/wp\/v2\/users\/3"}],"replies":[{"embeddable":true,"href":"https:\/\/friburgonoticias.com.br\/temp\/wp-json\/wp\/v2\/comments?post=4464"}],"version-history":[{"count":0,"href":"https:\/\/friburgonoticias.com.br\/temp\/wp-json\/wp\/v2\/posts\/4464\/revisions"}],"wp:featuredmedia":[{"embeddable":true,"href":"https:\/\/friburgonoticias.com.br\/temp\/wp-json\/wp\/v2\/media\/4465"}],"wp:attachment":[{"href":"https:\/\/friburgonoticias.com.br\/temp\/wp-json\/wp\/v2\/media?parent=4464"}],"wp:term":[{"taxonomy":"category","embeddable":true,"href":"https:\/\/friburgonoticias.com.br\/temp\/wp-json\/wp\/v2\/categories?post=4464"},{"taxonomy":"post_tag","embeddable":true,"href":"https:\/\/friburgonoticias.com.br\/temp\/wp-json\/wp\/v2\/tags?post=4464"}],"curies":[{"name":"wp","href":"https:\/\/api.w.org\/{rel}","templated":true}]}}