{"id":4476,"date":"2025-09-23T18:07:52","date_gmt":"2025-09-23T18:07:52","guid":{"rendered":"https:\/\/friburgonoticias.com.br\/temp\/2025\/09\/23\/hugo-motta-defende-diplomacia-e-espera-solucao-para-tarifas-contra-produtos-brasileiros-noticias\/"},"modified":"2025-09-23T18:07:52","modified_gmt":"2025-09-23T18:07:52","slug":"hugo-motta-defende-diplomacia-e-espera-solucao-para-tarifas-contra-produtos-brasileiros-noticias","status":"publish","type":"post","link":"https:\/\/friburgonoticias.com.br\/temp\/2025\/09\/23\/hugo-motta-defende-diplomacia-e-espera-solucao-para-tarifas-contra-produtos-brasileiros-noticias\/","title":{"rendered":"Hugo Motta defende diplomacia e espera solu\u00e7\u00e3o para tarifas contra produtos brasileiros &#8211; Not\u00edcias"},"content":{"rendered":"<p><\/p>\n<div>\n<p class=\"g-artigo__data-hora\">\n                      23\/09\/2025 &#8211; 14:53 \u00a0\n                    <\/p>\n<div id=\"image-container-1203399\" class=\"image-container\" style=\"float: none; margin: 45px 0px; width: 100%;\" data-midia=\"1203399\">\n        <em>Acervo C\u00e2mara dos Deputados<\/em><\/p>\n<p>        Motta: &#8220;Nossa soberania n\u00e3o tem discuss\u00e3o&#8221;\n        <\/p><\/div>\n<p>        O presidente da C\u00e2mara dos Deputados, Hugo Motta (Republicanos-PB), comemorou a participa\u00e7\u00e3o do Brasil na Assembleia-Geral da Organiza\u00e7\u00e3o das Na\u00e7\u00f5es Unidas (ONU). Ap\u00f3s um breve encontro com o presidente do Brasil, Luiz In\u00e1cio Lula da Silva, o presidente dos Estados Unidos, Donald Trump, anunciou que poder\u00e1 reunir-se com o brasileiro na semana que vem.<br \/>\n        Em entrevista coletiva nesta ter\u00e7a-feira (23), Hugo Motta disse esperar que a diplomacia seja a resposta para tarifas impostas pelos Estados Unidos a produtos brasileiros.<br \/>\n        &#8220;Eu vejo com muito bons olhos o que se deu como resultado dessa Assembleia da ONU no dia de hoje. Eu sempre defendi que o di\u00e1logo, a diplomacia, possa ajudar os nossos pa\u00edses, que t\u00eam rela\u00e7\u00f5es hist\u00f3ricas de centenas de anos, a resolverem esse imbr\u00f3glio&#8221;, disse Motta. &#8220;Eu defendo sempre que o governo brasileiro possa, em di\u00e1logo com o governo americano, dirimir as d\u00favidas e deixar para tr\u00e1s as tarifas e as san\u00e7\u00f5es e retomar a rela\u00e7\u00e3o entre os pa\u00edses.&#8221;<br \/>\n        &#8220;O Brasil tem institui\u00e7\u00f5es fortes, uma democracia forte. Nossa soberania n\u00e3o tem discuss\u00e3o. Confio que, atrav\u00e9s do di\u00e1logo e da democracia, essa situa\u00e7\u00e3o possa ser resolvida&#8221;, acrescentou o presidente da C\u00e2mara.<br \/>\n        <strong>Lideran\u00e7a da Minoria<\/strong><br \/>Tamb\u00e9m na entrevista, o presidente da C\u00e2mara afirmou que a decis\u00e3o de rejeitar a indica\u00e7\u00e3o do deputado Eduardo Bolsonaro (PL-SP) \u00e0 lideran\u00e7a da <span id=\"4279\" class=\"termoGlossario\" title=\"Bancada partid\u00e1ria cujo n\u00famero de integrantes seja imediatamente inferior \u00e0 maioria e que expresse posi\u00e7\u00e3o diferente desta em rela\u00e7\u00e3o ao governo.\" contenteditable=\"false\" data-toggle=\"tooltip\" data-placement=\"top\">Minoria<\/span> foi estritamente t\u00e9cnica. &#8220;N\u00f3s seguimos o parecer da Secretaria-Geral da Mesa, que decidiu n\u00e3o haver possibilidade do exerc\u00edcio do mandato parlamentar estando ausente do territ\u00f3rio nacional. N\u00e3o h\u00e1 nenhum precedente na Casa&#8221;, argumentou.<br \/>\n        Hugo Motta explicou que o uso do aplicativo Infoleg nas vota\u00e7\u00f5es do Plen\u00e1rio \u00e9 permitido aos l\u00edderes para que exer\u00e7am o mandato na Casa quando est\u00e3o em outras atividades.<br \/>\n        &#8220;O deputado Eduardo Bolsonaro n\u00e3o est\u00e1 em territ\u00f3rio nacional, como n\u00f3s todos sabemos.&#8221; Ele explicou que a C\u00e2mara n\u00e3o foi comunicada previamente sobre a sa\u00edda do deputado do pa\u00eds. &#8220;Ent\u00e3o, por esse crit\u00e9rio t\u00e9cnico, \u00e9 incompat\u00edvel a sua assun\u00e7\u00e3o \u00e0 lideran\u00e7a da Minoria aqui na C\u00e2mara dos Deputados. \u00c9 uma regra que vale para o deputado Bolsonaro e vale para todos os deputados, inclusive para mim&#8221;, ponderou.<br \/>\n        <strong>Reuni\u00e3o de l\u00edderes<\/strong><br \/>O presidente da C\u00e2mara afirmou ainda que a reuni\u00e3o de l\u00edderes desta tarde deve definir um cronograma para a vota\u00e7\u00e3o da proposta que concede isen\u00e7\u00e3o de Imposto de Renda para quem ganha at\u00e9 R$ 5 mil (Projeto de Lei 1087\/25, do Poder Executivo).<br \/>\n        O relator do projeto, deputado Arthur Lira (PP-AL), reuniu-se mais cedo com Hugo Motta e a ministra de Rela\u00e7\u00f5es Institucionais, Gleisi Hoffman.<br \/>\n        A reuni\u00e3o de l\u00edderes tamb\u00e9m deve discutir o relat\u00f3rio da Medida Provis\u00f3ria (MP) 1303\/25, que estabelece novas regras para a tributa\u00e7\u00e3o de aplica\u00e7\u00f5es financeiras e ativos virtuais no Brasil.<br \/>\n        O parecer ser\u00e1 apresentado aos l\u00edderes pelo relator, deputado Carlos Zarattini (PT-SP), e pode ser votado ainda hoje pela comiss\u00e3o que analisa a MP.<\/p>\n<p style=\"font-size: 0.8rem; font-weight: 700;\">Reportagem &#8211; Francisco Brand\u00e3o<br \/>Edi\u00e7\u00e3o &#8211; Wilson Silveira<\/p>\n<\/p><\/div>\n<p><\/a><\/p>\n<p>Fonte: www.camara.leg.br<\/p>\n","protected":false},"excerpt":{"rendered":"<p>23\/09\/2025 &#8211; 14:53 \u00a0 Acervo C\u00e2mara dos Deputados Motta: &#8220;Nossa soberania n\u00e3o tem discuss\u00e3o&#8221; O presidente da C\u00e2mara dos Deputados, Hugo Motta (Republicanos-PB), comemorou a participa\u00e7\u00e3o do Brasil na Assembleia-Geral da Organiza\u00e7\u00e3o das Na\u00e7\u00f5es Unidas (ONU). Ap\u00f3s um breve encontro com o presidente do Brasil, Luiz In\u00e1cio Lula da Silva, o presidente dos Estados Unidos, [&hellip;]<\/p>\n","protected":false},"author":3,"featured_media":4477,"comment_status":"open","ping_status":"open","sticky":false,"template":"","format":"standard","meta":{"advanced_seo_description":"","jetpack_seo_html_title":"","jetpack_seo_noindex":false,"fifu_image_url":"https:\/\/www.camara.leg.br\/midias\/image\/2025\/09\/img20250923120901899-768x473.jpg","fifu_image_alt":"","_jetpack_memberships_contains_paid_content":false,"footnotes":"","jetpack_publicize_message":"","jetpack_publicize_feature_enabled":true,"jetpack_social_post_already_shared":true,"jetpack_social_options":{"image_generator_settings":{"template":"highway","default_image_id":0,"font":"","enabled":false},"version":2}},"categories":[107],"tags":[],"class_list":{"0":"post-4476","1":"post","2":"type-post","3":"status-publish","4":"format-standard","5":"has-post-thumbnail","7":"category-economia"},"jetpack_publicize_connections":[],"jetpack_featured_media_url":"https:\/\/i0.wp.com\/www.camara.leg.br\/midias\/image\/2025\/09\/img20250923120901899-768x473.jpg?fit=%2C&ssl=1","jetpack_sharing_enabled":true,"jetpack-related-posts":[],"_links":{"self":[{"href":"https:\/\/friburgonoticias.com.br\/temp\/wp-json\/wp\/v2\/posts\/4476","targetHints":{"allow":["GET"]}}],"collection":[{"href":"https:\/\/friburgonoticias.com.br\/temp\/wp-json\/wp\/v2\/posts"}],"about":[{"href":"https:\/\/friburgonoticias.com.br\/temp\/wp-json\/wp\/v2\/types\/post"}],"author":[{"embeddable":true,"href":"https:\/\/friburgonoticias.com.br\/temp\/wp-json\/wp\/v2\/users\/3"}],"replies":[{"embeddable":true,"href":"https:\/\/friburgonoticias.com.br\/temp\/wp-json\/wp\/v2\/comments?post=4476"}],"version-history":[{"count":0,"href":"https:\/\/friburgonoticias.com.br\/temp\/wp-json\/wp\/v2\/posts\/4476\/revisions"}],"wp:featuredmedia":[{"embeddable":true,"href":"https:\/\/friburgonoticias.com.br\/temp\/wp-json\/wp\/v2\/media\/4477"}],"wp:attachment":[{"href":"https:\/\/friburgonoticias.com.br\/temp\/wp-json\/wp\/v2\/media?parent=4476"}],"wp:term":[{"taxonomy":"category","embeddable":true,"href":"https:\/\/friburgonoticias.com.br\/temp\/wp-json\/wp\/v2\/categories?post=4476"},{"taxonomy":"post_tag","embeddable":true,"href":"https:\/\/friburgonoticias.com.br\/temp\/wp-json\/wp\/v2\/tags?post=4476"}],"curies":[{"name":"wp","href":"https:\/\/api.w.org\/{rel}","templated":true}]}}