{"id":4490,"date":"2025-09-23T20:44:29","date_gmt":"2025-09-23T20:44:29","guid":{"rendered":"https:\/\/friburgonoticias.com.br\/temp\/2025\/09\/23\/conselho-de-etica-abre-processo-movido-pelo-pt-contra-eduardo-bolsonaro-noticias\/"},"modified":"2025-09-23T20:44:29","modified_gmt":"2025-09-23T20:44:29","slug":"conselho-de-etica-abre-processo-movido-pelo-pt-contra-eduardo-bolsonaro-noticias","status":"publish","type":"post","link":"https:\/\/friburgonoticias.com.br\/temp\/2025\/09\/23\/conselho-de-etica-abre-processo-movido-pelo-pt-contra-eduardo-bolsonaro-noticias\/","title":{"rendered":"Conselho de \u00c9tica abre processo movido pelo PT contra Eduardo Bolsonaro &#8211; Not\u00edcias"},"content":{"rendered":"<p><\/p>\n<div>\n<p class=\"g-artigo__data-hora\">\n                      23\/09\/2025 &#8211; 17:05 \u00a0<br \/>\n                        <span>\u2022 \u00a0 Atualizado em 23\/09\/2025 &#8211; 17:26<\/span>\n                    <\/p>\n<div id=\"image-container-1203477\" class=\"image-container\" style=\"float: none; margin: 45px 0px; width: 100%;\" data-midia=\"1203477\">\n        <em>Pablo Valadares \/ C\u00e2mara dos Deputados<\/em><\/p>\n<p>        Fabio Schiochet preside reuni\u00e3o do Conselho de \u00c9tica\n        <\/p><\/div>\n<p>        O Conselho de \u00c9tica e Decoro Parlamentar da C\u00e2mara dos Deputados abriu nesta ter\u00e7a-feira (23) processo disciplinar contra o deputado Eduardo Bolsonaro (PL-SP), a pedido do PT, que pede a cassa\u00e7\u00e3o do mandato do deputado.<br \/>\n        A <a href=\"https:\/\/www.camara.leg.br\/proposicoesWeb\/prop_mostrarintegra?codteor=2975464&amp;filename=REP%2022\/2025\">Representa\u00e7\u00e3o 22\/25<\/a> acusa Eduardo Bolsonaro de quebra de <span id=\"4090\" class=\"termoGlossario\" title=\"Conjunto de princ\u00edpios \u00e9ticos e normas de conduta que devem orientar o comportamento do parlamentar no exerc\u00edcio de seu mandato. \" contenteditable=\"false\" data-toggle=\"tooltip\" data-placement=\"top\">decoro parlamentar<\/span> por diversas condutas, incluindo ataques verbais a institui\u00e7\u00f5es democr\u00e1ticas, como o Supremo Tribunal Federal (STF), e a tentativa de influenciar autoridades estrangeiras a impor san\u00e7\u00f5es contra o Brasil.<br \/>\n        O presidente do Conselho de \u00c9tica, deputado Fabio Schiochet (Uni\u00e3o-SC), informou que anunciar\u00e1 em breve o nome do relator \u2013 que ser\u00e1 um dos integrantes da lista tr\u00edplice sorteada na mesma reuni\u00e3o: Duda Salabert (PDT-MG), Paulo Lemos (Psol-AP) e Delegado Marcelo Freitas (Uni\u00e3o-MG). O prazo para a vota\u00e7\u00e3o da representa\u00e7\u00e3o \u00e9 de 90 dias.<br \/>\n        Na representa\u00e7\u00e3o, assinada pelo senador Humberto Costa (PE), ent\u00e3o presidente nacional do PT, e pelo deputado Paul\u00e3o (PT-AL), Eduardo Bolsonaro \u00e9 criticado por usar o \u201cmandato como plataforma para desestabiliza\u00e7\u00e3o institucional\u201d.<br \/>\n        \u201cO representado buscou \u2013 e, segundo ele pr\u00f3prio, obteve \u00eaxito parcial \u2013 influenciar autoridades do governo estadunidense a imporem san\u00e7\u00f5es contra integrantes do STF, da Procuradoria-Geral da Rep\u00fablica (PGR) e da Pol\u00edcia Federal, em repres\u00e1lia \u00e0s investiga\u00e7\u00f5es que envolvem seu pai e correligion\u00e1rios\u201d, diz o documento.<br \/>\n        Segundo a representa\u00e7\u00e3o, \u201ca imunidade parlamentar n\u00e3o \u00e9 um salvo-conduto para a pr\u00e1tica de atos atentat\u00f3rios \u00e0 ordem institucional, tampouco um manto protetor para discursos de incita\u00e7\u00e3o \u00e0 ruptura democr\u00e1tica\u201d.<br \/>\n        Por fim, o documento tamb\u00e9m aponta que Eduardo Bolsonaro ultrapassou em julho o prazo de sua licen\u00e7a para tratar de interesses particulares nos Estados Unidos e, desde agosto, est\u00e1 faltando ao trabalho na C\u00e2mara.<br \/>\n        <strong>Cr\u00edtica ao conselho<\/strong><br \/>Durante a reuni\u00e3o, o deputado Delegado Paulo Bilynskyj (PL-SP) criticou a decis\u00e3o do Conselho de \u00c9tica de abrir o processo, afirmando que isso amea\u00e7a o funcionamento do Parlamento. Ele ressaltou que, durante a pandemia, de mar\u00e7o de 2020 a outubro de 2021, os deputados exerceram seus mandatos remotamente, sem necessidade de presen\u00e7a f\u00edsica<strong>.<\/strong><br \/>\n        Bilynskyj tamb\u00e9m criticou a decis\u00e3o do <span class=\"cf0\">presidente da C\u00e2mara, Hugo Motta, de <a href=\"https:\/\/www.camara.leg.br\/noticias\/1202992-motta-nega-indicacao-de-eduardo-bolsonaro-como-lider-da-minoria\/\">rejeitar a indica\u00e7\u00e3o de Eduardo Bolsonaro para o cargo de l\u00edder<\/a> da <span id=\"4279\" class=\"termoGlossario\" title=\"Bancada partid\u00e1ria cujo n\u00famero de integrantes seja imediatamente inferior \u00e0 maioria e que expresse posi\u00e7\u00e3o diferente desta em rela\u00e7\u00e3o ao governo.\" contenteditable=\"false\" data-toggle=\"tooltip\" data-placement=\"top\">Minoria<\/span>. <\/span>\u201cCom todo respeito, a decis\u00e3o n\u00e3o encontra nem mesmo respaldo no pr\u00f3prio hist\u00f3rico da Casa, que permitiu, por um ano e sete meses, que os deputados federais exercessem seus mandatos de forma on-line, independentemente de onde estivessem\u201d, disse.<br \/>\n        <strong>Ataque \u00e0 soberania<\/strong><br \/>Por outro lado, o deputado Chico Alencar (Psol-RJ) destacou que Eduardo Bolsonaro enfrenta quatro representa\u00e7\u00f5es por condutas que ferem a \u00e9tica parlamentar.<br \/>\n        \u201cEduardo Bolsonaro disse que est\u00e1 l\u00e1 [nos EUA] para tramar contra o que consideramos o interesse nacional do Brasil. Agora, ele est\u00e1 inclusive como indiciado por trabalhar contra um processo judicial. Isso vai ser examinado ainda pelo Supremo, mas \u00e9 uma den\u00fancia da Procuradoria-Geral da Rep\u00fablica por coa\u00e7\u00e3o no curso do processo. O quadro \u00e9 muito preocupante\u201d, disse.<br \/>\n        <strong>Outras representa\u00e7\u00f5es<br \/><\/strong>O presidente do Conselho de \u00c9tica informou que existem outras tr\u00eas representa\u00e7\u00f5es similares contra Eduardo Bolsonaro (REPs 5\/25, 17\/25 e 19\/25), todas protocoladas em 15 de agosto. Segundo ele, o colegiado aguarda um parecer da Presid\u00eancia da C\u00e2mara, que definir\u00e1 se essas representa\u00e7\u00f5es ser\u00e3o analisadas em conjunto ou separadamente.<\/p>\n<p style=\"font-size: 0.8rem; font-weight: 700;\">Reportagem \u2013 Murilo Souza<br \/>Edi\u00e7\u00e3o \u2013 Wilson Silveira<\/p>\n<\/p><\/div>\n<p><\/a><\/p>\n<p>Fonte: www.camara.leg.br<\/p>\n","protected":false},"excerpt":{"rendered":"<p>23\/09\/2025 &#8211; 17:05 \u00a0 \u2022 \u00a0 Atualizado em 23\/09\/2025 &#8211; 17:26 Pablo Valadares \/ C\u00e2mara dos Deputados Fabio Schiochet preside reuni\u00e3o do Conselho de \u00c9tica O Conselho de \u00c9tica e Decoro Parlamentar da C\u00e2mara dos Deputados abriu nesta ter\u00e7a-feira (23) processo disciplinar contra o deputado Eduardo Bolsonaro (PL-SP), a pedido do PT, que pede a [&hellip;]<\/p>\n","protected":false},"author":3,"featured_media":4491,"comment_status":"open","ping_status":"open","sticky":false,"template":"","format":"standard","meta":{"advanced_seo_description":"","jetpack_seo_html_title":"","jetpack_seo_noindex":false,"fifu_image_url":"https:\/\/www.camara.leg.br\/midias\/image\/2025\/09\/img20250923141944122-768x473.jpg","fifu_image_alt":"","_jetpack_memberships_contains_paid_content":false,"footnotes":"","jetpack_publicize_message":"","jetpack_publicize_feature_enabled":true,"jetpack_social_post_already_shared":true,"jetpack_social_options":{"image_generator_settings":{"template":"highway","default_image_id":0,"font":"","enabled":false},"version":2}},"categories":[107],"tags":[],"class_list":{"0":"post-4490","1":"post","2":"type-post","3":"status-publish","4":"format-standard","5":"has-post-thumbnail","7":"category-economia"},"jetpack_publicize_connections":[],"jetpack_featured_media_url":"https:\/\/i0.wp.com\/www.camara.leg.br\/midias\/image\/2025\/09\/img20250923141944122-768x473.jpg?fit=%2C&ssl=1","jetpack_sharing_enabled":true,"jetpack-related-posts":[],"_links":{"self":[{"href":"https:\/\/friburgonoticias.com.br\/temp\/wp-json\/wp\/v2\/posts\/4490","targetHints":{"allow":["GET"]}}],"collection":[{"href":"https:\/\/friburgonoticias.com.br\/temp\/wp-json\/wp\/v2\/posts"}],"about":[{"href":"https:\/\/friburgonoticias.com.br\/temp\/wp-json\/wp\/v2\/types\/post"}],"author":[{"embeddable":true,"href":"https:\/\/friburgonoticias.com.br\/temp\/wp-json\/wp\/v2\/users\/3"}],"replies":[{"embeddable":true,"href":"https:\/\/friburgonoticias.com.br\/temp\/wp-json\/wp\/v2\/comments?post=4490"}],"version-history":[{"count":0,"href":"https:\/\/friburgonoticias.com.br\/temp\/wp-json\/wp\/v2\/posts\/4490\/revisions"}],"wp:featuredmedia":[{"embeddable":true,"href":"https:\/\/friburgonoticias.com.br\/temp\/wp-json\/wp\/v2\/media\/4491"}],"wp:attachment":[{"href":"https:\/\/friburgonoticias.com.br\/temp\/wp-json\/wp\/v2\/media?parent=4490"}],"wp:term":[{"taxonomy":"category","embeddable":true,"href":"https:\/\/friburgonoticias.com.br\/temp\/wp-json\/wp\/v2\/categories?post=4490"},{"taxonomy":"post_tag","embeddable":true,"href":"https:\/\/friburgonoticias.com.br\/temp\/wp-json\/wp\/v2\/tags?post=4490"}],"curies":[{"name":"wp","href":"https:\/\/api.w.org\/{rel}","templated":true}]}}