{"id":4506,"date":"2025-09-24T01:07:52","date_gmt":"2025-09-24T01:07:52","guid":{"rendered":"https:\/\/friburgonoticias.com.br\/temp\/2025\/09\/24\/oposicao-apresenta-recurso-contra-motta-sobre-eduardo-bolsonaro\/"},"modified":"2025-09-24T01:07:52","modified_gmt":"2025-09-24T01:07:52","slug":"oposicao-apresenta-recurso-contra-motta-sobre-eduardo-bolsonaro","status":"publish","type":"post","link":"https:\/\/friburgonoticias.com.br\/temp\/2025\/09\/24\/oposicao-apresenta-recurso-contra-motta-sobre-eduardo-bolsonaro\/","title":{"rendered":"Oposi\u00e7\u00e3o apresenta recurso contra Motta sobre Eduardo Bolsonaro"},"content":{"rendered":"<p><\/p>\n<div id=\"hd80s9wa1h892edh8192\">\n        Os deputados da oposi\u00e7\u00e3o protocolaram, nesta ter\u00e7a-feira, 23, um recurso na Mesa Diretora da <strong><a href=\"http:\/\/www.camara.leg.br\" target=\"_blank\" rel=\"noreferrer noopener\">C\u00e2mara<\/a><\/strong> contra a decis\u00e3o do presidente da Casa, Hugo Motta (Republicanos-PB), de rejeitar a indica\u00e7\u00e3o do deputado federal Eduardo Bolsonaro (PL-SP) ao cargo de l\u00edder da minoria.<\/p>\n<p>+ <strong>Leia mais not\u00edcias de <a href=\"http:\/\/www.revistaoeste.com\/politica\" target=\"_blank\" rel=\"noreferrer noopener\">Pol\u00edtica<\/a> em Oeste<\/strong><\/p>\n<p>De acordo com o documento, assinado pelo l\u00edder do Partido Liberal (PL) na C\u00e2mara, deputado S\u00f3stenes Cavalcante (PL-RJ), e pela atual l\u00edder da minoria, deputada Caroline de Toni (PL-SC), h\u00e1 incompet\u00eancia de Motta para decidir sobre a indica\u00e7\u00e3o do l\u00edder da minoria.<\/p>\n<p>\u201cN\u00e3o vamos aceitar essa decis\u00e3o do presidente Hugo Motta, de forma unilateral\u201d, declarou S\u00f3stenes. \u201cFoi dialogado e conversado com o presidente, e n\u00e3o vamos aceitar press\u00e3o externa para impedir o exerc\u00edcio do mandato de Eduardo Bolsonaro. N\u00e3o deixaremos nenhum de nossos soldados para tr\u00e1s.\u201d<\/p>\n<h2 class=\"wp-block-heading\" id=\"h-a-justificativa-de-motta-para-barrar-eduardo-bolsonaro\"><strong>A justificativa de Motta para barrar Eduardo Bolsonaro<\/strong><\/h2>\n<p>A decis\u00e3o, publicada na manh\u00e3 desta ter\u00e7a-feira, no <em>Di\u00e1rio Oficial da C\u00e2mara<\/em>, informa que Eduardo Bolsonaro, por residir fora do pa\u00eds, n\u00e3o pode ocupar o cargo de lideran\u00e7a.<\/p>\n<figure class=\"wp-block-embed is-type-video is-provider-youtube wp-block-embed-youtube wp-embed-aspect-16-9 wp-has-aspect-ratio\">\n<div class=\"wp-block-embed__wrapper\">\n<div class=\"perfmatters-lazy-youtube\" data-src=\"https:\/\/www.youtube.com\/embed\/0A2ZLCnWB-w\" data-id=\"0A2ZLCnWB-w\" data-query=\"feature=oembed\" onclick=\"perfmattersLazyLoadYouTube(this);\">\n<div><img loading=\"lazy\" decoding=\"async\" alt=\"YouTube video\" width=\"480\" height=\"360\" data-pin-nopin=\"true\" nopin=\"nopin\" class=\"perfmatters-lazy\" src=\"https:\/\/i.ytimg.com\/vi\/0A2ZLCnWB-w\/hqdefault.jpg\"\/><img loading=\"lazy\" decoding=\"async\" src=\"https:\/\/i.ytimg.com\/vi\/0A2ZLCnWB-w\/hqdefault.jpg\" alt=\"YouTube video\" width=\"480\" height=\"360\" data-pin-nopin=\"true\" nopin=\"nopin\"\/><\/div>\n<\/div>\n<p><noscript><iframe loading=\"lazy\" title=\"&#039;Moraes entrar\u00e1 na Justi\u00e7a contra san\u00e7\u00f5es, mas chances s\u00e3o remotas&#039;, diz Eduardo Bolsonaro\" width=\"1170\" height=\"658\" src=\"https:\/\/www.youtube.com\/embed\/0A2ZLCnWB-w?feature=oembed\" frameborder=\"0\" allow=\"accelerometer; autoplay; clipboard-write; encrypted-media; gyroscope; picture-in-picture; web-share\" referrerpolicy=\"strict-origin-when-cross-origin\" allowfullscreen><\/iframe><\/noscript>\n<\/div>\n<\/figure>\n<p>Os deputados ressaltaram que o posicionamento de Motta teria sido influenciado por press\u00f5es relacionadas a san\u00e7\u00f5es do governo norte-americano \u00e0 mulher do ministro Alexandre de Moraes, do Supremo Tribunal Federal (STF).<\/p>\n<p><strong><a href=\"https:\/\/revistaoeste.com\/politica\/sostenes-pl-vai-recorrer-da-decisao-de-motta-sobre-eduardo-bolsonaro\/\" target=\"_blank\" rel=\"noreferrer noopener\">+ S\u00f3stenes: PL vai recorrer da decis\u00e3o de Motta sobre Eduardo Bolsonaro<\/a><\/strong><\/p>\n<p>\u201cN\u00e3o podemos aceitar esse tipo de viola\u00e7\u00e3o as nossas prerrogativas parlamentares\u201d, afirmou Caroline de Toni. \u201cMais uma vez, essa Casa est\u00e1 sendo pressionada por for\u00e7as externas.\u201d<\/p>\n<p><strong>Leia mais: <a href=\"https:\/\/revistaoeste.com\/revista\/edicao-287\/freios-contrapesos-e-assimetria-de-poderes\/\" target=\"_blank\" rel=\"noreferrer noopener\">\u201cFreios, contrapesos e assimetria de Poderes\u201d<\/a>, artigo de Ubiratan Jorge Iorio publicado na Edi\u00e7\u00e3o 287 da Revista Oeste<\/strong><\/p><\/div>\n<p><\/a><\/p>\n<p>Fonte: revistaoeste.com<\/p>\n","protected":false},"excerpt":{"rendered":"<p>Os deputados da oposi\u00e7\u00e3o protocolaram, nesta ter\u00e7a-feira, 23, um recurso na Mesa Diretora da C\u00e2mara contra a decis\u00e3o do presidente da Casa, Hugo Motta (Republicanos-PB), de rejeitar a indica\u00e7\u00e3o do deputado federal Eduardo Bolsonaro (PL-SP) ao cargo de l\u00edder da minoria. + Leia mais not\u00edcias de Pol\u00edtica em Oeste De acordo com o documento, assinado [&hellip;]<\/p>\n","protected":false},"author":3,"featured_media":4507,"comment_status":"open","ping_status":"open","sticky":false,"template":"","format":"standard","meta":{"advanced_seo_description":"","jetpack_seo_html_title":"","jetpack_seo_noindex":false,"fifu_image_url":"https:\/\/medias.revistaoeste.com\/wp-content\/uploads\/2025\/06\/lula9481.jpg","fifu_image_alt":"","_jetpack_memberships_contains_paid_content":false,"footnotes":"","jetpack_publicize_message":"","jetpack_publicize_feature_enabled":true,"jetpack_social_post_already_shared":true,"jetpack_social_options":{"image_generator_settings":{"template":"highway","default_image_id":0,"font":"","enabled":false},"version":2}},"categories":[106,1],"tags":[],"class_list":{"0":"post-4506","1":"post","2":"type-post","3":"status-publish","4":"format-standard","5":"has-post-thumbnail","7":"category-politica","8":"category-uncategorized"},"jetpack_publicize_connections":[],"jetpack_featured_media_url":"https:\/\/i0.wp.com\/medias.revistaoeste.com\/wp-content\/uploads\/2025\/06\/lula9481.jpg?fit=%2C&ssl=1","jetpack_sharing_enabled":true,"jetpack-related-posts":[],"_links":{"self":[{"href":"https:\/\/friburgonoticias.com.br\/temp\/wp-json\/wp\/v2\/posts\/4506","targetHints":{"allow":["GET"]}}],"collection":[{"href":"https:\/\/friburgonoticias.com.br\/temp\/wp-json\/wp\/v2\/posts"}],"about":[{"href":"https:\/\/friburgonoticias.com.br\/temp\/wp-json\/wp\/v2\/types\/post"}],"author":[{"embeddable":true,"href":"https:\/\/friburgonoticias.com.br\/temp\/wp-json\/wp\/v2\/users\/3"}],"replies":[{"embeddable":true,"href":"https:\/\/friburgonoticias.com.br\/temp\/wp-json\/wp\/v2\/comments?post=4506"}],"version-history":[{"count":0,"href":"https:\/\/friburgonoticias.com.br\/temp\/wp-json\/wp\/v2\/posts\/4506\/revisions"}],"wp:featuredmedia":[{"embeddable":true,"href":"https:\/\/friburgonoticias.com.br\/temp\/wp-json\/wp\/v2\/media\/4507"}],"wp:attachment":[{"href":"https:\/\/friburgonoticias.com.br\/temp\/wp-json\/wp\/v2\/media?parent=4506"}],"wp:term":[{"taxonomy":"category","embeddable":true,"href":"https:\/\/friburgonoticias.com.br\/temp\/wp-json\/wp\/v2\/categories?post=4506"},{"taxonomy":"post_tag","embeddable":true,"href":"https:\/\/friburgonoticias.com.br\/temp\/wp-json\/wp\/v2\/tags?post=4506"}],"curies":[{"name":"wp","href":"https:\/\/api.w.org\/{rel}","templated":true}]}}