{"id":4512,"date":"2025-09-24T03:04:17","date_gmt":"2025-09-24T03:04:17","guid":{"rendered":"https:\/\/friburgonoticias.com.br\/temp\/2025\/09\/24\/alerj-aprova-pacote-de-reestruturacao-da-policia-civil-mudancas-na-lei-organica-da-instituicao-ficam-para-a-semana-que-vem\/"},"modified":"2025-09-24T03:04:17","modified_gmt":"2025-09-24T03:04:17","slug":"alerj-aprova-pacote-de-reestruturacao-da-policia-civil-mudancas-na-lei-organica-da-instituicao-ficam-para-a-semana-que-vem","status":"publish","type":"post","link":"https:\/\/friburgonoticias.com.br\/temp\/2025\/09\/24\/alerj-aprova-pacote-de-reestruturacao-da-policia-civil-mudancas-na-lei-organica-da-instituicao-ficam-para-a-semana-que-vem\/","title":{"rendered":"Alerj aprova pacote de reestrutura\u00e7\u00e3o da Pol\u00edcia Civil; mudan\u00e7as na Lei Org\u00e2nica da institui\u00e7\u00e3o ficam para a semana que vem"},"content":{"rendered":"<p><\/p>\n<div itemprop=\"articleBody\">\nA  Assembleia Legislativa aprovou nesta ter\u00e7a-feira (23), o projeto de reestrutura\u00e7\u00e3o dos cargos da Pol\u00edcia Civil.<a href=\"https:\/\/temporealrj.com\/pacote-de-castro-para-a-policia-civil-recebe-quase-500-emendas-e-sai-de-pauta-na-alerj\/\"> O projeto, enviado pelo governo estado, recebeu mais de 400 emendas dos deputados<\/a>, das quais 63 foram incorporadas ao substitutivo. O projeto de lei que altera a Lei Org\u00e2nica da categoria voltar\u00e1 a pauta na pr\u00f3xima ter\u00e7a-feira (30).<\/p>\n<p>A principal altera\u00e7\u00e3o aprovada \u00e9 referente aos cargos da corpora\u00e7\u00e3o, reduzidos de onze para sete: Delegado de Pol\u00edcia, Perito Legista, Perito Criminal, Perito Papiloscopista, Oficial de Pol\u00edcia Civil, Piloto Policial e Agente de Pol\u00edcia Cient\u00edfica.<\/p>\n<p>Tamb\u00e9m foi inclu\u00edda uma \u201cverba de representa\u00e7\u00e3o\u201d para delegados de pol\u00edcia de 212% sobre o vencimento base e verbas de gratifica\u00e7\u00e3o por habilita\u00e7\u00e3o profissional: Forma\u00e7\u00e3o Profissional (90%); Aperfei\u00e7oamento Profissional (95%); Especializa\u00e7\u00e3o Profissional (100%); Superior de Pol\u00edcia (105%). Todos os percentuais ser\u00e3o aplicados sobre o vencimento base dos policiais. <\/p>\n<p>Os parlamentares tamb\u00e9m aprovaram duas emendas pol\u00eamicas, ambas de autoria de Rodrigo Amorim (PL). Uma ressuscita a famigerada <a href=\"https:\/\/temporealrj.com\/bancada-da-bala-da-alerj-apresenta-emenda-para-ressuscitar-gratificacao-faroeste-e-premiar-policiais-que-neutralizarem-marginais\/\">\u201cGratifica\u00e7\u00e3o Faroeste\u201d<\/a>, que garante um b\u00f4nus aos policiais que apreenderem armas de guerra ou <a href=\"https:\/\/temporealrj.com\/plenario-rejeita-destaque-e-emenda-que-ressuscita-gratificacao-faroeste-e-mantida-na-reformulacao-da-policia-civil\/\">\u201cneutralizarem\u201d criminosos<\/a>. A outra, <a href=\"https:\/\/temporealrj.com\/emenda-carnevale-apresentada-pela-bancada-da-direita-e-aprovada-pelo-plenario-da-alerj\/\">apelidada de \u201cEmenda Carnevale\u201d<\/a>, cria um impedimento para delegado de pol\u00edcia assumir fun\u00e7\u00e3o de comando de qualquer tipo de for\u00e7a de policiamento ostensivo.<\/p>\n<h2 class=\"wp-block-heading\">Sobre o pacote da Pol\u00edcia Civil <\/h2>\n<p>Os projetos fazem parte dos 12 que comp\u00f5em o pacot\u00e3o enviado pelo governador Cl\u00e1udio Castro (PL) em agosto. Entre eles est\u00e3o propostas voltadas \u00e0 seguran\u00e7a p\u00fablica, al\u00e9m de outras pautas tribut\u00e1rias e econ\u00f4micas. Confira abaixo os detalhes sobre as medidas para a Pol\u00edcia Civil.<\/p>\n<p><strong>Reestrutura\u00e7\u00e3o do quadro<\/strong>:<\/p>\n<ul>\n<li>Cria\u00e7\u00e3o do cargo de oficial de pol\u00edcia civil, que unifica inspetor, oficial de cart\u00f3rio policial e investigador.<\/li>\n<li>Fus\u00e3o dos cargos de t\u00e9cnico e auxiliar de necropsia no novo posto de t\u00e9cnico de pol\u00edcia cient\u00edfica.<\/li>\n<li>A Pol\u00edcia Civil passar\u00e1 a ter sete carreiras: delegado, perito legista, perito criminal, perito papiloscopista, piloto policial, oficial de pol\u00edcia civil e t\u00e9cnico de pol\u00edcia cient\u00edfica.<\/li>\n<li>O ingresso ser\u00e1 por concurso p\u00fablico em duas fases, com exig\u00eancia de n\u00edvel superior, mantendo requisitos espec\u00edficos para delegados, peritos e oficial de pol\u00edcia civil.<\/li>\n<\/ul>\n<p><strong>Promo\u00e7\u00f5es e remunera\u00e7\u00e3o:<\/strong><\/p>\n<ul>\n<li>Promo\u00e7\u00f5es ocorrer\u00e3o em datas fixas: 21 de abril e 29 de setembro, com dois ter\u00e7os das vagas por antiguidade e um ter\u00e7o por merecimento.<\/li>\n<li>Policiais punidos ou investigados por crime doloso podem ser temporariamente impedidos de concorrer.<\/li>\n<li>Novos adicionais: atividade perigosa (230% do vencimento-base), verba de representa\u00e7\u00e3o para delegados (212% do sal\u00e1rio inicial) e gratifica\u00e7\u00e3o t\u00e9cnico-cient\u00edfica (100% para peritos).<\/li>\n<li>Benef\u00edcios sociais incluem pens\u00e3o provis\u00f3ria para dependentes de policiais mortos e adicional de 20% para quem n\u00e3o puder ser promovido por bravura ou post mortem.<\/li>\n<\/ul>\n<p><strong>Novos poderes e estrutura<\/strong>:<\/p>\n<ul>\n<li>Delegados poder\u00e3o conceder medidas protetivas de urg\u00eancia da Lei Maria da Penha e da Lei Henry Borel sem autoriza\u00e7\u00e3o judicial imediata.<\/li>\n<li>Cria\u00e7\u00e3o da Subsecretaria de Pol\u00edcia T\u00e9cnico-Cient\u00edfica, preferencialmente ocupada por um perito, para reorganizar a c\u00fapula da corpora\u00e7\u00e3o.<\/li>\n<\/ul>\n<\/div>\n<p><\/a><\/p>\n<p>Fonte: temporealrj.com<\/p>\n","protected":false},"excerpt":{"rendered":"<p>A Assembleia Legislativa aprovou nesta ter\u00e7a-feira (23), o projeto de reestrutura\u00e7\u00e3o dos cargos da Pol\u00edcia Civil. O projeto, enviado pelo governo estado, recebeu mais de 400 emendas dos deputados, das quais 63 foram incorporadas ao substitutivo. O projeto de lei que altera a Lei Org\u00e2nica da categoria voltar\u00e1 a pauta na pr\u00f3xima ter\u00e7a-feira (30). A [&hellip;]<\/p>\n","protected":false},"author":3,"featured_media":4513,"comment_status":"open","ping_status":"open","sticky":false,"template":"","format":"standard","meta":{"advanced_seo_description":"","jetpack_seo_html_title":"","jetpack_seo_noindex":false,"fifu_image_url":"https:\/\/temporealrj.com\/wp-content\/uploads\/2025\/09\/WhatsApp-Image-2025-09-23-at-16.11.01-e1758654700808.jpeg","fifu_image_alt":"","_jetpack_memberships_contains_paid_content":false,"footnotes":"","jetpack_publicize_message":"","jetpack_publicize_feature_enabled":true,"jetpack_social_post_already_shared":true,"jetpack_social_options":{"image_generator_settings":{"template":"highway","default_image_id":0,"font":"","enabled":false},"version":2}},"categories":[107],"tags":[],"class_list":{"0":"post-4512","1":"post","2":"type-post","3":"status-publish","4":"format-standard","5":"has-post-thumbnail","7":"category-economia"},"jetpack_publicize_connections":[],"jetpack_featured_media_url":"https:\/\/i0.wp.com\/temporealrj.com\/wp-content\/uploads\/2025\/09\/WhatsApp-Image-2025-09-23-at-16.11.01-e1758654700808.jpeg?fit=%2C&ssl=1","jetpack_sharing_enabled":true,"jetpack-related-posts":[],"_links":{"self":[{"href":"https:\/\/friburgonoticias.com.br\/temp\/wp-json\/wp\/v2\/posts\/4512","targetHints":{"allow":["GET"]}}],"collection":[{"href":"https:\/\/friburgonoticias.com.br\/temp\/wp-json\/wp\/v2\/posts"}],"about":[{"href":"https:\/\/friburgonoticias.com.br\/temp\/wp-json\/wp\/v2\/types\/post"}],"author":[{"embeddable":true,"href":"https:\/\/friburgonoticias.com.br\/temp\/wp-json\/wp\/v2\/users\/3"}],"replies":[{"embeddable":true,"href":"https:\/\/friburgonoticias.com.br\/temp\/wp-json\/wp\/v2\/comments?post=4512"}],"version-history":[{"count":0,"href":"https:\/\/friburgonoticias.com.br\/temp\/wp-json\/wp\/v2\/posts\/4512\/revisions"}],"wp:featuredmedia":[{"embeddable":true,"href":"https:\/\/friburgonoticias.com.br\/temp\/wp-json\/wp\/v2\/media\/4513"}],"wp:attachment":[{"href":"https:\/\/friburgonoticias.com.br\/temp\/wp-json\/wp\/v2\/media?parent=4512"}],"wp:term":[{"taxonomy":"category","embeddable":true,"href":"https:\/\/friburgonoticias.com.br\/temp\/wp-json\/wp\/v2\/categories?post=4512"},{"taxonomy":"post_tag","embeddable":true,"href":"https:\/\/friburgonoticias.com.br\/temp\/wp-json\/wp\/v2\/tags?post=4512"}],"curies":[{"name":"wp","href":"https:\/\/api.w.org\/{rel}","templated":true}]}}