{"id":4528,"date":"2025-09-24T20:42:54","date_gmt":"2025-09-24T20:42:54","guid":{"rendered":"https:\/\/friburgonoticias.com.br\/temp\/2025\/09\/24\/comissao-aprova-campanha-contra-crimes-digitais-com-uso-de-inteligencia-artificial-noticias\/"},"modified":"2025-09-24T20:42:54","modified_gmt":"2025-09-24T20:42:54","slug":"comissao-aprova-campanha-contra-crimes-digitais-com-uso-de-inteligencia-artificial-noticias","status":"publish","type":"post","link":"https:\/\/friburgonoticias.com.br\/temp\/2025\/09\/24\/comissao-aprova-campanha-contra-crimes-digitais-com-uso-de-inteligencia-artificial-noticias\/","title":{"rendered":"Comiss\u00e3o aprova campanha contra crimes digitais com uso de intelig\u00eancia artificial &#8211; Not\u00edcias"},"content":{"rendered":"<p><\/p>\n<div>\n<p class=\"g-artigo__data-hora\">\n                      24\/09\/2025 &#8211; 16:33 \u00a0\n                    <\/p>\n<div id=\"image-container-1203973\" class=\"image-container\" style=\"float: none; margin: 45px 0px; width: 100%;\" data-midia=\"1203973\">\n        <em>Renato Ara\u00fajo\/C\u00e2mara dos Deputados<\/em><\/p>\n<p>        Duarte Jr.: &#8220;O uso malicioso da tecnologia abre espa\u00e7o para novas modalidades de crimes&#8221;\n        <\/p><\/div>\n<p>        A Comiss\u00e3o de Defesa dos Direitos das Pessoas com Defici\u00eancia aprovou nesta ter\u00e7a-feira (23) projeto de lei que cria campanha nacional de preven\u00e7\u00e3o e combate a crimes digitais contra crian\u00e7as, adolescentes e pessoas com defici\u00eancia. O foco \u00e9 o uso indevido de ferramentas de intelig\u00eancia artificial (IA).<br \/>\n        Por recomenda\u00e7\u00e3o do relator, deputado Duarte Jr. (PSB-MA), foi aprovado o <span id=\"4098\" class=\"termoGlossario\" title=\"Nome que se d\u00e1 ao texto que altera substancialmente o conte\u00fado original da proposta. O substitutivo \u00e9 apresentado pelo relator e tem prefer\u00eancia na vota\u00e7\u00e3o sobre o projeto original.\" contenteditable=\"false\" data-toggle=\"tooltip\" data-placement=\"top\">substitutivo<\/span> da Comiss\u00e3o de Educa\u00e7\u00e3o ao <a class=\"linkProposicao\" href=\"https:\/\/www.camara.leg.br\/noticias\/1041549-projeto-institui-campanha-de-prevencao-de-crimes-contra-criancas-e-adolescentes-cometidos-com-uso-de-ia\">Projeto de Lei 177\/24<\/a>, do deputado Saullo Vianna (Uni\u00e3o-AM).<br \/>\n        Segundo Duarte Jr., a medida amplia a preven\u00e7\u00e3o e reduz a vulnerabilidade diante de amea\u00e7as virtuais. \u201cO uso malicioso da tecnologia abre espa\u00e7o para novas modalidades de crimes, como manipula\u00e7\u00e3o de dados, cria\u00e7\u00e3o de imagens falsas (deepfakes), desinforma\u00e7\u00e3o e aliciamento de menores em plataformas digitais\u201d, afirmou.<br \/>\n        <strong>A\u00e7\u00f5es previstas<br \/><\/strong>A campanha ser\u00e1 desenvolvida pelo governo federal em parceria com estados, Distrito Federal, munic\u00edpios e entidades da sociedade civil. Est\u00e3o previstas:<\/p>\n<ul>\n<li>palestras, congressos e semin\u00e1rios sobre \u00e9tica e riscos de crimes digitais;<\/li>\n<li>divulga\u00e7\u00e3o de mensagens em internet, r\u00e1dio, TV e outros meios de comunica\u00e7\u00e3o, com orienta\u00e7\u00f5es sobre preven\u00e7\u00e3o e canais de den\u00fancia;<\/li>\n<li>distribui\u00e7\u00e3o de materiais informativos, f\u00edsicos e digitais, em escolas e locais de grande circula\u00e7\u00e3o.<\/li>\n<\/ul>\n<p>        <strong>Objetivos<br \/><\/strong>De acordo com o substitutivo, a campanha busca:<\/p>\n<ul>\n<li>capacitar profissionais da educa\u00e7\u00e3o para identificar crimes digitais contra crian\u00e7as, adolescentes e pessoas com defici\u00eancia;<\/li>\n<li>informar que \u00e9 crime produzir, compartilhar ou armazenar conte\u00fados de nudez ou sexo envolvendo crian\u00e7as, adolescentes ou pessoas com defici\u00eancia, inclusive com uso de deepfake;<\/li>\n<li>orientar sobre formas de preven\u00e7\u00e3o e combate \u00e0 dissemina\u00e7\u00e3o desse tipo de conte\u00fado.<\/li>\n<\/ul>\n<p>        <strong>Altera\u00e7\u00f5es em estatutos<br \/><\/strong>A proposta altera o Estatuto da Crian\u00e7a e do Adolescente para incluir campanhas educativas contra crimes cibern\u00e9ticos. Tamb\u00e9m acrescenta ao Estatuto da Pessoa com Defici\u00eancia a obriga\u00e7\u00e3o de o poder p\u00fablico adotar medidas para prevenir esses crimes.<br \/>\n        <strong>Pr\u00f3ximos passos<br \/><\/strong>A proposta ainda ser\u00e1 analisada, em <span id=\"4322\" class=\"termoGlossario\" title=\"Rito de tramita\u00e7\u00e3o pelo qual o projeto \u00e9 votado apenas pelas comiss\u00f5es designadas para analis\u00e1-lo, dispensada a delibera\u00e7\u00e3o do Plen\u00e1rio. O projeto perde o car\u00e1ter conclusivo se houver decis\u00e3o divergente entre as comiss\u00f5es ou se, independentemente de ser aprovado ou rejeitado, houver recurso assinado por 52 deputados para a aprecia\u00e7\u00e3o da mat\u00e9ria no Plen\u00e1rio.\" contenteditable=\"false\" data-toggle=\"tooltip\" data-placement=\"top\">car\u00e1ter conclusivo<\/span>, pelas comiss\u00f5es de Previd\u00eancia, Assist\u00eancia Social, Inf\u00e2ncia, Adolesc\u00eancia e Fam\u00edlia; de Finan\u00e7as e Tributa\u00e7\u00e3o; e de Constitui\u00e7\u00e3o e Justi\u00e7a e de Cidadania. Para virar lei, precisa ser aprovada pela C\u00e2mara e pelo Senado.<br \/>\n        <a href=\"https:\/\/www.camara.leg.br\/noticias\/573454-SAIBA-MAIS-SOBRE-A-TRAMITACAO-DE-PROJETOS-DE-LEI\">Saiba mais sobre a tramita\u00e7\u00e3o de projetos de lei<\/a><\/p>\n<p style=\"font-size: 0.8rem; font-weight: 700;\">Reportagem &#8211; Francisco Brand\u00e3o<br \/>Edi\u00e7\u00e3o &#8211; Ge\u00f3rgia Moraes<\/p>\n<\/p><\/div>\n<p><\/a><\/p>\n<p>Fonte: www.camara.leg.br<\/p>\n","protected":false},"excerpt":{"rendered":"<p>24\/09\/2025 &#8211; 16:33 \u00a0 Renato Ara\u00fajo\/C\u00e2mara dos Deputados Duarte Jr.: &#8220;O uso malicioso da tecnologia abre espa\u00e7o para novas modalidades de crimes&#8221; A Comiss\u00e3o de Defesa dos Direitos das Pessoas com Defici\u00eancia aprovou nesta ter\u00e7a-feira (23) projeto de lei que cria campanha nacional de preven\u00e7\u00e3o e combate a crimes digitais contra crian\u00e7as, adolescentes e pessoas [&hellip;]<\/p>\n","protected":false},"author":3,"featured_media":4529,"comment_status":"open","ping_status":"open","sticky":false,"template":"","format":"standard","meta":{"advanced_seo_description":"","jetpack_seo_html_title":"","jetpack_seo_noindex":false,"fifu_image_url":"https:\/\/www.camara.leg.br\/midias\/image\/2025\/09\/img20250923205241360-768x473.jpg","fifu_image_alt":"","_jetpack_memberships_contains_paid_content":false,"footnotes":"","jetpack_publicize_message":"","jetpack_publicize_feature_enabled":true,"jetpack_social_post_already_shared":true,"jetpack_social_options":{"image_generator_settings":{"template":"highway","default_image_id":0,"font":"","enabled":false},"version":2}},"categories":[106,1],"tags":[],"class_list":{"0":"post-4528","1":"post","2":"type-post","3":"status-publish","4":"format-standard","5":"has-post-thumbnail","7":"category-politica","8":"category-uncategorized"},"jetpack_publicize_connections":[],"jetpack_featured_media_url":"https:\/\/i0.wp.com\/www.camara.leg.br\/midias\/image\/2025\/09\/img20250923205241360-768x473.jpg?fit=%2C&ssl=1","jetpack_sharing_enabled":true,"jetpack-related-posts":[],"_links":{"self":[{"href":"https:\/\/friburgonoticias.com.br\/temp\/wp-json\/wp\/v2\/posts\/4528","targetHints":{"allow":["GET"]}}],"collection":[{"href":"https:\/\/friburgonoticias.com.br\/temp\/wp-json\/wp\/v2\/posts"}],"about":[{"href":"https:\/\/friburgonoticias.com.br\/temp\/wp-json\/wp\/v2\/types\/post"}],"author":[{"embeddable":true,"href":"https:\/\/friburgonoticias.com.br\/temp\/wp-json\/wp\/v2\/users\/3"}],"replies":[{"embeddable":true,"href":"https:\/\/friburgonoticias.com.br\/temp\/wp-json\/wp\/v2\/comments?post=4528"}],"version-history":[{"count":0,"href":"https:\/\/friburgonoticias.com.br\/temp\/wp-json\/wp\/v2\/posts\/4528\/revisions"}],"wp:featuredmedia":[{"embeddable":true,"href":"https:\/\/friburgonoticias.com.br\/temp\/wp-json\/wp\/v2\/media\/4529"}],"wp:attachment":[{"href":"https:\/\/friburgonoticias.com.br\/temp\/wp-json\/wp\/v2\/media?parent=4528"}],"wp:term":[{"taxonomy":"category","embeddable":true,"href":"https:\/\/friburgonoticias.com.br\/temp\/wp-json\/wp\/v2\/categories?post=4528"},{"taxonomy":"post_tag","embeddable":true,"href":"https:\/\/friburgonoticias.com.br\/temp\/wp-json\/wp\/v2\/tags?post=4528"}],"curies":[{"name":"wp","href":"https:\/\/api.w.org\/{rel}","templated":true}]}}