{"id":4532,"date":"2025-09-24T21:18:07","date_gmt":"2025-09-24T21:18:07","guid":{"rendered":"https:\/\/friburgonoticias.com.br\/temp\/2025\/09\/24\/presidente-quer-explicacao-sobre-soltura-de-empresario\/"},"modified":"2025-09-24T21:18:07","modified_gmt":"2025-09-24T21:18:07","slug":"presidente-quer-explicacao-sobre-soltura-de-empresario","status":"publish","type":"post","link":"https:\/\/friburgonoticias.com.br\/temp\/2025\/09\/24\/presidente-quer-explicacao-sobre-soltura-de-empresario\/","title":{"rendered":"presidente quer explica\u00e7\u00e3o sobre soltura de empres\u00e1rio"},"content":{"rendered":"<p><\/p>\n<div id=\"hd80s9wa1h892edh8192\">\n        O presidente da <strong><a href=\"https:\/\/legis.senado.leg.br\/atividade\/comissoes\/comissao\/2794\/\" target=\"_blank\" rel=\"noreferrer noopener\">Comiss\u00e3o Parlamentar Mista de Inqu\u00e9rito (CPMI) <\/a><\/strong>que investiga as fraudes no Instituto Nacional do Seguro Social (INSS), senador Carlos Viana (Podemos-MG), solicitou uma reuni\u00e3o nesta quarta-feira, 24, com o chefe da Pol\u00edcia Legislativa. O congressista quer acompanhar os detalhes da investiga\u00e7\u00e3o contra o empres\u00e1rio Rubens Oliveira Costa. O depoente chegou a ir para a pris\u00e3o na \u00faltima segunda-feira, 22, enquanto prestava depoimento ao colegiado.<\/p>\n<p><strong>+ Leia mais not\u00edcias de\u00a0<a href=\"https:\/\/revistaoeste.com\/politica\/\" target=\"_blank\" rel=\"noreferrer noopener\">Pol\u00edtica<\/a>\u00a0em Oeste<\/strong><\/p>\n<p>Costa, s\u00f3cio de Ant\u00f4nio Carlos Camilo Antunes, conhecido como \u201cCareca do INSS\u201d, prestou depoimento na CPMI durante mais de sete horas. Durante a oitiva, senadores e deputados afirmaram que ele mentiu por diversas vezes, o que motivou o pedido de pris\u00e3o por falso testemunho.<\/p>\n<p><strong><a href=\"https:\/\/revistaoeste.com\/politica\/cpmi-do-inss-empresario-preso-por-falso-testemunho-e-liberado-sem-fianca\/\" target=\"_blank\" rel=\"noreferrer noopener\">+ CPMI do INSS: empres\u00e1rio preso por falso testemunho deixa pris\u00e3o sem fian\u00e7a<\/a><\/strong><\/p>\n<h2 class=\"wp-block-heading\" id=\"h-policia-legislativa-soltou-depoente-da-cpmi\"><strong>Pol\u00edcia Legislativa soltou depoente da CPMI<\/strong><\/h2>\n<p>A Pol\u00edcia Legislativa prendeu Costa em flagrante durante a reuni\u00e3o, mas ele deixou a pris\u00e3o na madrugada. A libera\u00e7\u00e3o ocorreu sem o pagamento de fian\u00e7a. Situa\u00e7\u00e3o esse que provocou cr\u00edticas por parte do presidente da comiss\u00e3o.<\/p>\n<p>\u201cEle recebeu voz de pris\u00e3o nesta CPMI por mentir aos parlamentares\u201d, declarou Viana, sobre a pris\u00e3o de Costa. \u201cN\u00e3o aceitaremos qualquer tentativa de blindagem ou esquema para proteger quem roubou os aposentados brasileiros. \u00c9 determina\u00e7\u00e3o desta comiss\u00e3o identificar os respons\u00e1veis e lev\u00e1-los \u00e0 Justi\u00e7a. Se necess\u00e1rio, outras pris\u00f5es ser\u00e3o feitas at\u00e9 que todo esse esc\u00e2ndalo seja esclarecido e a verdade venha \u00e0 luz.\u201d<\/p>\n<figure class=\"wp-block-embed is-type-video is-provider-youtube wp-block-embed-youtube wp-embed-aspect-16-9 wp-has-aspect-ratio\">\n<div class=\"wp-block-embed__wrapper\">\n<div class=\"perfmatters-lazy-youtube\" data-src=\"https:\/\/www.youtube.com\/embed\/xpWEFkGzMwc\" data-id=\"xpWEFkGzMwc\" data-query=\"feature=oembed\" onclick=\"perfmattersLazyLoadYouTube(this);\">\n<div><img loading=\"lazy\" decoding=\"async\" alt=\"YouTube video\" width=\"480\" height=\"360\" data-pin-nopin=\"true\" nopin=\"nopin\" class=\"perfmatters-lazy\" src=\"https:\/\/i.ytimg.com\/vi\/xpWEFkGzMwc\/hqdefault.jpg\"\/><img loading=\"lazy\" decoding=\"async\" src=\"https:\/\/i.ytimg.com\/vi\/xpWEFkGzMwc\/hqdefault.jpg\" alt=\"YouTube video\" width=\"480\" height=\"360\" data-pin-nopin=\"true\" nopin=\"nopin\"\/><\/div>\n<\/div>\n<p><noscript><iframe loading=\"lazy\" title=\"EXCLUSIVO: CPMI do INSS avan\u00e7a investiga\u00e7\u00e3o contra sindicato ligado ao irm\u00e3o de Lula\" width=\"1170\" height=\"658\" src=\"https:\/\/www.youtube.com\/embed\/xpWEFkGzMwc?feature=oembed\" frameborder=\"0\" allow=\"accelerometer; autoplay; clipboard-write; encrypted-media; gyroscope; picture-in-picture; web-share\" referrerpolicy=\"strict-origin-when-cross-origin\" allowfullscreen><\/iframe><\/noscript>\n<\/div>\n<\/figure>\n<p>O senador salientou, ainda, que quer \u201cacompanhar de perto o inqu\u00e9rito instaurado depois de a pris\u00e3o preventiva\u201d do s\u00f3cio do \u201cCareca do INSS\u201d.<\/p><\/div>\n<p><\/a><\/p>\n<p>Fonte: revistaoeste.com<\/p>\n","protected":false},"excerpt":{"rendered":"<p>O presidente da Comiss\u00e3o Parlamentar Mista de Inqu\u00e9rito (CPMI) que investiga as fraudes no Instituto Nacional do Seguro Social (INSS), senador Carlos Viana (Podemos-MG), solicitou uma reuni\u00e3o nesta quarta-feira, 24, com o chefe da Pol\u00edcia Legislativa. O congressista quer acompanhar os detalhes da investiga\u00e7\u00e3o contra o empres\u00e1rio Rubens Oliveira Costa. O depoente chegou a ir [&hellip;]<\/p>\n","protected":false},"author":3,"featured_media":4533,"comment_status":"open","ping_status":"open","sticky":false,"template":"","format":"standard","meta":{"advanced_seo_description":"","jetpack_seo_html_title":"","jetpack_seo_noindex":false,"fifu_image_url":"https:\/\/medias.revistaoeste.com\/wp-content\/uploads\/2025\/09\/CPMI-INSS-2.jpeg","fifu_image_alt":"","_jetpack_memberships_contains_paid_content":false,"footnotes":"","jetpack_publicize_message":"","jetpack_publicize_feature_enabled":true,"jetpack_social_post_already_shared":true,"jetpack_social_options":{"image_generator_settings":{"template":"highway","default_image_id":0,"font":"","enabled":false},"version":2}},"categories":[106,1],"tags":[],"class_list":{"0":"post-4532","1":"post","2":"type-post","3":"status-publish","4":"format-standard","5":"has-post-thumbnail","7":"category-politica","8":"category-uncategorized"},"jetpack_publicize_connections":[],"jetpack_featured_media_url":"https:\/\/i0.wp.com\/medias.revistaoeste.com\/wp-content\/uploads\/2025\/09\/CPMI-INSS-2.jpeg?fit=%2C&ssl=1","jetpack_sharing_enabled":true,"jetpack-related-posts":[],"_links":{"self":[{"href":"https:\/\/friburgonoticias.com.br\/temp\/wp-json\/wp\/v2\/posts\/4532","targetHints":{"allow":["GET"]}}],"collection":[{"href":"https:\/\/friburgonoticias.com.br\/temp\/wp-json\/wp\/v2\/posts"}],"about":[{"href":"https:\/\/friburgonoticias.com.br\/temp\/wp-json\/wp\/v2\/types\/post"}],"author":[{"embeddable":true,"href":"https:\/\/friburgonoticias.com.br\/temp\/wp-json\/wp\/v2\/users\/3"}],"replies":[{"embeddable":true,"href":"https:\/\/friburgonoticias.com.br\/temp\/wp-json\/wp\/v2\/comments?post=4532"}],"version-history":[{"count":0,"href":"https:\/\/friburgonoticias.com.br\/temp\/wp-json\/wp\/v2\/posts\/4532\/revisions"}],"wp:featuredmedia":[{"embeddable":true,"href":"https:\/\/friburgonoticias.com.br\/temp\/wp-json\/wp\/v2\/media\/4533"}],"wp:attachment":[{"href":"https:\/\/friburgonoticias.com.br\/temp\/wp-json\/wp\/v2\/media?parent=4532"}],"wp:term":[{"taxonomy":"category","embeddable":true,"href":"https:\/\/friburgonoticias.com.br\/temp\/wp-json\/wp\/v2\/categories?post=4532"},{"taxonomy":"post_tag","embeddable":true,"href":"https:\/\/friburgonoticias.com.br\/temp\/wp-json\/wp\/v2\/tags?post=4532"}],"curies":[{"name":"wp","href":"https:\/\/api.w.org\/{rel}","templated":true}]}}