{"id":4546,"date":"2025-09-25T11:12:55","date_gmt":"2025-09-25T11:12:55","guid":{"rendered":"https:\/\/friburgonoticias.com.br\/temp\/2025\/09\/25\/governo-lula-esconde-pesquisas-encomendadas-pelo-planalto\/"},"modified":"2025-09-25T11:12:55","modified_gmt":"2025-09-25T11:12:55","slug":"governo-lula-esconde-pesquisas-encomendadas-pelo-planalto","status":"publish","type":"post","link":"https:\/\/friburgonoticias.com.br\/temp\/2025\/09\/25\/governo-lula-esconde-pesquisas-encomendadas-pelo-planalto\/","title":{"rendered":"Governo Lula esconde pesquisas encomendadas pelo Planalto"},"content":{"rendered":"<p><\/p>\n<div id=\"hd80s9wa1h892edh8192\">\n        O <a href=\"https:\/\/revistaoeste.com\/politica\/agenda-da-comitiva-de-lula-na-onu-inclui-corrida-no-central-park\/\" target=\"_blank\" rel=\"noreferrer noopener\"><strong>governo Lula da Silva<\/strong><\/a> deixou de divulgar temas de pesquisas que o Pal\u00e1cio do Planalto encomendou para medir a avalia\u00e7\u00e3o dos brasileiros sobre pol\u00edticas p\u00fablicas, entre outros assuntos. Conforme reportagem do jornal <em>Folha de S.Paulo<\/em>, o acesso a esse tipo de informa\u00e7\u00e3o era poss\u00edvel na gest\u00e3o de Jair Bolsonaro (PL).<\/p>\n<p>At\u00e9 setembro de 2024, no atual mandato do petista, a consulta mantinha-se dispon\u00edvel a partir de documentos no site da <a href=\"https:\/\/revistaoeste.com\/politica\/sidonio-vai-ter-de-explicar-gastos-e-projetos-da-secom-na-camara\/\" target=\"_blank\" rel=\"noreferrer noopener\"><strong>Secretaria de Comunica\u00e7\u00e3o Social (Secom)<\/strong><\/a>. Contudo, depois desse per\u00edodo, o governo restringiu as informa\u00e7\u00f5es a dados superficiais.\u00a0<\/p>\n<h2 class=\"wp-block-heading\" id=\"h-governo-lula-muda-praticas-de-acesso\"><strong>Governo Lula muda pr\u00e1ticas de acesso<\/strong><\/h2>\n<p>Os conte\u00fados indicam crit\u00e9rios de aplica\u00e7\u00e3o das pesquisas, mas escondem os temas e as finalidades, diz a reportagem. A Secom n\u00e3o se pronunciou sobre o caso. A \u00fanica justificativa, conforme processos administrativos, \u00e9 que as pesquisas referem-se a \u2018documentos preparat\u00f3rios\u2019.<\/p>\n<p>At\u00e9 agosto de 2024, o governo chegou a medir a opini\u00e3o de amostras da popula\u00e7\u00e3o brasileira acerca de temas como a atua\u00e7\u00e3o petista nas enchentes no Rio Grande do Sul, a crise no Oriente M\u00e9dio e at\u00e9 uma opera\u00e7\u00e3o que investigava um plano para assassinar o senador Sergio Moro (Uni\u00e3o Brasil-PR).<\/p>\n<p><strong>Leia tamb\u00e9m: <\/strong><a href=\"https:\/\/revistaoeste.com\/revista\/edicao-287\/uma-bomba-chamada-correios\/\"><strong>\u201cUma bomba chamada Correios\u201d<\/strong><\/a><strong>, reportagem de Uiliam Grizafis e Lucas Cheidi publicada na Edi\u00e7\u00e3o 287 da Revista Oeste\u00a0\u00a0<\/strong><\/p>\n<p>Depois da divulga\u00e7\u00e3o desses t\u00f3picos pela imprensa, a Secom parou de informar os temas em relat\u00f3rios de pagamento. Da mesma forma, ocultou o processo em respostas \u00e0 Lei de Acesso \u00e0 Informa\u00e7\u00e3o (LAI).<\/p>\n<p>Entre setembro de 2024 e setembro de 2025, h\u00e1 o registro de pagamento para 41 pesquisas. Pelo menos cinco delas tiveram aplica\u00e7\u00e3o presencial. As demais ocorreram por telefone.<\/p>\n<figure class=\"wp-block-embed is-type-video is-provider-youtube wp-block-embed-youtube wp-embed-aspect-16-9 wp-has-aspect-ratio\">\n<div class=\"wp-block-embed__wrapper\">\n<div class=\"perfmatters-lazy-youtube\" data-src=\"https:\/\/www.youtube.com\/embed\/qgXzjhnWlic\" data-id=\"qgXzjhnWlic\" data-query=\"feature=oembed\" onclick=\"perfmattersLazyLoadYouTube(this);\">\n<div><img loading=\"lazy\" decoding=\"async\" alt=\"YouTube video\" width=\"480\" height=\"360\" data-pin-nopin=\"true\" nopin=\"nopin\" class=\"perfmatters-lazy\" src=\"https:\/\/i.ytimg.com\/vi\/qgXzjhnWlic\/hqdefault.jpg\"\/><img loading=\"lazy\" decoding=\"async\" src=\"https:\/\/i.ytimg.com\/vi\/qgXzjhnWlic\/hqdefault.jpg\" alt=\"YouTube video\" width=\"480\" height=\"360\" data-pin-nopin=\"true\" nopin=\"nopin\"\/><\/div>\n<\/div>\n<p><noscript><iframe loading=\"lazy\" title=\"Lula censura acesso a 16 milh\u00f5es de documentos p\u00fablicos com gastos do governo\" width=\"1170\" height=\"658\" src=\"https:\/\/www.youtube.com\/embed\/qgXzjhnWlic?feature=oembed\" frameborder=\"0\" allow=\"accelerometer; autoplay; clipboard-write; encrypted-media; gyroscope; picture-in-picture; web-share\" referrerpolicy=\"strict-origin-when-cross-origin\" allowfullscreen><\/iframe><\/noscript>\n<\/div>\n<\/figure>\n<p>Para justificar a omiss\u00e3o, o governo cita parecer da Controladoria-Geral da Uni\u00e3o (CGU). O documento afirma que os levantamentos s\u00e3o preparat\u00f3rios, \u201cn\u00e3o constituem dado frio\u201d e que sua divulga\u00e7\u00e3o poderia prejudicar a formula\u00e7\u00e3o de pol\u00edticas p\u00fablicas.<\/p>\n<p>A CGU sustenta que os relat\u00f3rios s\u00f3 devem ganhar publicidade ao fim do mandato presidencial ou depois da implementa\u00e7\u00e3o das pol\u00edticas sob an\u00e1lise. Al\u00e9m disso, alerta que a divulga\u00e7\u00e3o poderia distorcer informa\u00e7\u00f5es e expor m\u00e9todos de pesquisa, considerados parte da expertise das empresas contratadas.<\/p>\n<p>+ <strong>Leia mais not\u00edcias de <\/strong><a href=\"https:\/\/revistaoeste.com\/politica\/\" target=\"_blank\" rel=\"noreferrer noopener\"><strong>Pol\u00edtica<\/strong><\/a><strong> na Oeste<\/strong><\/p><\/div>\n<p><\/a><\/p>\n<p>Fonte: revistaoeste.com<\/p>\n","protected":false},"excerpt":{"rendered":"<p>O governo Lula da Silva deixou de divulgar temas de pesquisas que o Pal\u00e1cio do Planalto encomendou para medir a avalia\u00e7\u00e3o dos brasileiros sobre pol\u00edticas p\u00fablicas, entre outros assuntos. Conforme reportagem do jornal Folha de S.Paulo, o acesso a esse tipo de informa\u00e7\u00e3o era poss\u00edvel na gest\u00e3o de Jair Bolsonaro (PL). At\u00e9 setembro de 2024, [&hellip;]<\/p>\n","protected":false},"author":3,"featured_media":4547,"comment_status":"open","ping_status":"open","sticky":false,"template":"","format":"standard","meta":{"advanced_seo_description":"","jetpack_seo_html_title":"","jetpack_seo_noindex":false,"fifu_image_url":"https:\/\/medias.revistaoeste.com\/wp-content\/uploads\/2025\/09\/Governo-Lula-1.jpeg","fifu_image_alt":"","_jetpack_memberships_contains_paid_content":false,"footnotes":"","jetpack_publicize_message":"","jetpack_publicize_feature_enabled":true,"jetpack_social_post_already_shared":true,"jetpack_social_options":{"image_generator_settings":{"template":"highway","default_image_id":0,"font":"","enabled":false},"version":2}},"categories":[106,1],"tags":[],"class_list":{"0":"post-4546","1":"post","2":"type-post","3":"status-publish","4":"format-standard","5":"has-post-thumbnail","7":"category-politica","8":"category-uncategorized"},"jetpack_publicize_connections":[],"jetpack_featured_media_url":"https:\/\/i0.wp.com\/medias.revistaoeste.com\/wp-content\/uploads\/2025\/09\/Governo-Lula-1.jpeg?fit=%2C&ssl=1","jetpack_sharing_enabled":true,"jetpack-related-posts":[],"_links":{"self":[{"href":"https:\/\/friburgonoticias.com.br\/temp\/wp-json\/wp\/v2\/posts\/4546","targetHints":{"allow":["GET"]}}],"collection":[{"href":"https:\/\/friburgonoticias.com.br\/temp\/wp-json\/wp\/v2\/posts"}],"about":[{"href":"https:\/\/friburgonoticias.com.br\/temp\/wp-json\/wp\/v2\/types\/post"}],"author":[{"embeddable":true,"href":"https:\/\/friburgonoticias.com.br\/temp\/wp-json\/wp\/v2\/users\/3"}],"replies":[{"embeddable":true,"href":"https:\/\/friburgonoticias.com.br\/temp\/wp-json\/wp\/v2\/comments?post=4546"}],"version-history":[{"count":0,"href":"https:\/\/friburgonoticias.com.br\/temp\/wp-json\/wp\/v2\/posts\/4546\/revisions"}],"wp:featuredmedia":[{"embeddable":true,"href":"https:\/\/friburgonoticias.com.br\/temp\/wp-json\/wp\/v2\/media\/4547"}],"wp:attachment":[{"href":"https:\/\/friburgonoticias.com.br\/temp\/wp-json\/wp\/v2\/media?parent=4546"}],"wp:term":[{"taxonomy":"category","embeddable":true,"href":"https:\/\/friburgonoticias.com.br\/temp\/wp-json\/wp\/v2\/categories?post=4546"},{"taxonomy":"post_tag","embeddable":true,"href":"https:\/\/friburgonoticias.com.br\/temp\/wp-json\/wp\/v2\/tags?post=4546"}],"curies":[{"name":"wp","href":"https:\/\/api.w.org\/{rel}","templated":true}]}}