{"id":4554,"date":"2025-09-25T13:42:59","date_gmt":"2025-09-25T13:42:59","guid":{"rendered":"https:\/\/friburgonoticias.com.br\/temp\/2025\/09\/25\/comissao-aprova-prazo-de-24-horas-para-platoformas-digitais-removerem-conteudos-considerados-nocivos-noticias\/"},"modified":"2025-09-25T13:42:59","modified_gmt":"2025-09-25T13:42:59","slug":"comissao-aprova-prazo-de-24-horas-para-platoformas-digitais-removerem-conteudos-considerados-nocivos-noticias","status":"publish","type":"post","link":"https:\/\/friburgonoticias.com.br\/temp\/2025\/09\/25\/comissao-aprova-prazo-de-24-horas-para-platoformas-digitais-removerem-conteudos-considerados-nocivos-noticias\/","title":{"rendered":"Comiss\u00e3o aprova prazo de 24 horas para platoformas digitais removerem conte\u00fados considerados nocivos &#8211; Not\u00edcias"},"content":{"rendered":"<p><\/p>\n<div>\n<p class=\"g-artigo__data-hora\">\n                      25\/09\/2025 &#8211; 10:04 \u00a0\n                    <\/p>\n<div id=\"image-container-1204275\" class=\"image-container\" style=\"float: none; margin: 45px 0px; width: 100%;\" data-midia=\"1204275\">\n        <em>Vinicius Loures\/C\u00e2mara dos Deputados<\/em><\/p>\n<p>        Julio Cesar Ribeiro \u00e9 o relator do projeto de lei\n        <\/p><\/div>\n<p>        A Comiss\u00e3o de Comunica\u00e7\u00e3o da C\u00e2mara dos Deputados aprovou proposta que obriga plataformas digitais, redes sociais e aplicativos a adotar mecanismos para monitorar, bloquear e remover conte\u00fados perigosos. Esses conte\u00fados dever\u00e3o ser retirados em at\u00e9 24 horas ap\u00f3s a notifica\u00e7\u00e3o da autoridade competente.<br \/>\n        O texto aprovado estabelece que plataformas e redes sociais precisar\u00e3o manter um bot\u00e3o de den\u00fancia an\u00f4nima, integrado com os sistemas do Minist\u00e9rio P\u00fablico e das pol\u00edcias especializadas. Escolas p\u00fablicas e privadas dever\u00e3o promover atividades anuais de educa\u00e7\u00e3o digital e preven\u00e7\u00e3o a desafios virais perigosos.<br \/>\n        O Poder Executivo poder\u00e1 criar um Cadastro Nacional de Desafios Perigosos e Conte\u00fados Nocivos \u00e0 Inf\u00e2ncia para monitorar e alertar os provedores. Tamb\u00e9m poder\u00e1 oferecer um Selo de Seguran\u00e7a Digital Infantil, concedido \u00e0s plataformas que adotarem boas pr\u00e1ticas contra conte\u00fados perigosos.<br \/>\n        Conforme a proposta, o Minist\u00e9rio P\u00fablico tamb\u00e9m poder\u00e1 investigar e propor puni\u00e7\u00e3o para quem, ainda que more fora do Brasil,\u00a0promover, disseminar ou hospedar conte\u00fados proibidos que resultarem em dano severo ou morte de crian\u00e7a ou adolescente no pa\u00eds.<br \/>\n        A comiss\u00e3o aprovou, por recomenda\u00e7\u00e3o do relator, o deputado Julio Cesar Ribeiro (Republicanos-DF), um <span id=\"4098\" class=\"termoGlossario\" title=\"Nome que se d\u00e1 ao texto que altera substancialmente o conte\u00fado original da proposta. O substitutivo \u00e9 apresentado pelo relator e tem prefer\u00eancia na vota\u00e7\u00e3o sobre o projeto original.\" contenteditable=\"false\" data-toggle=\"tooltip\" data-placement=\"top\">substitutivo<\/span> ao Projeto de Lei 1690\/25, do deputado Marcelo \u00c1lvaro Ant\u00f4nio (PL-MG). O novo texto fez ajustes de reda\u00e7\u00e3o para que a proposta ficasse mais alinhada \u00e0 legisla\u00e7\u00e3o em vigor.<br \/>\n        &#8220;A dissemina\u00e7\u00e3o de desafios perigosos na internet tem se intensificado com a populariza\u00e7\u00e3o das redes sociais e o ingresso precoce de crian\u00e7as e adolescentes no ambiente digital&#8221;, observou Julio Cesar Ribeiro. &#8220;A din\u00e2mica pr\u00f3pria desses meios dificulta seu controle, exigindo atua\u00e7\u00e3o integrada de plataformas, institui\u00e7\u00f5es de ensino, Poder P\u00fablico e sociedade civil.&#8221;<br \/>\n        <strong>Pr\u00f3ximos passos<br \/><\/strong>A proposta ainda precisa passar pela an\u00e1lise das comiss\u00f5es de Previd\u00eancia, Assist\u00eancia Social, Inf\u00e2ncia, Adolesc\u00eancia e Fam\u00edlia; e Constitui\u00e7\u00e3o e Justi\u00e7a e de Cidadania, antes da vota\u00e7\u00e3o do Plen\u00e1rio.<br \/>\n        Para virar lei, \u00e9 necess\u00e1rio ter a aprova\u00e7\u00e3o da C\u00e2mara e do Senado.<\/p>\n<p style=\"font-size: 0.8rem; font-weight: 700;\">Reportagem \u2013 Francisco Brand\u00e3o<br \/>Edi\u00e7\u00e3o \u2013 Rachel Libreleon<\/p>\n<\/p><\/div>\n<p><\/a><\/p>\n<p>Fonte: www.camara.leg.br<\/p>\n","protected":false},"excerpt":{"rendered":"<p>25\/09\/2025 &#8211; 10:04 \u00a0 Vinicius Loures\/C\u00e2mara dos Deputados Julio Cesar Ribeiro \u00e9 o relator do projeto de lei A Comiss\u00e3o de Comunica\u00e7\u00e3o da C\u00e2mara dos Deputados aprovou proposta que obriga plataformas digitais, redes sociais e aplicativos a adotar mecanismos para monitorar, bloquear e remover conte\u00fados perigosos. Esses conte\u00fados dever\u00e3o ser retirados em at\u00e9 24 horas [&hellip;]<\/p>\n","protected":false},"author":3,"featured_media":4555,"comment_status":"open","ping_status":"open","sticky":false,"template":"","format":"standard","meta":{"advanced_seo_description":"","jetpack_seo_html_title":"","jetpack_seo_noindex":false,"fifu_image_url":"https:\/\/www.camara.leg.br\/midias\/image\/2025\/09\/img20250909102948001-768x473.jpg","fifu_image_alt":"","_jetpack_memberships_contains_paid_content":false,"footnotes":"","jetpack_publicize_message":"","jetpack_publicize_feature_enabled":true,"jetpack_social_post_already_shared":true,"jetpack_social_options":{"image_generator_settings":{"template":"highway","default_image_id":0,"font":"","enabled":false},"version":2}},"categories":[106,1],"tags":[],"class_list":{"0":"post-4554","1":"post","2":"type-post","3":"status-publish","4":"format-standard","5":"has-post-thumbnail","7":"category-politica","8":"category-uncategorized"},"jetpack_publicize_connections":[],"jetpack_featured_media_url":"https:\/\/i0.wp.com\/www.camara.leg.br\/midias\/image\/2025\/09\/img20250909102948001-768x473.jpg?fit=%2C&ssl=1","jetpack_sharing_enabled":true,"jetpack-related-posts":[],"_links":{"self":[{"href":"https:\/\/friburgonoticias.com.br\/temp\/wp-json\/wp\/v2\/posts\/4554","targetHints":{"allow":["GET"]}}],"collection":[{"href":"https:\/\/friburgonoticias.com.br\/temp\/wp-json\/wp\/v2\/posts"}],"about":[{"href":"https:\/\/friburgonoticias.com.br\/temp\/wp-json\/wp\/v2\/types\/post"}],"author":[{"embeddable":true,"href":"https:\/\/friburgonoticias.com.br\/temp\/wp-json\/wp\/v2\/users\/3"}],"replies":[{"embeddable":true,"href":"https:\/\/friburgonoticias.com.br\/temp\/wp-json\/wp\/v2\/comments?post=4554"}],"version-history":[{"count":0,"href":"https:\/\/friburgonoticias.com.br\/temp\/wp-json\/wp\/v2\/posts\/4554\/revisions"}],"wp:featuredmedia":[{"embeddable":true,"href":"https:\/\/friburgonoticias.com.br\/temp\/wp-json\/wp\/v2\/media\/4555"}],"wp:attachment":[{"href":"https:\/\/friburgonoticias.com.br\/temp\/wp-json\/wp\/v2\/media?parent=4554"}],"wp:term":[{"taxonomy":"category","embeddable":true,"href":"https:\/\/friburgonoticias.com.br\/temp\/wp-json\/wp\/v2\/categories?post=4554"},{"taxonomy":"post_tag","embeddable":true,"href":"https:\/\/friburgonoticias.com.br\/temp\/wp-json\/wp\/v2\/tags?post=4554"}],"curies":[{"name":"wp","href":"https:\/\/api.w.org\/{rel}","templated":true}]}}