{"id":4562,"date":"2025-09-25T15:24:16","date_gmt":"2025-09-25T15:24:16","guid":{"rendered":"https:\/\/friburgonoticias.com.br\/temp\/2025\/09\/25\/comissao-de-constituicao-e-justica-aprova-punicoes-para-quem-discriminar-pessoas-com-autismo-noticias\/"},"modified":"2025-09-25T15:24:16","modified_gmt":"2025-09-25T15:24:16","slug":"comissao-de-constituicao-e-justica-aprova-punicoes-para-quem-discriminar-pessoas-com-autismo-noticias","status":"publish","type":"post","link":"https:\/\/friburgonoticias.com.br\/temp\/2025\/09\/25\/comissao-de-constituicao-e-justica-aprova-punicoes-para-quem-discriminar-pessoas-com-autismo-noticias\/","title":{"rendered":"Comiss\u00e3o de Constitui\u00e7\u00e3o e Justi\u00e7a aprova puni\u00e7\u00f5es para quem discriminar pessoas com autismo &#8211; Not\u00edcias"},"content":{"rendered":"<p><\/p>\n<div>\n<p class=\"g-artigo__data-hora\">\n                      25\/09\/2025 &#8211; 12:13 \u00a0\n                    <\/p>\n<div id=\"image-container-1204368\" class=\"image-container\" style=\"float: none; margin: 45px 0px; width: 100%;\" data-midia=\"1204368\">\n        <em>Vinicius Loures\/C\u00e2mara dos Deputados<\/em><\/p>\n<p>        Marangoni: pessoas com TEA convivem com o preconceito em todos os lugares\n        <\/p><\/div>\n<p>        A Comiss\u00e3o de Constitui\u00e7\u00e3o e Justi\u00e7a e de Cidadania (CCJ) da C\u00e2mara dos Deputados aprovou, em <span id=\"4322\" class=\"termoGlossario\" title=\"Rito de tramita\u00e7\u00e3o pelo qual o projeto \u00e9 votado apenas pelas comiss\u00f5es designadas para analis\u00e1-lo, dispensada a delibera\u00e7\u00e3o do Plen\u00e1rio. O projeto perde o car\u00e1ter conclusivo se houver decis\u00e3o divergente entre as comiss\u00f5es ou se, independentemente de ser aprovado ou rejeitado, houver recurso assinado por 52 deputados para a aprecia\u00e7\u00e3o da mat\u00e9ria no Plen\u00e1rio.\" contenteditable=\"false\" data-toggle=\"tooltip\" data-placement=\"top\">car\u00e1ter conclusivo<\/span>, projeto de lei que prev\u00ea puni\u00e7\u00f5es para quem praticar, induzir ou incentivar atos discriminat\u00f3rios contra pessoas com transtorno do espectro autista (TEA).<br \/>\n        A proposta seguir\u00e1 para an\u00e1lise do Senado, a menos que haja pedido para que seja votada tamb\u00e9m pelo Plen\u00e1rio da C\u00e2mara.<\/p>\n<p>        <strong>Puni\u00e7\u00f5es<\/strong><br \/>As puni\u00e7\u00f5es previstas s\u00e3o:<\/p>\n<ul>\n<li>advert\u00eancia por escrito e encaminhamento do infrator para participa\u00e7\u00e3o em palestras educativas sobre o TEA;<\/li>\n<li>multa de um sal\u00e1rio m\u00ednimo no caso de pessoa f\u00edsica;<\/li>\n<li>multa de cinco sal\u00e1rios m\u00ednimos para empresas; e<\/li>\n<li>suspens\u00e3o de participar de licita\u00e7\u00f5es p\u00fablicas.<\/li>\n<\/ul>\n<p>        Em caso de reincid\u00eancia, as multas ser\u00e3o cobradas em dobro.<br \/>\n        O texto prev\u00ea ainda a responsabiliza\u00e7\u00e3o do agente p\u00fablico que, no exerc\u00edcio de suas fun\u00e7\u00f5es, praticar atos discriminat\u00f3rios.<br \/>\n        A proposta define discrimina\u00e7\u00e3o contra pessoas com TEA como qualquer forma de distin\u00e7\u00e3o, recusa, restri\u00e7\u00e3o ou exclus\u00e3o, inclusive por meio de coment\u00e1rios pejorativos, por a\u00e7\u00e3o ou omiss\u00e3o, presencialmente, por redes sociais ou ve\u00edculos de comunica\u00e7\u00e3o.<br \/>\n        <strong>Nova vers\u00e3o<\/strong><br \/>A CCJ acolheu o <a href=\"https:\/\/www.camara.leg.br\/proposicoesWeb\/prop_mostrarintegra?codteor=2941339&amp;filename=Parecer-CCJC-2025-06-24\">parecer do relator<\/a>, deputado Marangoni (Uni\u00e3o-SP), pela aprova\u00e7\u00e3o do <a href=\"https:\/\/www.camara.leg.br\/noticias\/1073418-COMISSAO-APROVA-PUNICOES-PARA-PESSOAS-E-EMPRESAS-QUE-DISCRIMINAREM-PESSOAS-COM-AUTISMO\">substitutivo da Comiss\u00e3o de Defesa dos Direitos das Pessoas com Defici\u00eancia<\/a> ao <a class=\"linkProposicao\" href=\"https:\/\/www.camara.leg.br\/noticias\/898505-projeto-estabelece-punicao-para-agente-publico-que-pratica-ato-discriminatorio-contra-autista\">Projeto de Lei 1758\/22<\/a>, do deputado Jos\u00e9 Nelto (Uni\u00e3o-GO).<br \/>\n        \u201cA discrimina\u00e7\u00e3o vivenciada pelas pessoas com TEA se manifesta de diversas formas \u2014 expl\u00edcitas ou veladas \u2014\u00a0 e em variados ambientes, como escolas, ruas, restaurantes e ambientes de trabalho\u201d, observou Marangoni, ao concordar com o autor da proposta. \u201cApesar dos avan\u00e7os legislativos e da supera\u00e7\u00e3o de preconceitos, persiste o desconhecimento sobre o autismo, o que gera comportamentos discriminat\u00f3rios enraizados em estigmas\u201d, acrescentou.<br \/>\n        O <a href=\"https:\/\/www.camara.leg.br\/proposicoesWeb\/prop_mostrarintegra?codteor=2437536&amp;filename=SBT-A+1+CPD+%3D%3E+PL+1758\/2022\">substitutivo<\/a> inclui as mudan\u00e7as na <a href=\"https:\/\/www2.camara.leg.br\/legin\/fed\/lei\/2012\/lei-12764-27-dezembro-2012-774838-norma-pl.html\">Pol\u00edtica Nacional de Prote\u00e7\u00e3o dos Direitos da Pessoa com Transtorno do Espectro Autista<\/a>.<br \/>\n        <strong>Internet<\/strong><br \/>Em caso de publica\u00e7\u00e3o de qualquer conte\u00fado, impresso ou publicado em plataforma da internet, utilizando ou n\u00e3o as redes sociais, que represente discrimina\u00e7\u00e3o contra pessoas com TEA, o material dever\u00e1 ser retirado de imediato e os respons\u00e1veis punidos.<br \/>\n        \u00a0<br \/>\n        \u00a0<br \/>\n        \u00a0<br \/>\n        <iframe class=\"infografico-container\" style=\"width: 100%; height: 100%;\" src=\"https:\/\/www.camara.leg.br\/internet\/agencia\/infograficos-html5\/autismo-no-brasil\/index.html\" frameborder=\"0\" data-mce-fragment=\"1\"><\/iframe><br \/>\n        \u00a0<br \/>\n        \u00a0<\/p>\n<p style=\"font-size: 0.8rem; font-weight: 700;\">Reportagem \u2013 No\u00e9li Nobre<br \/>Edi\u00e7\u00e3o \u2013 Marcelo Oliveira<\/p>\n<\/p><\/div>\n<p><\/a><\/p>\n<p>Fonte: www.camara.leg.br<\/p>\n","protected":false},"excerpt":{"rendered":"<p>25\/09\/2025 &#8211; 12:13 \u00a0 Vinicius Loures\/C\u00e2mara dos Deputados Marangoni: pessoas com TEA convivem com o preconceito em todos os lugares A Comiss\u00e3o de Constitui\u00e7\u00e3o e Justi\u00e7a e de Cidadania (CCJ) da C\u00e2mara dos Deputados aprovou, em car\u00e1ter conclusivo, projeto de lei que prev\u00ea puni\u00e7\u00f5es para quem praticar, induzir ou incentivar atos discriminat\u00f3rios contra pessoas com [&hellip;]<\/p>\n","protected":false},"author":3,"featured_media":4563,"comment_status":"open","ping_status":"open","sticky":false,"template":"","format":"standard","meta":{"advanced_seo_description":"","jetpack_seo_html_title":"","jetpack_seo_noindex":false,"fifu_image_url":"https:\/\/www.camara.leg.br\/midias\/image\/2025\/09\/img20241008170052834-768x473.jpg","fifu_image_alt":"","_jetpack_memberships_contains_paid_content":false,"footnotes":"","jetpack_publicize_message":"","jetpack_publicize_feature_enabled":true,"jetpack_social_post_already_shared":true,"jetpack_social_options":{"image_generator_settings":{"template":"highway","default_image_id":0,"font":"","enabled":false},"version":2}},"categories":[106,1],"tags":[],"class_list":{"0":"post-4562","1":"post","2":"type-post","3":"status-publish","4":"format-standard","5":"has-post-thumbnail","7":"category-politica","8":"category-uncategorized"},"jetpack_publicize_connections":[],"jetpack_featured_media_url":"https:\/\/i0.wp.com\/www.camara.leg.br\/midias\/image\/2025\/09\/img20241008170052834-768x473.jpg?fit=%2C&ssl=1","jetpack_sharing_enabled":true,"jetpack-related-posts":[],"_links":{"self":[{"href":"https:\/\/friburgonoticias.com.br\/temp\/wp-json\/wp\/v2\/posts\/4562","targetHints":{"allow":["GET"]}}],"collection":[{"href":"https:\/\/friburgonoticias.com.br\/temp\/wp-json\/wp\/v2\/posts"}],"about":[{"href":"https:\/\/friburgonoticias.com.br\/temp\/wp-json\/wp\/v2\/types\/post"}],"author":[{"embeddable":true,"href":"https:\/\/friburgonoticias.com.br\/temp\/wp-json\/wp\/v2\/users\/3"}],"replies":[{"embeddable":true,"href":"https:\/\/friburgonoticias.com.br\/temp\/wp-json\/wp\/v2\/comments?post=4562"}],"version-history":[{"count":0,"href":"https:\/\/friburgonoticias.com.br\/temp\/wp-json\/wp\/v2\/posts\/4562\/revisions"}],"wp:featuredmedia":[{"embeddable":true,"href":"https:\/\/friburgonoticias.com.br\/temp\/wp-json\/wp\/v2\/media\/4563"}],"wp:attachment":[{"href":"https:\/\/friburgonoticias.com.br\/temp\/wp-json\/wp\/v2\/media?parent=4562"}],"wp:term":[{"taxonomy":"category","embeddable":true,"href":"https:\/\/friburgonoticias.com.br\/temp\/wp-json\/wp\/v2\/categories?post=4562"},{"taxonomy":"post_tag","embeddable":true,"href":"https:\/\/friburgonoticias.com.br\/temp\/wp-json\/wp\/v2\/tags?post=4562"}],"curies":[{"name":"wp","href":"https:\/\/api.w.org\/{rel}","templated":true}]}}