{"id":4568,"date":"2025-09-25T16:47:59","date_gmt":"2025-09-25T16:47:59","guid":{"rendered":"https:\/\/friburgonoticias.com.br\/temp\/2025\/09\/25\/crivella-e-condenado-a-pagar-indenizacao-de-r-100-mil-por-discriminacao-na-bienal-de-2019\/"},"modified":"2025-09-25T16:47:59","modified_gmt":"2025-09-25T16:47:59","slug":"crivella-e-condenado-a-pagar-indenizacao-de-r-100-mil-por-discriminacao-na-bienal-de-2019","status":"publish","type":"post","link":"https:\/\/friburgonoticias.com.br\/temp\/2025\/09\/25\/crivella-e-condenado-a-pagar-indenizacao-de-r-100-mil-por-discriminacao-na-bienal-de-2019\/","title":{"rendered":"Crivella \u00e9 condenado a pagar indeniza\u00e7\u00e3o de R$ 100 mil por discrimina\u00e7\u00e3o na Bienal de 2019"},"content":{"rendered":"<p><\/p>\n<div itemprop=\"articleBody\">\nO ex-prefeito do Rio, Marcelo Crivella (Republicanos) foi condenado pela Quarta C\u00e2mara de Direito P\u00fablico da Justi\u00e7a do Rio a pagar uma indeniza\u00e7\u00e3o de R$ 100 mil por \u201cdanos morais coletivos\u201d. Os recursos, segundo a decis\u00e3o, ser\u00e3o destinados \u201ca pol\u00edticas p\u00fablicas de combate \u00e0 discrimina\u00e7\u00e3o por orienta\u00e7\u00e3o sexual.\u201d<\/p>\n<p>Em 2019, durante a Bienal do Livro, Crivella, ent\u00e3o prefeito, mandou recolher exemplares de um livro com uma illustra\u00e7\u00e3o de um beijo gay. A atitute gerou pol\u00eamica e muitas cr\u00edticas de persegui\u00e7\u00e3o e discrimina\u00e7\u00e3o sexual. Com a repercuss\u00e3o, a publica\u00e7\u00e3o esgotou na feira.<\/p>\n<p>\u201cA repercuss\u00e3o nacional do caso concreto, inclusive em decorr\u00eancia da exposi\u00e7\u00e3o volunt\u00e1ria nas redes sociais do R\u00e9u, justifica a compreens\u00e3o segundo a qual a mera cassa\u00e7\u00e3o do ato administrativo ilegal \u00e9 insuficiente para reparar a les\u00e3o aos interesses difusos em jogo\u201d, diz o ac\u00f3rd\u00e3o.<\/p>\n<h2 class=\"wp-block-heading\">Para desembargador, Crivella tem \u201ccompreens\u00e3o desigual\u201d de formas de afeto<\/h2>\n<p>A a\u00e7\u00e3o foi movida por diversas associa\u00e7\u00f5es de civis de defesa dos direitos das pessoas homossexuais e transexuais. <\/p>\n<p>Segundo o desembargador relator Guilherme Pe\u00f1a de Moraes, \u201cAo mobilizar a m\u00e1quina p\u00fablica para lacrar as revistas em quadrinhos cujas capas contivessem representa\u00e7\u00f5es de atos afetivos entre pessoas do mesmo g\u00eanero, demonstrou-se uma compreens\u00e3o desigual de que determinadas formas de afeto \u2013 no caso, beijos entre duas figuras masculinas \u2013 s\u00e3o inapropriadas para o p\u00fablico juvenil, como se tivessem teor pornogr\u00e1fico ou de pervers\u00e3o sexual, ao passo em que semelhante tratamento n\u00e3o foi conferido \u00e0s obras liter\u00e1rias que trouxessem representa\u00e7\u00f5es de afeto entre homens e mulheres.\u201d\n<\/p><\/div>\n<p><\/a><\/p>\n<p>Fonte: temporealrj.com<\/p>\n","protected":false},"excerpt":{"rendered":"<p>O ex-prefeito do Rio, Marcelo Crivella (Republicanos) foi condenado pela Quarta C\u00e2mara de Direito P\u00fablico da Justi\u00e7a do Rio a pagar uma indeniza\u00e7\u00e3o de R$ 100 mil por \u201cdanos morais coletivos\u201d. Os recursos, segundo a decis\u00e3o, ser\u00e3o destinados \u201ca pol\u00edticas p\u00fablicas de combate \u00e0 discrimina\u00e7\u00e3o por orienta\u00e7\u00e3o sexual.\u201d Em 2019, durante a Bienal do Livro, [&hellip;]<\/p>\n","protected":false},"author":3,"featured_media":4569,"comment_status":"open","ping_status":"open","sticky":false,"template":"","format":"standard","meta":{"advanced_seo_description":"","jetpack_seo_html_title":"","jetpack_seo_noindex":false,"fifu_image_url":"https:\/\/temporealrj.com\/wp-content\/uploads\/2025\/09\/WS3VBYVMVNAORB7RDTQZZTFXYA-e1758814743575.jpg","fifu_image_alt":"","_jetpack_memberships_contains_paid_content":false,"footnotes":"","jetpack_publicize_message":"","jetpack_publicize_feature_enabled":true,"jetpack_social_post_already_shared":true,"jetpack_social_options":{"image_generator_settings":{"template":"highway","default_image_id":0,"font":"","enabled":false},"version":2}},"categories":[107],"tags":[],"class_list":{"0":"post-4568","1":"post","2":"type-post","3":"status-publish","4":"format-standard","5":"has-post-thumbnail","7":"category-economia"},"jetpack_publicize_connections":[],"jetpack_featured_media_url":"https:\/\/i0.wp.com\/temporealrj.com\/wp-content\/uploads\/2025\/09\/WS3VBYVMVNAORB7RDTQZZTFXYA-e1758814743575.jpg?fit=%2C&ssl=1","jetpack_sharing_enabled":true,"jetpack-related-posts":[],"_links":{"self":[{"href":"https:\/\/friburgonoticias.com.br\/temp\/wp-json\/wp\/v2\/posts\/4568","targetHints":{"allow":["GET"]}}],"collection":[{"href":"https:\/\/friburgonoticias.com.br\/temp\/wp-json\/wp\/v2\/posts"}],"about":[{"href":"https:\/\/friburgonoticias.com.br\/temp\/wp-json\/wp\/v2\/types\/post"}],"author":[{"embeddable":true,"href":"https:\/\/friburgonoticias.com.br\/temp\/wp-json\/wp\/v2\/users\/3"}],"replies":[{"embeddable":true,"href":"https:\/\/friburgonoticias.com.br\/temp\/wp-json\/wp\/v2\/comments?post=4568"}],"version-history":[{"count":0,"href":"https:\/\/friburgonoticias.com.br\/temp\/wp-json\/wp\/v2\/posts\/4568\/revisions"}],"wp:featuredmedia":[{"embeddable":true,"href":"https:\/\/friburgonoticias.com.br\/temp\/wp-json\/wp\/v2\/media\/4569"}],"wp:attachment":[{"href":"https:\/\/friburgonoticias.com.br\/temp\/wp-json\/wp\/v2\/media?parent=4568"}],"wp:term":[{"taxonomy":"category","embeddable":true,"href":"https:\/\/friburgonoticias.com.br\/temp\/wp-json\/wp\/v2\/categories?post=4568"},{"taxonomy":"post_tag","embeddable":true,"href":"https:\/\/friburgonoticias.com.br\/temp\/wp-json\/wp\/v2\/tags?post=4568"}],"curies":[{"name":"wp","href":"https:\/\/api.w.org\/{rel}","templated":true}]}}