{"id":4576,"date":"2025-09-25T18:17:58","date_gmt":"2025-09-25T18:17:58","guid":{"rendered":"https:\/\/friburgonoticias.com.br\/temp\/2025\/09\/25\/alerj-aprova-gratificacao-faroeste-para-policiais-civis\/"},"modified":"2025-09-25T18:17:58","modified_gmt":"2025-09-25T18:17:58","slug":"alerj-aprova-gratificacao-faroeste-para-policiais-civis","status":"publish","type":"post","link":"https:\/\/friburgonoticias.com.br\/temp\/2025\/09\/25\/alerj-aprova-gratificacao-faroeste-para-policiais-civis\/","title":{"rendered":"Alerj aprova &#8216;gratifica\u00e7\u00e3o faroeste&#8217; para policiais civis"},"content":{"rendered":"<p><\/p>\n<div id=\"hd80s9wa1h892edh8192\">\n        A <strong><a href=\"https:\/\/www.alerj.rj.gov.br\/\" target=\"_blank\" rel=\"noreferrer noopener\">Assembleia Legislativa do Rio de Janeiro<\/a><\/strong> (Alerj) aprovou, na \u00faltima ter\u00e7a-feira 23, o texto que prev\u00ea gratifica\u00e7\u00f5es para policiais civis do Estado que \u201cneutralizarem\u201d criminosos em confronto, conhecidas como \u201cgratifica\u00e7\u00e3o faroeste\u201d. Os valores desse adicional variam entre 10% e 150% do sal\u00e1rio do servidor.<\/p>\n<p>A proposta integra um projeto que trata da reestrutura\u00e7\u00e3o do quadro da <strong><a href=\"https:\/\/revistaoeste.com\/tag\/policia-civil\/\" target=\"_blank\" rel=\"noreferrer noopener\">Pol\u00edcia Civil<\/a><\/strong> e altera pontos da Lei Org\u00e2nica da corpora\u00e7\u00e3o. Emendas apresentadas por deputados estaduais prop\u00f5em o pagamento do b\u00f4nus em situa\u00e7\u00f5es de confronto com morte de suspeitos, al\u00e9m de apreens\u00e3o de armas de uso restrito, como fuzis.<\/p>\n<p><strong>+ Leia mais not\u00edcias de\u00a0<a href=\"https:\/\/revistaoeste.com\/politica\" target=\"_blank\" rel=\"noreferrer noopener\">Pol\u00edtica<\/a>\u00a0em Oeste<\/strong><\/p>\n<p>A vota\u00e7\u00e3o de ter\u00e7a-feira foi uma tentativa de retirar a \u201cgratifica\u00e7\u00e3o faroeste\u201d do texto, mas a proposta foi rejeitada por 47 votos contra 15 favor\u00e1veis. Com a aprova\u00e7\u00e3o, o governador Cl\u00e1udio Castro tem 15 dias para sancionar ou vetar o plano de reestrutura\u00e7\u00e3o.<\/p>\n<figure class=\"wp-block-image aligncenter size-full\"><picture><source data-srcset=\"https:\/\/medias.revistaoeste.com\/wp-content\/uploads\/2022\/03\/51902626512-c367bcd2f7-c.jpg.webp 800w, https:\/\/medias.revistaoeste.com\/wp-content\/uploads\/2022\/03\/51902626512-c367bcd2f7-c-300x198.jpg.webp 300w, https:\/\/medias.revistaoeste.com\/wp-content\/uploads\/2022\/03\/51902626512-c367bcd2f7-c-768x507.jpg.webp 768w, https:\/\/medias.revistaoeste.com\/wp-content\/uploads\/2022\/03\/51902626512-c367bcd2f7-c-60x40.jpg.webp 60w, https:\/\/medias.revistaoeste.com\/wp-content\/uploads\/2022\/03\/51902626512-c367bcd2f7-c-240x158.jpg.webp 240w, https:\/\/medias.revistaoeste.com\/wp-content\/uploads\/2022\/03\/51902626512-c367bcd2f7-c-600x396.jpg.webp 600w\" data-sizes=\"(max-width: 800px) 100vw, 800px\" type=\"image\/webp\"><img loading=\"lazy\" decoding=\"async\" width=\"800\" height=\"528\" alt=\"Castro torcidas organizadas governador do Rio; Cl\u00e1udio Castro. hiv\" class=\"wp-image-534069 perfmatters-lazy\" data-eio=\"p\" src=\"https:\/\/medias.revistaoeste.com\/wp-content\/uploads\/2022\/03\/51902626512-c367bcd2f7-c.jpg\" srcset=\"https:\/\/medias.revistaoeste.com\/wp-content\/uploads\/2022\/03\/51902626512-c367bcd2f7-c.jpg 800w, https:\/\/medias.revistaoeste.com\/wp-content\/uploads\/2022\/03\/51902626512-c367bcd2f7-c-300x198.jpg 300w, https:\/\/medias.revistaoeste.com\/wp-content\/uploads\/2022\/03\/51902626512-c367bcd2f7-c-768x507.jpg 768w, https:\/\/medias.revistaoeste.com\/wp-content\/uploads\/2022\/03\/51902626512-c367bcd2f7-c-60x40.jpg 60w, https:\/\/medias.revistaoeste.com\/wp-content\/uploads\/2022\/03\/51902626512-c367bcd2f7-c-240x158.jpg 240w, https:\/\/medias.revistaoeste.com\/wp-content\/uploads\/2022\/03\/51902626512-c367bcd2f7-c-600x396.jpg 600w\" data-sizes=\"(max-width: 800px) 100vw, 800px\"\/><img loading=\"lazy\" decoding=\"async\" width=\"800\" height=\"528\" src=\"https:\/\/medias.revistaoeste.com\/wp-content\/uploads\/2022\/03\/51902626512-c367bcd2f7-c.jpg\" alt=\"Castro torcidas organizadas governador do Rio; Cl\u00e1udio Castro. hiv\" class=\"wp-image-534069\" srcset=\"https:\/\/medias.revistaoeste.com\/wp-content\/uploads\/2022\/03\/51902626512-c367bcd2f7-c.jpg 800w, https:\/\/medias.revistaoeste.com\/wp-content\/uploads\/2022\/03\/51902626512-c367bcd2f7-c-300x198.jpg 300w, https:\/\/medias.revistaoeste.com\/wp-content\/uploads\/2022\/03\/51902626512-c367bcd2f7-c-768x507.jpg 768w, https:\/\/medias.revistaoeste.com\/wp-content\/uploads\/2022\/03\/51902626512-c367bcd2f7-c-60x40.jpg 60w, https:\/\/medias.revistaoeste.com\/wp-content\/uploads\/2022\/03\/51902626512-c367bcd2f7-c-240x158.jpg 240w, https:\/\/medias.revistaoeste.com\/wp-content\/uploads\/2022\/03\/51902626512-c367bcd2f7-c-600x396.jpg 600w\" sizes=\"auto, (max-width: 800px) 100vw, 800px\" data-eio=\"p\"\/><\/source><\/picture><figcaption class=\"wp-element-caption\">Governador do Rio de Janeiro, Cl\u00e1udio Castro | Foto: Eliane Carvalho<\/figcaption><\/figure>\n<p>Segundo parecer exclusivo da Comiss\u00e3o de Constitui\u00e7\u00e3o e Justi\u00e7a (CCJ), obtido pelo portal G1, dezenas de emendas foram acolhidas, incluindo as tr\u00eas que tratam do b\u00f4nus por mortes em opera\u00e7\u00e3o. O mecanismo, extinto em 1998 pela pr\u00f3pria Alerj, voltou a ser debatido depois de quase tr\u00eas d\u00e9cadas. A nova vers\u00e3o tamb\u00e9m incentiva os policiais a apreenderem armamentos de grosso calibre, como fuzis. <\/p>\n<h2 class=\"wp-block-heading\" id=\"h-mpf-alerta-governador-contra-gratificacao-faroeste\">MPF alerta governador contra \u201cgratifica\u00e7\u00e3o faroeste\u201d<\/h2>\n<p>O <strong><a href=\"https:\/\/revistaoeste.com\/tag\/ministerio-publico-federal-mpf\/\" target=\"_blank\" rel=\"noreferrer noopener\">Minist\u00e9rio P\u00fablico Federal<\/a><\/strong> (MPF) enviou of\u00edcio a Cl\u00e1udio Castro, alertando sobre a inconstitucionalidade do projeto. Segundo o MPF, a bonifica\u00e7\u00e3o viola direitos humanos e contraria decis\u00e3o do Supremo Tribunal Federal que trata da letalidade policial no Rio.<\/p>\n<p>O deputado Rodrigo Amorim (Uni\u00e3o Brasil-RJ), presidente da CCJ e relator do projeto, figura entre os autores das emendas que instituem o benef\u00edcio. Caso o texto vire lei, caber\u00e1 ao governo do Estado e \u00e0 Secretaria Estadual de Pol\u00edcia Civil definir a implementa\u00e7\u00e3o das gratifica\u00e7\u00f5es.<img decoding=\"async\" class=\"perfmatters-lazy\" src=\"https:\/\/agenciabrasil.ebc.com.br\/ebc.gif?id=1660253&amp;o=node\"\/><img decoding=\"async\" src=\"https:\/\/agenciabrasil.ebc.com.br\/ebc.gif?id=1660253&amp;o=node\"\/><\/p><\/div>\n<p><\/a><\/p>\n<p>Fonte: revistaoeste.com<\/p>\n","protected":false},"excerpt":{"rendered":"<p>A Assembleia Legislativa do Rio de Janeiro (Alerj) aprovou, na \u00faltima ter\u00e7a-feira 23, o texto que prev\u00ea gratifica\u00e7\u00f5es para policiais civis do Estado que \u201cneutralizarem\u201d criminosos em confronto, conhecidas como \u201cgratifica\u00e7\u00e3o faroeste\u201d. Os valores desse adicional variam entre 10% e 150% do sal\u00e1rio do servidor. A proposta integra um projeto que trata da reestrutura\u00e7\u00e3o do [&hellip;]<\/p>\n","protected":false},"author":3,"featured_media":4577,"comment_status":"open","ping_status":"open","sticky":false,"template":"","format":"standard","meta":{"advanced_seo_description":"","jetpack_seo_html_title":"","jetpack_seo_noindex":false,"fifu_image_url":"https:\/\/medias.revistaoeste.com\/wp-content\/uploads\/2025\/09\/media_12112020_162022GERAL-1620.jpg","fifu_image_alt":"","_jetpack_memberships_contains_paid_content":false,"footnotes":"","jetpack_publicize_message":"","jetpack_publicize_feature_enabled":true,"jetpack_social_post_already_shared":true,"jetpack_social_options":{"image_generator_settings":{"template":"highway","default_image_id":0,"font":"","enabled":false},"version":2}},"categories":[106,1],"tags":[],"class_list":{"0":"post-4576","1":"post","2":"type-post","3":"status-publish","4":"format-standard","5":"has-post-thumbnail","7":"category-politica","8":"category-uncategorized"},"jetpack_publicize_connections":[],"jetpack_featured_media_url":"https:\/\/i0.wp.com\/medias.revistaoeste.com\/wp-content\/uploads\/2025\/09\/media_12112020_162022GERAL-1620.jpg?fit=%2C&ssl=1","jetpack_sharing_enabled":true,"jetpack-related-posts":[],"_links":{"self":[{"href":"https:\/\/friburgonoticias.com.br\/temp\/wp-json\/wp\/v2\/posts\/4576","targetHints":{"allow":["GET"]}}],"collection":[{"href":"https:\/\/friburgonoticias.com.br\/temp\/wp-json\/wp\/v2\/posts"}],"about":[{"href":"https:\/\/friburgonoticias.com.br\/temp\/wp-json\/wp\/v2\/types\/post"}],"author":[{"embeddable":true,"href":"https:\/\/friburgonoticias.com.br\/temp\/wp-json\/wp\/v2\/users\/3"}],"replies":[{"embeddable":true,"href":"https:\/\/friburgonoticias.com.br\/temp\/wp-json\/wp\/v2\/comments?post=4576"}],"version-history":[{"count":0,"href":"https:\/\/friburgonoticias.com.br\/temp\/wp-json\/wp\/v2\/posts\/4576\/revisions"}],"wp:featuredmedia":[{"embeddable":true,"href":"https:\/\/friburgonoticias.com.br\/temp\/wp-json\/wp\/v2\/media\/4577"}],"wp:attachment":[{"href":"https:\/\/friburgonoticias.com.br\/temp\/wp-json\/wp\/v2\/media?parent=4576"}],"wp:term":[{"taxonomy":"category","embeddable":true,"href":"https:\/\/friburgonoticias.com.br\/temp\/wp-json\/wp\/v2\/categories?post=4576"},{"taxonomy":"post_tag","embeddable":true,"href":"https:\/\/friburgonoticias.com.br\/temp\/wp-json\/wp\/v2\/tags?post=4576"}],"curies":[{"name":"wp","href":"https:\/\/api.w.org\/{rel}","templated":true}]}}