{"id":4602,"date":"2025-09-26T13:41:31","date_gmt":"2025-09-26T13:41:31","guid":{"rendered":"https:\/\/friburgonoticias.com.br\/temp\/2025\/09\/26\/dialogo-de-lula-e-trump-adia-analise-da-lei-da-reciprocidade\/"},"modified":"2025-09-26T13:41:31","modified_gmt":"2025-09-26T13:41:31","slug":"dialogo-de-lula-e-trump-adia-analise-da-lei-da-reciprocidade","status":"publish","type":"post","link":"https:\/\/friburgonoticias.com.br\/temp\/2025\/09\/26\/dialogo-de-lula-e-trump-adia-analise-da-lei-da-reciprocidade\/","title":{"rendered":"Di\u00e1logo de Lula e Trump adia an\u00e1lise da Lei da Reciprocidade"},"content":{"rendered":"<p><\/p>\n<div id=\"hd80s9wa1h892edh8192\">\n        A avalia\u00e7\u00e3o do governo brasileiro sobre poss\u00edveis retalia\u00e7\u00f5es comerciais aos <strong><a href=\"https:\/\/revistaoeste.com\/tag\/estados-unidos\" target=\"_blank\" rel=\"noreferrer noopener\">Estados Unidos<\/a><\/strong> foi adiada, pois autoridades consideram que uma aproxima\u00e7\u00e3o entre Donald Trump e Luiz In\u00e1cio Lula da Silva (<strong><a href=\"https:\/\/pt.org.br\/\" target=\"_blank\" rel=\"noreferrer noopener\">PT<\/a><\/strong>) pode influenciar o andamento da Lei de Reciprocidade. O tema entrou em compasso de espera logo depois do presidente norte-americano sinalizar positivamente ao l\u00edder brasileiro durante a Assembleia-Geral das Na\u00e7\u00f5es Unidas.<\/p>\n<p><strong>+ Leia mais not\u00edcias de\u00a0<a href=\"https:\/\/revistaoeste.com\/economia\" target=\"_blank\" rel=\"noreferrer noopener\">Pol\u00edtica<\/a>\u00a0em Oeste<\/strong><\/p>\n<p>A decis\u00e3o de postergar a an\u00e1lise ocorreu na ter\u00e7a-feira 23, quando o Comit\u00ea-Executivo de Gest\u00e3o (Gecex) da C\u00e2mara de Com\u00e9rcio Exterior (Camex) deveria deliberar sobre o in\u00edcio do processo. O adiamento foi solicitado pelo pr\u00f3prio governo antes do in\u00edcio da reuni\u00e3o, marcada para 10h30, pouco antes do discurso de Trump na ONU.<\/p>\n<h2 class=\"wp-block-heading\" id=\"dialogo-entre-lula-e-trump-influencia-decisoes\">Di\u00e1logo entre Lula e Trump influencia decis\u00f5es<a href=\"https:\/\/wainews-homolog.streamlit.app\/~\/+\/#dialogo-entre-lula-e-trump-influencia-decisoes\"\/><\/h2>\n<p>A discuss\u00e3o sobre a Lei de Reciprocidade ficar\u00e1 suspensa por pelo menos uma semana, conforme revelou a <em>Folha de S.Paulo<\/em>. No entanto, esse prazo pode ser alterado caso Lula e Trump confirmem uma conversa, que deve ocorrer por telefone ou videoconfer\u00eancia. Para integrantes do Executivo, \u00e9 importante que esse di\u00e1logo siga dentro do previsto.<\/p>\n<figure class=\"wp-block-embed is-type-video is-provider-youtube wp-block-embed-youtube wp-embed-aspect-16-9 wp-has-aspect-ratio\">\n<div class=\"wp-block-embed__wrapper\">\n<div class=\"perfmatters-lazy-youtube\" data-src=\"https:\/\/www.youtube.com\/embed\/ZzP_1j2NubU\" data-id=\"ZzP_1j2NubU\" data-query=\"feature=oembed\" onclick=\"perfmattersLazyLoadYouTube(this);\">\n<div><img loading=\"lazy\" decoding=\"async\" alt=\"YouTube video\" width=\"480\" height=\"360\" data-pin-nopin=\"true\" nopin=\"nopin\" class=\"perfmatters-lazy\" src=\"https:\/\/i.ytimg.com\/vi\/ZzP_1j2NubU\/hqdefault.jpg\"\/><img loading=\"lazy\" decoding=\"async\" src=\"https:\/\/i.ytimg.com\/vi\/ZzP_1j2NubU\/hqdefault.jpg\" alt=\"YouTube video\" width=\"480\" height=\"360\" data-pin-nopin=\"true\" nopin=\"nopin\"\/><\/div>\n<\/div>\n<p><noscript><iframe loading=\"lazy\" title=\"Medo? Gilmar Mendes reverbera narrativa blas\u00e9 de togados europeus contra Lei Magnitsky\" width=\"1170\" height=\"658\" src=\"https:\/\/www.youtube.com\/embed\/ZzP_1j2NubU?feature=oembed\" frameborder=\"0\" allow=\"accelerometer; autoplay; clipboard-write; encrypted-media; gyroscope; picture-in-picture; web-share\" referrerpolicy=\"strict-origin-when-cross-origin\" allowfullscreen><\/iframe><\/noscript>\n<\/div>\n<\/figure>\n<h2 class=\"wp-block-heading\" id=\"tramites-e-pressoes-do-setor-privado\"\/>\n<p>No fim de agosto, a secretaria-executiva da Camex confirmou ter recebido solicita\u00e7\u00e3o do Itamaraty para adotar medidas de reciprocidade contra os EUA, em raz\u00e3o das tarifas impostas \u00e0s exporta\u00e7\u00f5es do Brasil. O pleito foi compartilhado com os integrantes do Gecex, que poderia criar um grupo de trabalho para propor a\u00e7\u00f5es de resposta.<\/p>\n<p>A tramita\u00e7\u00e3o previa ainda consulta p\u00fablica e posterior envio para delibera\u00e7\u00e3o final do Conselho Estrat\u00e9gico da Camex. Para a reuni\u00e3o desta semana, estava planejada a apresenta\u00e7\u00e3o de um relat\u00f3rio detalhando o impacto econ\u00f4mico e setorial das tarifas norte-americanas e avaliando se elas violam regras internacionais de com\u00e9rcio, justificando o uso da Lei da Reciprocidade.<\/p>\n<figure class=\"wp-block-embed is-type-video is-provider-youtube wp-block-embed-youtube wp-embed-aspect-16-9 wp-has-aspect-ratio\">\n<div class=\"wp-block-embed__wrapper\">\n<div class=\"perfmatters-lazy-youtube\" data-src=\"https:\/\/www.youtube.com\/embed\/qPud96aA-AE\" data-id=\"qPud96aA-AE\" data-query=\"feature=oembed\" onclick=\"perfmattersLazyLoadYouTube(this);\">\n<div><img loading=\"lazy\" decoding=\"async\" alt=\"YouTube video\" width=\"480\" height=\"360\" data-pin-nopin=\"true\" nopin=\"nopin\" class=\"perfmatters-lazy\" src=\"https:\/\/i.ytimg.com\/vi\/qPud96aA-AE\/hqdefault.jpg\"\/><img loading=\"lazy\" decoding=\"async\" src=\"https:\/\/i.ytimg.com\/vi\/qPud96aA-AE\/hqdefault.jpg\" alt=\"YouTube video\" width=\"480\" height=\"360\" data-pin-nopin=\"true\" nopin=\"nopin\"\/><\/div>\n<\/div>\n<p><noscript><iframe loading=\"lazy\" title=\"Deputada federal chamou petista de \u2018corrupto de nove dedos\u2019\" width=\"1170\" height=\"658\" src=\"https:\/\/www.youtube.com\/embed\/qPud96aA-AE?feature=oembed\" frameborder=\"0\" allow=\"accelerometer; autoplay; clipboard-write; encrypted-media; gyroscope; picture-in-picture; web-share\" referrerpolicy=\"strict-origin-when-cross-origin\" allowfullscreen><\/iframe><\/noscript>\n<\/div>\n<\/figure>\n<p>Apesar de n\u00e3o ter sido exclu\u00eddo da pauta, o tema n\u00e3o avan\u00e7ou, conforme documento interno do Gecex. \u201cO Gecex tomou conhecimento da elabora\u00e7\u00e3o do relat\u00f3rio, inclusive das contribui\u00e7\u00f5es recebidas at\u00e9 o momento de diferentes \u00f3rg\u00e3os do governo federal, e foi informado sobre os prazos aplic\u00e1veis para as pr\u00f3ximas etapas do processo\u201d, afirma o registro.<\/p>\n<p><strong>Leia tamb\u00e9m: <\/strong><a href=\"https:\/\/revistaoeste.com\/revista\/edicao-255\/a-anistia-inevitavel\/\"><strong>\u201cA anistia inevit\u00e1vel\u201d<\/strong><\/a><strong>, artigo de Augusto Nunes e Branca Nunes publicado na Edi\u00e7\u00e3o 255 da Revista Oeste<\/strong><\/p><\/div>\n<p><\/a><\/p>\n<p>Fonte: revistaoeste.com<\/p>\n","protected":false},"excerpt":{"rendered":"<p>A avalia\u00e7\u00e3o do governo brasileiro sobre poss\u00edveis retalia\u00e7\u00f5es comerciais aos Estados Unidos foi adiada, pois autoridades consideram que uma aproxima\u00e7\u00e3o entre Donald Trump e Luiz In\u00e1cio Lula da Silva (PT) pode influenciar o andamento da Lei de Reciprocidade. O tema entrou em compasso de espera logo depois do presidente norte-americano sinalizar positivamente ao l\u00edder brasileiro [&hellip;]<\/p>\n","protected":false},"author":3,"featured_media":4603,"comment_status":"open","ping_status":"open","sticky":false,"template":"","format":"standard","meta":{"advanced_seo_description":"","jetpack_seo_html_title":"","jetpack_seo_noindex":false,"fifu_image_url":"https:\/\/medias.revistaoeste.com\/wp-content\/uploads\/2025\/09\/G1ioNjIXgAANOap.jpeg","fifu_image_alt":"","_jetpack_memberships_contains_paid_content":false,"footnotes":"","jetpack_publicize_message":"","jetpack_publicize_feature_enabled":true,"jetpack_social_post_already_shared":true,"jetpack_social_options":{"image_generator_settings":{"template":"highway","default_image_id":0,"font":"","enabled":false},"version":2}},"categories":[106,1],"tags":[],"class_list":{"0":"post-4602","1":"post","2":"type-post","3":"status-publish","4":"format-standard","5":"has-post-thumbnail","7":"category-politica","8":"category-uncategorized"},"jetpack_publicize_connections":[],"jetpack_featured_media_url":"https:\/\/i0.wp.com\/medias.revistaoeste.com\/wp-content\/uploads\/2025\/09\/G1ioNjIXgAANOap.jpeg?fit=%2C&ssl=1","jetpack_sharing_enabled":true,"jetpack-related-posts":[],"_links":{"self":[{"href":"https:\/\/friburgonoticias.com.br\/temp\/wp-json\/wp\/v2\/posts\/4602","targetHints":{"allow":["GET"]}}],"collection":[{"href":"https:\/\/friburgonoticias.com.br\/temp\/wp-json\/wp\/v2\/posts"}],"about":[{"href":"https:\/\/friburgonoticias.com.br\/temp\/wp-json\/wp\/v2\/types\/post"}],"author":[{"embeddable":true,"href":"https:\/\/friburgonoticias.com.br\/temp\/wp-json\/wp\/v2\/users\/3"}],"replies":[{"embeddable":true,"href":"https:\/\/friburgonoticias.com.br\/temp\/wp-json\/wp\/v2\/comments?post=4602"}],"version-history":[{"count":0,"href":"https:\/\/friburgonoticias.com.br\/temp\/wp-json\/wp\/v2\/posts\/4602\/revisions"}],"wp:featuredmedia":[{"embeddable":true,"href":"https:\/\/friburgonoticias.com.br\/temp\/wp-json\/wp\/v2\/media\/4603"}],"wp:attachment":[{"href":"https:\/\/friburgonoticias.com.br\/temp\/wp-json\/wp\/v2\/media?parent=4602"}],"wp:term":[{"taxonomy":"category","embeddable":true,"href":"https:\/\/friburgonoticias.com.br\/temp\/wp-json\/wp\/v2\/categories?post=4602"},{"taxonomy":"post_tag","embeddable":true,"href":"https:\/\/friburgonoticias.com.br\/temp\/wp-json\/wp\/v2\/tags?post=4602"}],"curies":[{"name":"wp","href":"https:\/\/api.w.org\/{rel}","templated":true}]}}