{"id":4604,"date":"2025-09-26T14:57:57","date_gmt":"2025-09-26T14:57:57","guid":{"rendered":"https:\/\/friburgonoticias.com.br\/temp\/2025\/09\/26\/justica-absolve-pavanato-em-acusacao-feita-por-manuela-davila\/"},"modified":"2025-09-26T14:57:57","modified_gmt":"2025-09-26T14:57:57","slug":"justica-absolve-pavanato-em-acusacao-feita-por-manuela-davila","status":"publish","type":"post","link":"https:\/\/friburgonoticias.com.br\/temp\/2025\/09\/26\/justica-absolve-pavanato-em-acusacao-feita-por-manuela-davila\/","title":{"rendered":"Justi\u00e7a absolve Pavanato em acusa\u00e7\u00e3o feita por Manuela D\u2019\u00c1vila"},"content":{"rendered":"<p><\/p>\n<div id=\"hd80s9wa1h892edh8192\">\n        O Tribunal Regional Eleitoral (TRE) de S\u00e3o Paulo rejeitou a acusa\u00e7\u00e3o de \u201cviol\u00eancia de g\u00eanero\u201d feita pela ex-deputada federal Manuela D\u2019\u00c1vila contra o vereador <strong><a href=\"https:\/\/revistaoeste.com\/tag\/lucas-pavanato\/\" target=\"_blank\" rel=\"noreferrer noopener\">Lucas Pavanato (PL)<\/a><\/strong>. A decis\u00e3o, tomada em segunda inst\u00e2ncia nesta quinta-feira, 25, afasta qualquer risco de inelegibilidade para o parlamentar.<\/p>\n<p>O processo teve origem em 2022, durante um evento na Pontif\u00edcia Universidade Cat\u00f3lica de S\u00e3o Paulo. Manuela participava de um debate sobre \u201cviol\u00eancia pol\u00edtica de g\u00eanero\u201d. Na ocasi\u00e3o, ela tamb\u00e9m lan\u00e7ava seu livro \u201cSempre Foi Sobre N\u00f3s\u201d<em>.<\/em><\/p>\n<p><strong>+ Leia mais not\u00edcias de <a href=\"https:\/\/revistaoeste.com\/politica\/\" target=\"_blank\" rel=\"noreferrer noopener\">Pol\u00edtica<\/a> em Oeste <\/strong><\/p>\n<p>Pavanato esteve no evento, fez perguntas \u00e0 ex-deputada e gravou parte da intera\u00e7\u00e3o em v\u00eddeo. Ele interpelou, por exemplo, se o pre\u00e7o do livro \u2014 R$ 40 \u2014 era acess\u00edvel a mulheres pobres. Tamb\u00e9m abordou temas como aborto, o que provocou irrita\u00e7\u00e3o em Manuela, que respondeu chamando-o de \u201ccocozinho\u201d.<\/p>\n<p>Posteriormente, a ex-deputada acionou a <strong><a href=\"https:\/\/www.tre-sp.jus.br\/\" target=\"_blank\" rel=\"noreferrer noopener\">Justi\u00e7a Eleitoral<\/a><\/strong>, alegando ter sofrido \u201cviol\u00eancia de g\u00eanero\u201d. A acusa\u00e7\u00e3o, no entanto, n\u00e3o se sustentou na segunda inst\u00e2ncia.<\/p>\n<figure class=\"wp-block-embed is-type-rich is-provider-twitter wp-block-embed-twitter\">\n<div class=\"wp-block-embed__wrapper\">\n<blockquote class=\"twitter-tweet\" data-width=\"500\" data-dnt=\"true\">\n<p lang=\"pt\" dir=\"ltr\">\u2696\ufe0f Nesta quinta (25), o TRE-SP manteve a absolvi\u00e7\u00e3o do vereador de SP, Lucas Pavanato (PL), em a\u00e7\u00e3o penal pelos crimes de inj\u00faria contra as ex-deputadas estaduais Isa Penna (SP) e Manuela d\u2019\u00c1vila (RS). A decis\u00e3o foi un\u00e2nime (+)<\/p>\n<p>\u2014 TRE-SP (@TRESPjusbr) <a href=\"https:\/\/twitter.com\/TRESPjusbr\/status\/1971322670961864733?ref_src=twsrc%5Etfw\">September 25, 2025<\/a><\/p><\/blockquote>\n<\/div>\n<\/figure>\n<h2 class=\"wp-block-heading\" id=\"h-tribunal-reconhece-direito-de-pavanato-ao-debate-politico\"><strong>Tribunal reconhece direito de Pavanato ao debate pol\u00edtico<\/strong><\/h2>\n<p>Na decis\u00e3o, o TRE concluiu que n\u00e3o houve pr\u00e1tica de crime por parte de Pavanato. Para os magistrados, o conte\u00fado das perguntas n\u00e3o configura viol\u00eancia pol\u00edtica ou qualquer forma de discrimina\u00e7\u00e3o de g\u00eanero.<\/p>\n<p>\u201cFicou bastante evidente a inten\u00e7\u00e3o de criticar e de debater, no m\u00e1ximo por meio de algum expediente teatral, sem que se possa extrair o dolo de ofender ou de rebaixar a v\u00edtima da disputa pol\u00edtica\u201d, afirmou o juiz R\u00e9gis de Castilho, relator do caso.<\/p>\n<p><strong>+ Leia tamb\u00e9m: <a href=\"https:\/\/revistaoeste.com\/politica\/lucas-pavanato-vence-manuela-davila-na-justica\/\" target=\"_blank\" rel=\"noreferrer noopener\">\u201cLucas Pavanato vence Manuela D\u2019\u00c1vila na Justi\u00e7a\u201d<\/a><\/strong><\/p>\n<p>Com isso, o tribunal rejeitou o pedido da parte autora e reconheceu o direito do vereador de participar de debates p\u00fablicos \u2014 mesmo em contextos ideologicamente adversos. A decis\u00e3o fortalece a elegibilidade de Pavanato, que enfrentava risco jur\u00eddico caso a condena\u00e7\u00e3o fosse mantida.<\/p><\/div>\n<p><script async src=\"\/\/platform.twitter.com\/widgets.js\" charset=\"utf-8\"><\/script><br \/>\n<br \/><\/a><\/p>\n<p>Fonte: revistaoeste.com<\/p>\n","protected":false},"excerpt":{"rendered":"<p>O Tribunal Regional Eleitoral (TRE) de S\u00e3o Paulo rejeitou a acusa\u00e7\u00e3o de \u201cviol\u00eancia de g\u00eanero\u201d feita pela ex-deputada federal Manuela D\u2019\u00c1vila contra o vereador Lucas Pavanato (PL). A decis\u00e3o, tomada em segunda inst\u00e2ncia nesta quinta-feira, 25, afasta qualquer risco de inelegibilidade para o parlamentar. O processo teve origem em 2022, durante um evento na Pontif\u00edcia [&hellip;]<\/p>\n","protected":false},"author":3,"featured_media":4605,"comment_status":"open","ping_status":"open","sticky":false,"template":"","format":"standard","meta":{"advanced_seo_description":"","jetpack_seo_html_title":"","jetpack_seo_noindex":false,"fifu_image_url":"https:\/\/medias.revistaoeste.com\/wp-content\/uploads\/2025\/03\/Sao-Paulo.jpg","fifu_image_alt":"","_jetpack_memberships_contains_paid_content":false,"footnotes":"","jetpack_publicize_message":"","jetpack_publicize_feature_enabled":true,"jetpack_social_post_already_shared":true,"jetpack_social_options":{"image_generator_settings":{"template":"highway","default_image_id":0,"font":"","enabled":false},"version":2}},"categories":[106,1],"tags":[],"class_list":{"0":"post-4604","1":"post","2":"type-post","3":"status-publish","4":"format-standard","5":"has-post-thumbnail","7":"category-politica","8":"category-uncategorized"},"jetpack_publicize_connections":[],"jetpack_featured_media_url":"https:\/\/i0.wp.com\/medias.revistaoeste.com\/wp-content\/uploads\/2025\/03\/Sao-Paulo.jpg?fit=%2C&ssl=1","jetpack_sharing_enabled":true,"jetpack-related-posts":[],"_links":{"self":[{"href":"https:\/\/friburgonoticias.com.br\/temp\/wp-json\/wp\/v2\/posts\/4604","targetHints":{"allow":["GET"]}}],"collection":[{"href":"https:\/\/friburgonoticias.com.br\/temp\/wp-json\/wp\/v2\/posts"}],"about":[{"href":"https:\/\/friburgonoticias.com.br\/temp\/wp-json\/wp\/v2\/types\/post"}],"author":[{"embeddable":true,"href":"https:\/\/friburgonoticias.com.br\/temp\/wp-json\/wp\/v2\/users\/3"}],"replies":[{"embeddable":true,"href":"https:\/\/friburgonoticias.com.br\/temp\/wp-json\/wp\/v2\/comments?post=4604"}],"version-history":[{"count":0,"href":"https:\/\/friburgonoticias.com.br\/temp\/wp-json\/wp\/v2\/posts\/4604\/revisions"}],"wp:featuredmedia":[{"embeddable":true,"href":"https:\/\/friburgonoticias.com.br\/temp\/wp-json\/wp\/v2\/media\/4605"}],"wp:attachment":[{"href":"https:\/\/friburgonoticias.com.br\/temp\/wp-json\/wp\/v2\/media?parent=4604"}],"wp:term":[{"taxonomy":"category","embeddable":true,"href":"https:\/\/friburgonoticias.com.br\/temp\/wp-json\/wp\/v2\/categories?post=4604"},{"taxonomy":"post_tag","embeddable":true,"href":"https:\/\/friburgonoticias.com.br\/temp\/wp-json\/wp\/v2\/tags?post=4604"}],"curies":[{"name":"wp","href":"https:\/\/api.w.org\/{rel}","templated":true}]}}