{"id":4608,"date":"2025-09-26T15:42:23","date_gmt":"2025-09-26T15:42:23","guid":{"rendered":"https:\/\/friburgonoticias.com.br\/temp\/2025\/09\/26\/conselho-de-etica-designa-relator-de-processo-contra-eduardo-bolsonaro-noticias\/"},"modified":"2025-09-26T15:42:23","modified_gmt":"2025-09-26T15:42:23","slug":"conselho-de-etica-designa-relator-de-processo-contra-eduardo-bolsonaro-noticias","status":"publish","type":"post","link":"https:\/\/friburgonoticias.com.br\/temp\/2025\/09\/26\/conselho-de-etica-designa-relator-de-processo-contra-eduardo-bolsonaro-noticias\/","title":{"rendered":"Conselho de \u00c9tica designa relator de processo contra Eduardo Bolsonaro &#8211; Not\u00edcias"},"content":{"rendered":"<p><\/p>\n<div>\n<div>\n<p class=\"g-artigo__data-hora\">\n                      26\/09\/2025 &#8211; 12:04 \u00a0\n                    <\/p>\n<div id=\"image-container-1166496\" class=\"image-container\" style=\"float: none; margin: 45px 0px; width: 100%;\" data-midia=\"1166496\">\n        <em>Kayo Magalh\u00e3es\/C\u00e2mara dos Deputados<\/em><\/p>\n<p>        Marcelo Freitas tem prazo de dez dias para apresentar seu parecer\n        <\/p><\/div>\n<p>        <span class=\"cf0\">O Conselho de \u00c9tica e Decoro Parlamentar da C\u00e2mara dos Deputados designou nesta sexta-feira (26) o deputado Delegado Marcelo Freitas (Uni\u00e3o-MG) para relatar o processo disciplinar contra o deputado Eduardo Bolsonaro (PL-SP). <\/span><br \/>\n        <span class=\"cf0\">O deputado do PL \u00e9 acusado pelo PT de influenciar autoridades dos Estados Unidos para impor san\u00e7\u00f5es contra integrantes do Supremo Tribunal Federal envolvidos na condena\u00e7\u00e3o de seu pai, o ex-presidente Jair Bolsonaro, por golpe de Estado e outros crimes.<\/span><br \/>\n        <span class=\"cf0\">A partir de segunda-feira, Delegado Marcelo Freitas ter\u00e1 at\u00e9 dez dias \u00fateis para apresentar parecer preliminar, pela admissibilidade ou arquivamento da representa\u00e7\u00e3o. O parecer preliminar dever\u00e1 ser votado pelo Conselho de \u00c9tica. Caso a decis\u00e3o seja pelo arquivamento, ainda ser\u00e1 poss\u00edvel um recurso ao Plen\u00e1rio. Se for pela admissibilidade, Eduardo Bolsonaro ser\u00e1 notificado para apresentar defesa escrita em outros dez dias \u00fateis, contados a partir da notifica\u00e7\u00e3o. A notifica\u00e7\u00e3o poder\u00e1 ser por e-mail ou videoconfer\u00eancia.<\/span><br \/>\n        <span class=\"cf0\">Delegado Marcelo Freitas foi escolhido a partir de uma lista tr\u00edplice, definida em sorteio, que tamb\u00e9m inclu\u00eda os deputados Duda <\/span><span class=\"cf0\">Salabert<\/span><span class=\"cf0\"> e Paulo Lemos. Segundo as regras do Conselho de \u00c9tica, o relator n\u00e3o pode ser do mesmo partido ou estado do deputado processado.<\/span><\/p>\n<p style=\"font-size: 0.8rem; font-weight: 700;\">Reportagem &#8211; Francisco Brand\u00e3o<br \/>Edi\u00e7\u00e3o &#8211; Wilson Silveira<\/p>\n<\/p><\/div>\n<\/p><\/div>\n<p><\/a><\/p>\n<p>Fonte: www.camara.leg.br<\/p>\n","protected":false},"excerpt":{"rendered":"<p>26\/09\/2025 &#8211; 12:04 \u00a0 Kayo Magalh\u00e3es\/C\u00e2mara dos Deputados Marcelo Freitas tem prazo de dez dias para apresentar seu parecer O Conselho de \u00c9tica e Decoro Parlamentar da C\u00e2mara dos Deputados designou nesta sexta-feira (26) o deputado Delegado Marcelo Freitas (Uni\u00e3o-MG) para relatar o processo disciplinar contra o deputado Eduardo Bolsonaro (PL-SP). O deputado do PL [&hellip;]<\/p>\n","protected":false},"author":3,"featured_media":4609,"comment_status":"open","ping_status":"open","sticky":false,"template":"","format":"standard","meta":{"advanced_seo_description":"","jetpack_seo_html_title":"","jetpack_seo_noindex":false,"fifu_image_url":"https:\/\/www.camara.leg.br\/midias\/image\/2025\/06\/img20250520161410973-1-768x473.jpg","fifu_image_alt":"","_jetpack_memberships_contains_paid_content":false,"footnotes":"","jetpack_publicize_message":"","jetpack_publicize_feature_enabled":true,"jetpack_social_post_already_shared":true,"jetpack_social_options":{"image_generator_settings":{"template":"highway","default_image_id":0,"font":"","enabled":false},"version":2}},"categories":[107],"tags":[],"class_list":{"0":"post-4608","1":"post","2":"type-post","3":"status-publish","4":"format-standard","5":"has-post-thumbnail","7":"category-economia"},"jetpack_publicize_connections":[],"jetpack_featured_media_url":"https:\/\/i0.wp.com\/www.camara.leg.br\/midias\/image\/2025\/06\/img20250520161410973-1-768x473.jpg?fit=%2C&ssl=1","jetpack_sharing_enabled":true,"jetpack-related-posts":[],"_links":{"self":[{"href":"https:\/\/friburgonoticias.com.br\/temp\/wp-json\/wp\/v2\/posts\/4608","targetHints":{"allow":["GET"]}}],"collection":[{"href":"https:\/\/friburgonoticias.com.br\/temp\/wp-json\/wp\/v2\/posts"}],"about":[{"href":"https:\/\/friburgonoticias.com.br\/temp\/wp-json\/wp\/v2\/types\/post"}],"author":[{"embeddable":true,"href":"https:\/\/friburgonoticias.com.br\/temp\/wp-json\/wp\/v2\/users\/3"}],"replies":[{"embeddable":true,"href":"https:\/\/friburgonoticias.com.br\/temp\/wp-json\/wp\/v2\/comments?post=4608"}],"version-history":[{"count":0,"href":"https:\/\/friburgonoticias.com.br\/temp\/wp-json\/wp\/v2\/posts\/4608\/revisions"}],"wp:featuredmedia":[{"embeddable":true,"href":"https:\/\/friburgonoticias.com.br\/temp\/wp-json\/wp\/v2\/media\/4609"}],"wp:attachment":[{"href":"https:\/\/friburgonoticias.com.br\/temp\/wp-json\/wp\/v2\/media?parent=4608"}],"wp:term":[{"taxonomy":"category","embeddable":true,"href":"https:\/\/friburgonoticias.com.br\/temp\/wp-json\/wp\/v2\/categories?post=4608"},{"taxonomy":"post_tag","embeddable":true,"href":"https:\/\/friburgonoticias.com.br\/temp\/wp-json\/wp\/v2\/tags?post=4608"}],"curies":[{"name":"wp","href":"https:\/\/api.w.org\/{rel}","templated":true}]}}