{"id":4632,"date":"2025-09-27T13:41:16","date_gmt":"2025-09-27T13:41:16","guid":{"rendered":"https:\/\/friburgonoticias.com.br\/temp\/2025\/09\/27\/camara-paga-116-a-mais-por-quilo-de-cafe-depois-de-licitacao\/"},"modified":"2025-09-27T13:41:16","modified_gmt":"2025-09-27T13:41:16","slug":"camara-paga-116-a-mais-por-quilo-de-cafe-depois-de-licitacao","status":"publish","type":"post","link":"https:\/\/friburgonoticias.com.br\/temp\/2025\/09\/27\/camara-paga-116-a-mais-por-quilo-de-cafe-depois-de-licitacao\/","title":{"rendered":"C\u00e2mara paga 116% a mais por quilo de caf\u00e9 depois de licita\u00e7\u00e3o"},"content":{"rendered":"<p><\/p>\n<div id=\"hd80s9wa1h892edh8192\">\n        O valor pago pela C\u00e2mara dos Deputados pelo quilo do caf\u00e9 fornecido aos servidores teve aumento de 116% em apenas um ano. Diante da licita\u00e7\u00e3o, a Casa desembolsar\u00e1 R$ 1,7 milh\u00e3o por 29 toneladas do produto, suficiente para o consumo durante seis meses, conforme o <strong><a href=\"https:\/\/revistaoeste.com\/no-ponto\/camara-deve-gastar-quase-r-2-milhoes-com-cafe\/\" target=\"_blank\" rel=\"noreferrer noopener\">pedido feito em fevereiro<\/a><\/strong>.<\/p>\n<p>A aquisi\u00e7\u00e3o atual foi feita a R$ 59,09 por quilo, enquanto no contrato anterior, firmado em agosto de 2024, a C\u00e2mara havia comprado sessenta toneladas do mesmo produto a R$ 27,36 por quilo. Naquela ocasi\u00e3o, a contrata\u00e7\u00e3o valia para um ano, com custo total de R$ 1,6 milh\u00e3o.<\/p>\n<p><strong>+ Leia mais not\u00edcias de\u00a0<a href=\"https:\/\/revistaoeste.com\/politica\" target=\"_blank\" rel=\"noreferrer noopener\">Pol\u00edtica<\/a>\u00a0em Oeste<\/strong><\/p>\n<p>Segundo o \u00cdndice Nacional de Pre\u00e7os ao Consumidor Amplo, divulgado pelo Instituto Brasileiro de Geografia e Estat\u00edstica, o caf\u00e9 mo\u00eddo acumula infla\u00e7\u00e3o de 80,2% nos \u00faltimos 12 meses, maior \u00edndice registrado desde 1995. O novo pre\u00e7o come\u00e7ou a vigorar neste m\u00eas no abastecimento da Casa.<\/p>\n<figure class=\"wp-block-image aligncenter size-full\"><picture><source data-srcset=\"https:\/\/medias.revistaoeste.com\/wp-content\/uploads\/2025\/08\/10_ed282.jpg.webp 1920w, https:\/\/medias.revistaoeste.com\/wp-content\/uploads\/2025\/08\/10_ed282-300x156.jpg.webp 300w, https:\/\/medias.revistaoeste.com\/wp-content\/uploads\/2025\/08\/10_ed282-712x370.jpg.webp 712w, https:\/\/medias.revistaoeste.com\/wp-content\/uploads\/2025\/08\/10_ed282-150x78.jpg.webp 150w\" data-sizes=\"(max-width: 1920px) 100vw, 1920px\" type=\"image\/webp\"><img loading=\"lazy\" decoding=\"async\" width=\"1920\" height=\"1000\" alt=\"Planta\u00e7\u00e3o de caf\u00e9 em fazenda brasileira\" class=\"wp-image-2082145 perfmatters-lazy\" data-eio=\"p\" src=\"https:\/\/medias.revistaoeste.com\/wp-content\/uploads\/2025\/08\/10_ed282.jpg\" srcset=\"https:\/\/medias.revistaoeste.com\/wp-content\/uploads\/2025\/08\/10_ed282.jpg 1920w, https:\/\/medias.revistaoeste.com\/wp-content\/uploads\/2025\/08\/10_ed282-300x156.jpg 300w, https:\/\/medias.revistaoeste.com\/wp-content\/uploads\/2025\/08\/10_ed282-712x370.jpg 712w, https:\/\/medias.revistaoeste.com\/wp-content\/uploads\/2025\/08\/10_ed282-150x78.jpg 150w\" data-sizes=\"(max-width: 1920px) 100vw, 1920px\"\/><img loading=\"lazy\" decoding=\"async\" width=\"1920\" height=\"1000\" src=\"https:\/\/medias.revistaoeste.com\/wp-content\/uploads\/2025\/08\/10_ed282.jpg\" alt=\"Planta\u00e7\u00e3o de caf\u00e9 em fazenda brasileira\" class=\"wp-image-2082145\" srcset=\"https:\/\/medias.revistaoeste.com\/wp-content\/uploads\/2025\/08\/10_ed282.jpg 1920w, https:\/\/medias.revistaoeste.com\/wp-content\/uploads\/2025\/08\/10_ed282-300x156.jpg 300w, https:\/\/medias.revistaoeste.com\/wp-content\/uploads\/2025\/08\/10_ed282-712x370.jpg 712w, https:\/\/medias.revistaoeste.com\/wp-content\/uploads\/2025\/08\/10_ed282-150x78.jpg 150w\" sizes=\"auto, (max-width: 1920px) 100vw, 1920px\" data-eio=\"p\"\/><\/source><\/picture><figcaption class=\"wp-element-caption\">Planta\u00e7\u00e3o de caf\u00e9 em fazenda brasileira | Foto: Alf Ribeiro\/Shutterstock<\/figcaption><\/figure>\n<p>A <strong><a href=\"https:\/\/www.abic.com.br\/\" target=\"_blank\" rel=\"noreferrer noopener\">Associa\u00e7\u00e3o Brasileira da Ind\u00fastria do Caf\u00e9<\/a><\/strong> (Abic) informou que o pre\u00e7o do caf\u00e9 nos supermercados pode subir entre 10% e 15% nos pr\u00f3ximos dias. Apesar da alta, a Abic avalia que o reajuste n\u00e3o deve alterar a m\u00e9dia anual do valor do produto ao consumidor.<\/p>\n<p>De acordo com nota da C\u00e2mara, \u201ca diferen\u00e7a de pre\u00e7o do quilo do p\u00f3 de caf\u00e9 entre as licita\u00e7\u00f5es encerradas em agosto de 2024 (Edital 90025\/2024) e em abril de 2025 (Edital 90014\/2025) acompanha a majora\u00e7\u00e3o do produto no mercado.\u201d O texto diz ainda que \u201cambas as licita\u00e7\u00f5es foram realizadas na modalidade preg\u00e3o eletr\u00f4nico, no tipo menor pre\u00e7o\u201d.<\/p>\n<p><strong>+ Leia tamb\u00e9m: \u201c<a href=\"https:\/\/revistaoeste.com\/revista\/edicao-289\/a-cpmi-que-promete-expor-o-rombo-bilionario-no-inss\/\" target=\"_blank\" rel=\"noreferrer noopener\">A CPMI que promete expor o rombo bilion\u00e1rio no INSS<\/a>\u201c<\/strong><\/p><\/div>\n<p><\/a><\/p>\n<p>Fonte: revistaoeste.com<\/p>\n","protected":false},"excerpt":{"rendered":"<p>O valor pago pela C\u00e2mara dos Deputados pelo quilo do caf\u00e9 fornecido aos servidores teve aumento de 116% em apenas um ano. Diante da licita\u00e7\u00e3o, a Casa desembolsar\u00e1 R$ 1,7 milh\u00e3o por 29 toneladas do produto, suficiente para o consumo durante seis meses, conforme o pedido feito em fevereiro. A aquisi\u00e7\u00e3o atual foi feita a [&hellip;]<\/p>\n","protected":false},"author":3,"featured_media":4633,"comment_status":"open","ping_status":"open","sticky":false,"template":"","format":"standard","meta":{"advanced_seo_description":"","jetpack_seo_html_title":"","jetpack_seo_noindex":false,"fifu_image_url":"https:\/\/medias.revistaoeste.com\/wp-content\/uploads\/2025\/09\/Plenario-da-Camara-Votacao-de-propostas-legislativas.jpg","fifu_image_alt":"","_jetpack_memberships_contains_paid_content":false,"footnotes":"","jetpack_publicize_message":"","jetpack_publicize_feature_enabled":true,"jetpack_social_post_already_shared":true,"jetpack_social_options":{"image_generator_settings":{"template":"highway","default_image_id":0,"font":"","enabled":false},"version":2}},"categories":[106,1],"tags":[],"class_list":{"0":"post-4632","1":"post","2":"type-post","3":"status-publish","4":"format-standard","5":"has-post-thumbnail","7":"category-politica","8":"category-uncategorized"},"jetpack_publicize_connections":[],"jetpack_featured_media_url":"https:\/\/i0.wp.com\/medias.revistaoeste.com\/wp-content\/uploads\/2025\/09\/Plenario-da-Camara-Votacao-de-propostas-legislativas.jpg?fit=%2C&ssl=1","jetpack_sharing_enabled":true,"jetpack-related-posts":[],"_links":{"self":[{"href":"https:\/\/friburgonoticias.com.br\/temp\/wp-json\/wp\/v2\/posts\/4632","targetHints":{"allow":["GET"]}}],"collection":[{"href":"https:\/\/friburgonoticias.com.br\/temp\/wp-json\/wp\/v2\/posts"}],"about":[{"href":"https:\/\/friburgonoticias.com.br\/temp\/wp-json\/wp\/v2\/types\/post"}],"author":[{"embeddable":true,"href":"https:\/\/friburgonoticias.com.br\/temp\/wp-json\/wp\/v2\/users\/3"}],"replies":[{"embeddable":true,"href":"https:\/\/friburgonoticias.com.br\/temp\/wp-json\/wp\/v2\/comments?post=4632"}],"version-history":[{"count":0,"href":"https:\/\/friburgonoticias.com.br\/temp\/wp-json\/wp\/v2\/posts\/4632\/revisions"}],"wp:featuredmedia":[{"embeddable":true,"href":"https:\/\/friburgonoticias.com.br\/temp\/wp-json\/wp\/v2\/media\/4633"}],"wp:attachment":[{"href":"https:\/\/friburgonoticias.com.br\/temp\/wp-json\/wp\/v2\/media?parent=4632"}],"wp:term":[{"taxonomy":"category","embeddable":true,"href":"https:\/\/friburgonoticias.com.br\/temp\/wp-json\/wp\/v2\/categories?post=4632"},{"taxonomy":"post_tag","embeddable":true,"href":"https:\/\/friburgonoticias.com.br\/temp\/wp-json\/wp\/v2\/tags?post=4632"}],"curies":[{"name":"wp","href":"https:\/\/api.w.org\/{rel}","templated":true}]}}