{"id":4640,"date":"2025-09-27T16:17:55","date_gmt":"2025-09-27T16:17:55","guid":{"rendered":"https:\/\/friburgonoticias.com.br\/temp\/2025\/09\/27\/de-olho-no-senado-benedita-da-silva-pt-poe-pre-campanha-na-rua-em-outubro\/"},"modified":"2025-09-27T16:17:55","modified_gmt":"2025-09-27T16:17:55","slug":"de-olho-no-senado-benedita-da-silva-pt-poe-pre-campanha-na-rua-em-outubro","status":"publish","type":"post","link":"https:\/\/friburgonoticias.com.br\/temp\/2025\/09\/27\/de-olho-no-senado-benedita-da-silva-pt-poe-pre-campanha-na-rua-em-outubro\/","title":{"rendered":"De olho no Senado, Benedita da Silva (PT) p\u00f5e pr\u00e9-campanha na rua em outubro"},"content":{"rendered":"<p><\/p>\n<div itemprop=\"articleBody\">\nDeputada federal e pr\u00e9-candidata ao Senado, <a href=\"https:\/\/beneditadasilvaoficial.com.br\/\" target=\"_blank\" rel=\"noopener\">Benedita da Silva<\/a> (PT) vai p\u00f4r o p\u00e9 na estrada a partir desta quinta-feira (2). A ideia \u00e9  percorrer o estado, conversando com militantes, l\u00edderes do campo progressista, prefeitos, e a popula\u00e7\u00e3o em geral, debatendo propostas da sua pr\u00e9-campanha.  <\/p>\n<p>A primeira parada ser\u00e1 na capital.<\/p>\n<p>Entre os principais temas em pauta est\u00e3o educa\u00e7\u00e3o, justi\u00e7a clim\u00e1tica, sa\u00fade, cultura e o combate \u00e0s desigualdades, \u00e1reas que ela considera centrais.<\/p>\n<h2 class=\"wp-block-heading\">Apoio do presidente Lula (PT) refor\u00e7a pr\u00e9-campanha para o Senado<\/h2>\n<p>Benedita vai apresentar como trunfo o apoio do presidente Lula (PT), que a chamou de \u201ca mais forte representa\u00e7\u00e3o negra do pa\u00eds\u201d. Ela vai refor\u00e7ar, na pr\u00e9-campanha, que sua caminhada \u00e9 coletiva.<\/p>\n<p>\u201cMinha pr\u00e9-candidatura faz parte de um projeto de pa\u00eds cada vez mais democr\u00e1tico, que se coloca ao lado dos que mais precisam\u201d, afirma.\n<\/p><\/div>\n<p><\/a><\/p>\n<p>Fonte: temporealrj.com<\/p>\n","protected":false},"excerpt":{"rendered":"<p>Deputada federal e pr\u00e9-candidata ao Senado, Benedita da Silva (PT) vai p\u00f4r o p\u00e9 na estrada a partir desta quinta-feira (2). A ideia \u00e9 percorrer o estado, conversando com militantes, l\u00edderes do campo progressista, prefeitos, e a popula\u00e7\u00e3o em geral, debatendo propostas da sua pr\u00e9-campanha. A primeira parada ser\u00e1 na capital. Entre os principais temas [&hellip;]<\/p>\n","protected":false},"author":3,"featured_media":4641,"comment_status":"open","ping_status":"open","sticky":false,"template":"","format":"standard","meta":{"advanced_seo_description":"","jetpack_seo_html_title":"","jetpack_seo_noindex":false,"fifu_image_url":"https:\/\/temporealrj.com\/wp-content\/uploads\/2025\/09\/WhatsApp-Image-2025-09-26-at-19.25.18-1-e1758925578641.jpeg","fifu_image_alt":"","_jetpack_memberships_contains_paid_content":false,"footnotes":"","jetpack_publicize_message":"","jetpack_publicize_feature_enabled":true,"jetpack_social_post_already_shared":true,"jetpack_social_options":{"image_generator_settings":{"template":"highway","default_image_id":0,"font":"","enabled":false},"version":2}},"categories":[107],"tags":[],"class_list":{"0":"post-4640","1":"post","2":"type-post","3":"status-publish","4":"format-standard","5":"has-post-thumbnail","7":"category-economia"},"jetpack_publicize_connections":[],"jetpack_featured_media_url":"https:\/\/i0.wp.com\/temporealrj.com\/wp-content\/uploads\/2025\/09\/WhatsApp-Image-2025-09-26-at-19.25.18-1-e1758925578641.jpeg?fit=%2C&ssl=1","jetpack_sharing_enabled":true,"jetpack-related-posts":[],"_links":{"self":[{"href":"https:\/\/friburgonoticias.com.br\/temp\/wp-json\/wp\/v2\/posts\/4640","targetHints":{"allow":["GET"]}}],"collection":[{"href":"https:\/\/friburgonoticias.com.br\/temp\/wp-json\/wp\/v2\/posts"}],"about":[{"href":"https:\/\/friburgonoticias.com.br\/temp\/wp-json\/wp\/v2\/types\/post"}],"author":[{"embeddable":true,"href":"https:\/\/friburgonoticias.com.br\/temp\/wp-json\/wp\/v2\/users\/3"}],"replies":[{"embeddable":true,"href":"https:\/\/friburgonoticias.com.br\/temp\/wp-json\/wp\/v2\/comments?post=4640"}],"version-history":[{"count":0,"href":"https:\/\/friburgonoticias.com.br\/temp\/wp-json\/wp\/v2\/posts\/4640\/revisions"}],"wp:featuredmedia":[{"embeddable":true,"href":"https:\/\/friburgonoticias.com.br\/temp\/wp-json\/wp\/v2\/media\/4641"}],"wp:attachment":[{"href":"https:\/\/friburgonoticias.com.br\/temp\/wp-json\/wp\/v2\/media?parent=4640"}],"wp:term":[{"taxonomy":"category","embeddable":true,"href":"https:\/\/friburgonoticias.com.br\/temp\/wp-json\/wp\/v2\/categories?post=4640"},{"taxonomy":"post_tag","embeddable":true,"href":"https:\/\/friburgonoticias.com.br\/temp\/wp-json\/wp\/v2\/tags?post=4640"}],"curies":[{"name":"wp","href":"https:\/\/api.w.org\/{rel}","templated":true}]}}