{"id":4644,"date":"2025-09-27T18:12:54","date_gmt":"2025-09-27T18:12:54","guid":{"rendered":"https:\/\/friburgonoticias.com.br\/temp\/2025\/09\/27\/mauro-benevides-filho-sofre-avc-mas-fica-estavel\/"},"modified":"2025-09-27T18:12:54","modified_gmt":"2025-09-27T18:12:54","slug":"mauro-benevides-filho-sofre-avc-mas-fica-estavel","status":"publish","type":"post","link":"https:\/\/friburgonoticias.com.br\/temp\/2025\/09\/27\/mauro-benevides-filho-sofre-avc-mas-fica-estavel\/","title":{"rendered":"Mauro Benevides Filho sofre AVC, mas fica est\u00e1vel"},"content":{"rendered":"<p><\/p>\n<div id=\"hd80s9wa1h892edh8192\">\n        Internado depois de sofrer um acidente vascular cerebral (AVC) nesta sexta-feira, 26, o deputado federal Mauro Benevides Filho (PDT-CE) permanece sob cuidados m\u00e9dicos. A informa\u00e7\u00e3o foi divulgada pela equipe do parlamentar nas redes sociais do deputado.<\/p>\n<p><strong>+ Leia mais not\u00edcias de\u00a0<a href=\"https:\/\/revistaoeste.com\/politica\" target=\"_blank\" rel=\"noreferrer noopener\">Pol\u00edtica<\/a>\u00a0em Oeste<\/strong><\/p>\n<p>Segundo a nota, o boletim m\u00e9dico indica que o parlamentar, de 66 anos, apresenta quadro est\u00e1vel, est\u00e1 consciente, orientado e n\u00e3o apresenta sequelas aparentes do AVC, de acordo com informa\u00e7\u00f5es da equipe respons\u00e1vel pelo acompanhamento.<\/p>\n<blockquote class=\"instagram-media\" data-instgrm-captioned=\"\" data-instgrm-permalink=\"https:\/\/www.instagram.com\/p\/DPGo4pQkayR\/?utm_source=ig_embed&amp;utm_campaign=loading\" data-instgrm-version=\"14\" style=\" background:#FFF; border:0; border-radius:3px; box-shadow:0 0 1px 0 rgba(0,0,0,0.5),0 1px 10px 0 rgba(0,0,0,0.15); margin: 1px; max-width:540px; min-width:326px; padding:0; width:99.375%; width:-webkit-calc(100% - 2px); width:calc(100% - 2px);\"\/>\n<h2 class=\"wp-block-heading\" id=\"atuacao-parlamentar-e-projeto-de-lei\">Mauro Benevides Filho prop\u00f5e lei sobre institui\u00e7\u00f5es financeiras<a href=\"https:\/\/wainews-homolog.streamlit.app\/~\/+\/#atuacao-parlamentar-e-projeto-de-lei\"\/><\/h2>\n<p>Mauro Benevides Filho exerce seu segundo mandato na <strong><a href=\"https:\/\/www.camara.leg.br\/\" target=\"_blank\" rel=\"noreferrer noopener\">C\u00e2mara dos Deputados<\/a><\/strong>. Nascido em Fortaleza, Benevides deixou a C\u00e2mara em maio de 2019, durante seu primeiro mandato, para assumir\u00a0para assumir o cargo de Secret\u00e1rio do Planejamento e Gest\u00e3o, no Estado do Cear\u00e1, e retornou ao Legislativo em outubro do mesmo ano.\u00a0<\/p>\n<p>Nos \u00faltimos dias, prop\u00f4s um projeto de lei que busca impedir institui\u00e7\u00f5es financeiras, administradoras e gestoras de fundos de investimento de transferirem recursos de clientes para contas da pr\u00f3pria institui\u00e7\u00e3o, conhecidas como \u201ccontas-bols\u00e3o\u201d.<\/p>\n<p>A apresenta\u00e7\u00e3o do projeto ocorreu diante da deflagra\u00e7\u00e3o da <strong><a href=\"https:\/\/revistaoeste.com\/brasil\/megaoperacao-com-1-4-mil-agentes-ataca-fraude-do-pcc\/\" target=\"_blank\" rel=\"noreferrer noopener\">Opera\u00e7\u00e3o Carbono Oculto<\/a><\/strong>, que tem como alvo o crime organizado no <strong><a href=\"https:\/\/revistaoeste.com\/tag\/ultimas-do-brasil\/\" target=\"_blank\" rel=\"noreferrer noopener\">Brasil<\/a><\/strong> e investiga movimenta\u00e7\u00f5es il\u00edcitas envolvendo postos de combust\u00edveis e empresas do setor financeiro.<\/p>\n<p><strong>+ Leia tamb\u00e9m: \u201c<a href=\"https:\/\/revistaoeste.com\/revista\/edicao-285\/onde-o-crime-organizado-nao-entra\/\" target=\"_blank\" rel=\"noreferrer noopener\">Onde o crime organizado n\u00e3o tem vez<\/a>\u201c, reportagem de F\u00e1bio Bou\u00e9ri publicada na Edi\u00e7\u00e3o 285 da Revista Oeste<\/strong><\/p><\/div>\n<p><script async src=\"\/\/www.instagram.com\/embed.js\"><\/script><br \/>\n<br \/><\/a><\/p>\n<p>Fonte: revistaoeste.com<\/p>\n","protected":false},"excerpt":{"rendered":"<p>Internado depois de sofrer um acidente vascular cerebral (AVC) nesta sexta-feira, 26, o deputado federal Mauro Benevides Filho (PDT-CE) permanece sob cuidados m\u00e9dicos. A informa\u00e7\u00e3o foi divulgada pela equipe do parlamentar nas redes sociais do deputado. + Leia mais not\u00edcias de\u00a0Pol\u00edtica\u00a0em Oeste Segundo a nota, o boletim m\u00e9dico indica que o parlamentar, de 66 anos, [&hellip;]<\/p>\n","protected":false},"author":3,"featured_media":4645,"comment_status":"open","ping_status":"open","sticky":false,"template":"","format":"standard","meta":{"advanced_seo_description":"","jetpack_seo_html_title":"","jetpack_seo_noindex":false,"fifu_image_url":"https:\/\/medias.revistaoeste.com\/wp-content\/uploads\/2025\/09\/WhatsApp-Image-2019-04-02-at-16.12.29-1200x630-1.jpeg","fifu_image_alt":"","_jetpack_memberships_contains_paid_content":false,"footnotes":"","jetpack_publicize_message":"","jetpack_publicize_feature_enabled":true,"jetpack_social_post_already_shared":true,"jetpack_social_options":{"image_generator_settings":{"template":"highway","default_image_id":0,"font":"","enabled":false},"version":2}},"categories":[106,1],"tags":[],"class_list":{"0":"post-4644","1":"post","2":"type-post","3":"status-publish","4":"format-standard","5":"has-post-thumbnail","7":"category-politica","8":"category-uncategorized"},"jetpack_publicize_connections":[],"jetpack_featured_media_url":"https:\/\/i0.wp.com\/medias.revistaoeste.com\/wp-content\/uploads\/2025\/09\/WhatsApp-Image-2019-04-02-at-16.12.29-1200x630-1.jpeg?fit=%2C&ssl=1","jetpack_sharing_enabled":true,"jetpack-related-posts":[],"_links":{"self":[{"href":"https:\/\/friburgonoticias.com.br\/temp\/wp-json\/wp\/v2\/posts\/4644","targetHints":{"allow":["GET"]}}],"collection":[{"href":"https:\/\/friburgonoticias.com.br\/temp\/wp-json\/wp\/v2\/posts"}],"about":[{"href":"https:\/\/friburgonoticias.com.br\/temp\/wp-json\/wp\/v2\/types\/post"}],"author":[{"embeddable":true,"href":"https:\/\/friburgonoticias.com.br\/temp\/wp-json\/wp\/v2\/users\/3"}],"replies":[{"embeddable":true,"href":"https:\/\/friburgonoticias.com.br\/temp\/wp-json\/wp\/v2\/comments?post=4644"}],"version-history":[{"count":0,"href":"https:\/\/friburgonoticias.com.br\/temp\/wp-json\/wp\/v2\/posts\/4644\/revisions"}],"wp:featuredmedia":[{"embeddable":true,"href":"https:\/\/friburgonoticias.com.br\/temp\/wp-json\/wp\/v2\/media\/4645"}],"wp:attachment":[{"href":"https:\/\/friburgonoticias.com.br\/temp\/wp-json\/wp\/v2\/media?parent=4644"}],"wp:term":[{"taxonomy":"category","embeddable":true,"href":"https:\/\/friburgonoticias.com.br\/temp\/wp-json\/wp\/v2\/categories?post=4644"},{"taxonomy":"post_tag","embeddable":true,"href":"https:\/\/friburgonoticias.com.br\/temp\/wp-json\/wp\/v2\/tags?post=4644"}],"curies":[{"name":"wp","href":"https:\/\/api.w.org\/{rel}","templated":true}]}}