{"id":4646,"date":"2025-09-27T19:27:54","date_gmt":"2025-09-27T19:27:54","guid":{"rendered":"https:\/\/friburgonoticias.com.br\/temp\/2025\/09\/27\/o-brasil-a-moda-hamas\/"},"modified":"2025-09-27T19:27:54","modified_gmt":"2025-09-27T19:27:54","slug":"o-brasil-a-moda-hamas","status":"publish","type":"post","link":"https:\/\/friburgonoticias.com.br\/temp\/2025\/09\/27\/o-brasil-a-moda-hamas\/","title":{"rendered":"&#8216;O Brasil \u00e0 moda Hamas&#8217;"},"content":{"rendered":"<p><\/p>\n<div id=\"hd80s9wa1h892edh8192\">\n<p class=\"has-text-align-right\">\u201cO antissemitismo tradicional consistia na discrimina\u00e7\u00e3o, nega\u00e7\u00e3o ou ataque ao direito dos judeus de viverem como iguais em suas na\u00e7\u00f5es hospedeiras. O novo antijuda\u00edsmo faz o mesmo em rela\u00e7\u00e3o ao direito de Israel e do povo judeu de viverem como iguais dentro da grande fam\u00edlia das na\u00e7\u00f5es.\u201d (Irwin Cotler, em <em>Europe\u2019s Crumbling Myths: The Post-Holocaust Origins of Today\u2019s Anti-Semitism<\/em>, 2003)<\/p>\n<p>Se houvesse um Oscar para a indec\u00eancia diplom\u00e1tica, o Brasil teria sa\u00eddo ovacionado da \u00faltima Assembleia Geral da ONU. N\u00e3o bastasse o presidente j\u00e1 ter comparado, com a sutileza de um rinoceronte numa aula de bal\u00e9, <strong><a href=\"https:\/\/revistaoeste.com\/politica\/governo-lula-adere-a-processo-que-acusa-israel-de-genocidio\/\" target=\"_blank\" rel=\"noreferrer noopener\">a a\u00e7\u00e3o militar israelense ao Holocausto<\/a><\/strong>, nossos representantes decidiram elevar a desonra ao patamar de doutrina: vestiram o len\u00e7o <em>keffiyeh<\/em> \u2014 convertido em estandarte do Hamas \u2014 <strong><a href=\"https:\/\/revistaoeste.com\/politica\/carol-de-toni-ve-xenofobia-em-protesto-contra-netanyahu-na-onu\/\" target=\"_blank\" rel=\"noreferrer noopener\">e se retiraram do recinto quando Benjamin Netanyahu come\u00e7ou a falar<\/a><\/strong>.<\/p>\n<p>O gesto n\u00e3o foi um lapso de protocolo, mas a exterioriza\u00e7\u00e3o simb\u00f3lica de uma pol\u00edtica externa coerente com a ideologia que a inspira. Trata-se de um antissemitismo de Estado, meticulosamente cultivado sob o pretexto da \u201csolidariedade aos povos oprimidos\u201d. Ao alinhar-se visual e gestualmente com um grupo terrorista respons\u00e1vel pelo massacre de civis em 7 de outubro, o representante oficial (por\u00e9m ileg\u00edtimo) do Brasil transmitiu uma mensagem pol\u00edtica deliberada, cujas consequ\u00eancias ultrapassam o mero folclore diplom\u00e1tico. Numa Assembleia Geral j\u00e1 historicamente marcada pela presen\u00e7a indecorosa de genocidas, terroristas e corruptos ofertando ao mundo suas li\u00e7\u00f5es de moral, o Brasil lulo-alexandrista resolveu se destacar na inf\u00e2mia.<\/p>\n<p><strong>+ Leia mais not\u00edcias de <a href=\"https:\/\/revistaoeste.com\/politica\" target=\"_blank\" rel=\"noreferrer noopener\">Pol\u00edtica<\/a> em Oeste<\/strong><\/p>\n<p>N\u00e3o \u00e9 que o <strong><a href=\"https:\/\/www.gov.br\/mre\/pt-br\" target=\"_blank\" rel=\"noreferrer noopener\">Itamaraty<\/a><\/strong> tenha sido tomado por idealismo juvenil ou ignor\u00e2ncia de gabinete. A institui\u00e7\u00e3o do Bar\u00e3o do Rio Branco foi capturada por uma vis\u00e3o de mundo execr\u00e1vel, a qual, oriunda dos piores <em>bas-fonds<\/em> universit\u00e1rios nacionais, inverte v\u00edtima e agressor, transformando terroristas em combatentes da liberdade e democracias em regimes genocidas. Aqui se manifesta a cl\u00e1ssica \u201cinvers\u00e3o do Holocausto\u201d, express\u00e3o usada por historiadores do antissemitismo para descrever a apropria\u00e7\u00e3o distorcida da mem\u00f3ria do genoc\u00eddio judeu a fim de justificar viol\u00eancia contempor\u00e2nea, num procedimento ret\u00f3rico que transforma perpetradores em v\u00edtimas e v\u00edtimas em culpados. Pois a \u201cinvers\u00e3o do Holocauso\u201d \u2014 expediente t\u00edpico dos islamonazistas contempor\u00e2neos \u2014 tornou-se a pol\u00edtica externa brasileira no que diz respeito a Israel, numa revers\u00e3o inaceit\u00e1vel do legado de Oswaldo Aranha.<\/p>\n<h2 class=\"wp-block-heading\" id=\"h-o-apoio-ao-hamas\">O apoio ao Hamas<\/h2>\n<p>N\u00e3o se trata, portanto, de simples rid\u00edculo a ser zombado. H\u00e1 muito que as patifarias do descondenado-em-chefe, <strong><a href=\"https:\/\/revistaoeste.com\/politica\/celso-amorim-diz-que-trump-nao-engana-lula\/\" target=\"_blank\" rel=\"noreferrer noopener\">Celso Amorim e cia deixaram de ter qualquer gra\u00e7a<\/a><\/strong>. Trata-se, antes, de um sinal de alerta. O Brasil, sexta maior na\u00e7\u00e3o do planeta, est\u00e1 normalizando no mais alto n\u00edvel diplom\u00e1tico o tipo de discurso que pavimentou cat\u00e1strofes hist\u00f3ricas. Trata-se, de novo, de um antissemitismo de Estado revestido de preocupa\u00e7\u00e3o humanista, capaz de minar a credibilidade de institui\u00e7\u00f5es, legitimar a viol\u00eancia e sinalizar que o pa\u00eds se coloca, deliberada e oficialmente, ao lado do terror.<\/p>\n<p>Ao exibir o len\u00e7o do <strong><a href=\"https:\/\/pt.wikipedia.org\/wiki\/Hamas\" target=\"_blank\" rel=\"noreferrer noopener\">Hamas<\/a><\/strong> no concerto das na\u00e7\u00f5es, n\u00e3o se est\u00e1 apenas tomando partido num conflito distante, mas consagrando, de modo deliberado e qui\u00e7\u00e1 irrevers\u00edvel, a ruptura do pa\u00eds com os alicerces morais e institucionais do Ocidente.<\/p>\n<figure class=\"wp-block-embed is-type-video is-provider-youtube wp-block-embed-youtube wp-embed-aspect-16-9 wp-has-aspect-ratio\">\n<div class=\"wp-block-embed__wrapper\">\n<div class=\"perfmatters-lazy-youtube\" data-src=\"https:\/\/www.youtube.com\/embed\/2pAIc4IU6wk\" data-id=\"2pAIc4IU6wk\" data-query=\"feature=oembed\" onclick=\"perfmattersLazyLoadYouTube(this);\">\n<div><img loading=\"lazy\" decoding=\"async\" alt=\"YouTube video\" width=\"480\" height=\"360\" data-pin-nopin=\"true\" nopin=\"nopin\" class=\"perfmatters-lazy\" src=\"https:\/\/i.ytimg.com\/vi\/2pAIc4IU6wk\/hqdefault.jpg\"\/><img loading=\"lazy\" decoding=\"async\" src=\"https:\/\/i.ytimg.com\/vi\/2pAIc4IU6wk\/hqdefault.jpg\" alt=\"YouTube video\" width=\"480\" height=\"360\" data-pin-nopin=\"true\" nopin=\"nopin\"\/><\/div>\n<\/div>\n<p><noscript><iframe loading=\"lazy\" title=\"Comitiva do governo Lula abandona discurso de Netanyahu na ONU e escancara antissemitismo\" width=\"1170\" height=\"658\" src=\"https:\/\/www.youtube.com\/embed\/2pAIc4IU6wk?feature=oembed\" frameborder=\"0\" allow=\"accelerometer; autoplay; clipboard-write; encrypted-media; gyroscope; picture-in-picture; web-share\" referrerpolicy=\"strict-origin-when-cross-origin\" allowfullscreen><\/iframe><\/noscript>\n<\/div>\n<\/figure><\/div>\n<p><\/a><\/p>\n<p>Fonte: revistaoeste.com<\/p>\n","protected":false},"excerpt":{"rendered":"<p>\u201cO antissemitismo tradicional consistia na discrimina\u00e7\u00e3o, nega\u00e7\u00e3o ou ataque ao direito dos judeus de viverem como iguais em suas na\u00e7\u00f5es hospedeiras. O novo antijuda\u00edsmo faz o mesmo em rela\u00e7\u00e3o ao direito de Israel e do povo judeu de viverem como iguais dentro da grande fam\u00edlia das na\u00e7\u00f5es.\u201d (Irwin Cotler, em Europe\u2019s Crumbling Myths: The Post-Holocaust [&hellip;]<\/p>\n","protected":false},"author":3,"featured_media":4647,"comment_status":"open","ping_status":"open","sticky":false,"template":"","format":"standard","meta":{"advanced_seo_description":"","jetpack_seo_html_title":"","jetpack_seo_noindex":false,"fifu_image_url":"https:\/\/medias.revistaoeste.com\/wp-content\/uploads\/2025\/09\/Lula1.jpg","fifu_image_alt":"","_jetpack_memberships_contains_paid_content":false,"footnotes":"","jetpack_publicize_message":"","jetpack_publicize_feature_enabled":true,"jetpack_social_post_already_shared":true,"jetpack_social_options":{"image_generator_settings":{"template":"highway","default_image_id":0,"font":"","enabled":false},"version":2}},"categories":[106,1],"tags":[],"class_list":{"0":"post-4646","1":"post","2":"type-post","3":"status-publish","4":"format-standard","5":"has-post-thumbnail","7":"category-politica","8":"category-uncategorized"},"jetpack_publicize_connections":[],"jetpack_featured_media_url":"https:\/\/i0.wp.com\/medias.revistaoeste.com\/wp-content\/uploads\/2025\/09\/Lula1.jpg?fit=%2C&ssl=1","jetpack_sharing_enabled":true,"jetpack-related-posts":[],"_links":{"self":[{"href":"https:\/\/friburgonoticias.com.br\/temp\/wp-json\/wp\/v2\/posts\/4646","targetHints":{"allow":["GET"]}}],"collection":[{"href":"https:\/\/friburgonoticias.com.br\/temp\/wp-json\/wp\/v2\/posts"}],"about":[{"href":"https:\/\/friburgonoticias.com.br\/temp\/wp-json\/wp\/v2\/types\/post"}],"author":[{"embeddable":true,"href":"https:\/\/friburgonoticias.com.br\/temp\/wp-json\/wp\/v2\/users\/3"}],"replies":[{"embeddable":true,"href":"https:\/\/friburgonoticias.com.br\/temp\/wp-json\/wp\/v2\/comments?post=4646"}],"version-history":[{"count":0,"href":"https:\/\/friburgonoticias.com.br\/temp\/wp-json\/wp\/v2\/posts\/4646\/revisions"}],"wp:featuredmedia":[{"embeddable":true,"href":"https:\/\/friburgonoticias.com.br\/temp\/wp-json\/wp\/v2\/media\/4647"}],"wp:attachment":[{"href":"https:\/\/friburgonoticias.com.br\/temp\/wp-json\/wp\/v2\/media?parent=4646"}],"wp:term":[{"taxonomy":"category","embeddable":true,"href":"https:\/\/friburgonoticias.com.br\/temp\/wp-json\/wp\/v2\/categories?post=4646"},{"taxonomy":"post_tag","embeddable":true,"href":"https:\/\/friburgonoticias.com.br\/temp\/wp-json\/wp\/v2\/tags?post=4646"}],"curies":[{"name":"wp","href":"https:\/\/api.w.org\/{rel}","templated":true}]}}