{"id":4648,"date":"2025-09-27T19:52:55","date_gmt":"2025-09-27T19:52:55","guid":{"rendered":"https:\/\/friburgonoticias.com.br\/temp\/2025\/09\/27\/lideres-da-direita-convocam-ato-a-favor-da-anistia\/"},"modified":"2025-09-27T19:52:55","modified_gmt":"2025-09-27T19:52:55","slug":"lideres-da-direita-convocam-ato-a-favor-da-anistia","status":"publish","type":"post","link":"https:\/\/friburgonoticias.com.br\/temp\/2025\/09\/27\/lideres-da-direita-convocam-ato-a-favor-da-anistia\/","title":{"rendered":"L\u00edderes da direita convocam ato a favor da anistia"},"content":{"rendered":"<p><\/p>\n<div id=\"hd80s9wa1h892edh8192\">\n        L\u00edderes da direita v\u00e3o realizar uma mobiliza\u00e7\u00e3o em Bras\u00edlia no dia 7 de outubro, em apoio ao projeto de lei que prop\u00f5e anistia para pessoas envolvidas nos atos de 8 de janeiro de 2023. A Caminhada pela Anistia ter\u00e1 in\u00edcio \u00e0s 16 horas, com concentra\u00e7\u00e3o na Catedral Metropolitana. Vai contar com a presen\u00e7a de familiares dos detidos, parlamentares e aliados do ex-presidente Jair Bolsonaro (PL).<\/p>\n<p><strong>+ Leia mais not\u00edcias de <a href=\"https:\/\/revistaoeste.com\/politica\/\" target=\"_blank\" rel=\"noreferrer noopener\">Pol\u00edtica <\/a>em Oeste<\/strong><\/p>\n<p>Entre os organizadores est\u00e3o a mulher do ex-presidente, Michelle Bolsonaro, o senador Fl\u00e1vio Bolsonaro (PL-RJ), o deputado federal Nikolas Ferreira (PL-MG) e o pastor Silas Malafaia. <\/p>\n<blockquote class=\"instagram-media\" data-instgrm-captioned=\"\" data-instgrm-permalink=\"https:\/\/www.instagram.com\/reel\/DPFiId2Drrr\/?utm_source=ig_embed&amp;utm_campaign=loading\" data-instgrm-version=\"14\" style=\" background:#FFF; border:0; border-radius:3px; box-shadow:0 0 1px 0 rgba(0,0,0,0.5),0 1px 10px 0 rgba(0,0,0,0.15); margin: 1px; max-width:540px; min-width:326px; padding:0; width:99.375%; width:-webkit-calc(100% - 2px); width:calc(100% - 2px);\"\/><p>\nEm v\u00eddeo publicado nas redes sociais, Malafaia destacou: \u201cOs artistas s\u00e3o as fam\u00edlias das pessoas injusti\u00e7adas\u201d. Nikolas Ferreira afirmou ainda: \u201cA gente vai caminhar juntamente ali com as fam\u00edlias [dos condenados] para quem at\u00e9 agora n\u00e3o sensibilizou, sentir no cora\u00e7\u00e3o a dor de perto do que eles est\u00e3o passando.\u201d<\/p>\n<p>O projeto, atualmente chamado PL da Dosimetria, ainda precisa da aprova\u00e7\u00e3o da C\u00e2mara dos Deputados. Paulinho da For\u00e7a (Solidariedade-SP), relator da proposta, afirmou que n\u00e3o apoiar\u00e1 uma \u201canistia ampla, geral e irrestrita\u201d, defendida por aliados de Bolsonaro. <\/p>\n<h2 class=\"wp-block-heading\" id=\"h-ex-presidente-e-aliados-defendem-a-anistia\">Ex-presidente e aliados defendem a anistia<\/h2>\n<p>Hugo Motta (Republicanos-PB), presidente da C\u00e2mara, comentou que ser\u00e1 necess\u00e1rio mais tempo para analisar o projeto antes de lev\u00e1-lo ao plen\u00e1rio:<\/p>\n<p> \u201cN\u00e3o tenho uma temperatura precisa de como tem sido a conversa do relator, at\u00e9 porque ele n\u00e3o conversou ainda com todos os partidos, e eu n\u00e3o conversei com os l\u00edderes depois da sua passagem de conversa com os deputados de cada bancada, de cada partido\u201d, afirmou o Motta. <\/p>\n<p>\u201cEnt\u00e3o eu preciso de um pouco mais de tempo para poder entender qual \u00e9 o sentimento da Casa e decidir sobre pautar ou n\u00e3o o projeto que est\u00e1 sendo relatado pelo deputado Paulinho da For\u00e7a\u201d.<\/p>\n<p>O ex-presidente Bolsonaro, seus familiares e aliados mant\u00eam a posi\u00e7\u00e3o contr\u00e1ria \u00e0 altera\u00e7\u00e3o do conte\u00fado do PL da Anistia. Segundo interlocutores, eles n\u00e3o t\u00eam autorizado o di\u00e1logo que tire da pauta a j\u00e1 citada anistia ampla geral e irrestrita.<\/p><\/div>\n<p><script async src=\"\/\/www.instagram.com\/embed.js\"><\/script><br \/>\n<br \/><\/a><\/p>\n<p>Fonte: revistaoeste.com<\/p>\n","protected":false},"excerpt":{"rendered":"<p>L\u00edderes da direita v\u00e3o realizar uma mobiliza\u00e7\u00e3o em Bras\u00edlia no dia 7 de outubro, em apoio ao projeto de lei que prop\u00f5e anistia para pessoas envolvidas nos atos de 8 de janeiro de 2023. A Caminhada pela Anistia ter\u00e1 in\u00edcio \u00e0s 16 horas, com concentra\u00e7\u00e3o na Catedral Metropolitana. Vai contar com a presen\u00e7a de familiares [&hellip;]<\/p>\n","protected":false},"author":3,"featured_media":4649,"comment_status":"open","ping_status":"open","sticky":false,"template":"","format":"standard","meta":{"advanced_seo_description":"","jetpack_seo_html_title":"","jetpack_seo_noindex":false,"fifu_image_url":"https:\/\/medias.revistaoeste.com\/wp-content\/uploads\/2025\/09\/Michelle.jpg","fifu_image_alt":"","_jetpack_memberships_contains_paid_content":false,"footnotes":"","jetpack_publicize_message":"","jetpack_publicize_feature_enabled":true,"jetpack_social_post_already_shared":true,"jetpack_social_options":{"image_generator_settings":{"template":"highway","default_image_id":0,"font":"","enabled":false},"version":2}},"categories":[106,1],"tags":[],"class_list":{"0":"post-4648","1":"post","2":"type-post","3":"status-publish","4":"format-standard","5":"has-post-thumbnail","7":"category-politica","8":"category-uncategorized"},"jetpack_publicize_connections":[],"jetpack_featured_media_url":"https:\/\/i0.wp.com\/medias.revistaoeste.com\/wp-content\/uploads\/2025\/09\/Michelle.jpg?fit=%2C&ssl=1","jetpack_sharing_enabled":true,"jetpack-related-posts":[],"_links":{"self":[{"href":"https:\/\/friburgonoticias.com.br\/temp\/wp-json\/wp\/v2\/posts\/4648","targetHints":{"allow":["GET"]}}],"collection":[{"href":"https:\/\/friburgonoticias.com.br\/temp\/wp-json\/wp\/v2\/posts"}],"about":[{"href":"https:\/\/friburgonoticias.com.br\/temp\/wp-json\/wp\/v2\/types\/post"}],"author":[{"embeddable":true,"href":"https:\/\/friburgonoticias.com.br\/temp\/wp-json\/wp\/v2\/users\/3"}],"replies":[{"embeddable":true,"href":"https:\/\/friburgonoticias.com.br\/temp\/wp-json\/wp\/v2\/comments?post=4648"}],"version-history":[{"count":0,"href":"https:\/\/friburgonoticias.com.br\/temp\/wp-json\/wp\/v2\/posts\/4648\/revisions"}],"wp:featuredmedia":[{"embeddable":true,"href":"https:\/\/friburgonoticias.com.br\/temp\/wp-json\/wp\/v2\/media\/4649"}],"wp:attachment":[{"href":"https:\/\/friburgonoticias.com.br\/temp\/wp-json\/wp\/v2\/media?parent=4648"}],"wp:term":[{"taxonomy":"category","embeddable":true,"href":"https:\/\/friburgonoticias.com.br\/temp\/wp-json\/wp\/v2\/categories?post=4648"},{"taxonomy":"post_tag","embeddable":true,"href":"https:\/\/friburgonoticias.com.br\/temp\/wp-json\/wp\/v2\/tags?post=4648"}],"curies":[{"name":"wp","href":"https:\/\/api.w.org\/{rel}","templated":true}]}}