{"id":4652,"date":"2025-09-28T09:39:09","date_gmt":"2025-09-28T09:39:09","guid":{"rendered":"https:\/\/friburgonoticias.com.br\/temp\/2025\/09\/28\/a-denuncia-de-filipe-barros-e-os-soberanistas-de-ocasiao\/"},"modified":"2025-09-28T09:39:09","modified_gmt":"2025-09-28T09:39:09","slug":"a-denuncia-de-filipe-barros-e-os-soberanistas-de-ocasiao","status":"publish","type":"post","link":"https:\/\/friburgonoticias.com.br\/temp\/2025\/09\/28\/a-denuncia-de-filipe-barros-e-os-soberanistas-de-ocasiao\/","title":{"rendered":"&#8216;A den\u00fancia de Filipe Barros e os soberanistas de ocasi\u00e3o&#8217;"},"content":{"rendered":"<p><\/p>\n<div id=\"hd80s9wa1h892edh8192\">\n        <strong><a href=\"https:\/\/revistaoeste.com\/politica\/usaid-irrigou-milhoes-de-dolares-para-interferir-nas-eleicoes-afirma-filipe-barros\/\" target=\"_blank\" rel=\"noreferrer noopener\">A den\u00fancia de Filipe Barros sobre o financiamento da Usaid nas elei\u00e7\u00f5es de 2022 n\u00e3o \u00e9 propriamente uma revela\u00e7\u00e3o<\/a><\/strong>, pois confirma aquilo que, em outubro de 2024, <strong><a href=\"https:\/\/revistaoeste.com\/mundo\/relatorio-aponta-influencia-da-usaid-sobre-stf-e-tse\/\" target=\"_blank\" rel=\"noreferrer noopener\">j\u00e1 come\u00e7ara a ser revelado no relat\u00f3rio da Civilization Works (CW)<\/a><\/strong>, plataforma do jornalista investigativo norte-americano Michael Shellemberger. Naquele documento, descreve-se com uma min\u00facia quase entomol\u00f3gica a teia de influ\u00eancia que ligou ag\u00eancias do governo Biden ao STF, ao TSE e \u00e0 m\u00eddia militante de esquerda, por meio de ONGs, cons\u00f3rcios de \u201cchecagem de fatos\u201d e campanhas pedag\u00f3gicas contra os sempre el\u00e1sticos conceitos de \u201c<em>fake news<\/em>\u201d e \u201cdiscurso de \u00f3dio\u201d. O que o deputado fez foi apenas ligar o megafone para anunciar o que qualquer observador minimamente honesto j\u00e1 sabia: a t\u00e3o recentemente decantada \u201csoberania brasileira\u201d n\u00e3o \u00e9 nada al\u00e9m que uma pe\u00e7a de propaganda autorit\u00e1ria do regime PT-STF, papagueada por seus jornalistas de bolso e pela <em>intelligentsia<\/em> geri\u00e1trica da MPB.<\/p>\n<p>O relat\u00f3rio da CW demonstrou que projetos como Fair Game, Comprova, DFRLab e cong\u00eaneres receberam generosos aportes para moldar narrativas, censurar discursos e orientar magistrados ativistas de extrema esquerda na arte de imposi\u00e7\u00e3o da espiral do sil\u00eancio ao advers\u00e1rio, tudo sob o pretexto, cada vez mais canastr\u00e3o, de \u201cfortalecer a democracia\u201d. Traduzindo do dialeto globalista para o portugu\u00eas, o que houve ali n\u00e3o uma mera foi \u201ccoopera\u00e7\u00e3o\u201d, mas uma sofisticada engenharia pol\u00edtica para garantir um resultado eleitoral funcional aos interesses do <em>establishment<\/em> norte-americano do momento, comandado pelos esquerdistas radicais do Partido Democrata, que fizeram do senil e incapaz <strong><a href=\"https:\/\/revistaoeste.com\/tag\/joe-biden\/\" target=\"_blank\" rel=\"noreferrer noopener\">Joe Biden<\/a><\/strong> o seu \u201ctio Paulo\u201d.<\/p>\n<h2 class=\"wp-block-heading\" id=\"h-leia-noticias-de-politica-em-oeste\"><strong>+ Leia not\u00edcias de <a href=\"https:\/\/revistaoeste.com\/politica\" target=\"_blank\" rel=\"noreferrer noopener\">Pol\u00edtica<\/a> em Oeste<\/strong><\/h2>\n<p>Reside a\u00ed o descaramento. A mesma esquerda que agora rasga as vestes diante das san\u00e7\u00f5es americanas \u2013 aos gritos de \u201co Brasil \u00e9 dos brasileiros\u201d e acusa\u00e7\u00f5es, t\u00edpicas do stalinismo tropical, contra os \u201ctraidores da p\u00e1tria\u201d \u2013 foi, at\u00e9 ontem, benefici\u00e1ria alegre de uma inger\u00eancia americana muito mais profunda e decisiva. Aplaudiram o que chamaram de \u201ccoopera\u00e7\u00e3o internacional\u201d, cortejaram as funda\u00e7\u00f5es estrangeiras, desfilaram seu cosmopolitismo progressista enquanto o pa\u00eds se convertia num laborat\u00f3rio de governan\u00e7a global. Como se sabe, Lu\u00eds Roberto Barroso, o emotivo sancionado ora banido dos EUA, <a href=\"https:\/\/revistaoeste.com\/politica\/eua-tiveram-papel-decisivo-contra-tentativa-de-golpe-no-brasil-afirma-luis-roberto-barroso-em-ny\/\" target=\"_blank\" rel=\"noreferrer noopener\"><strong>chegou a confessar publicamente ter clamado por aquela inger\u00eancia<\/strong><\/a>.<\/p>\n<p>Como j\u00e1 havia dito Machado de Assis em 1873: \u201cUm poeta n\u00e3o \u00e9 nacional s\u00f3 porque insere nos seus versos muitos nomes de flores ou aves do pa\u00eds, o que pode dar uma nacionalidade de vocabul\u00e1rio e nada mais. Aprecia-se a cor local, mas \u00e9 preciso que a imagina\u00e7\u00e3o lhe d\u00ea os seus toques, e que estes sejam naturais, n\u00e3o de acarreto\u201d.<\/p>\n<figure class=\"wp-block-embed is-type-video is-provider-youtube wp-block-embed-youtube wp-embed-aspect-16-9 wp-has-aspect-ratio\">\n<div class=\"wp-block-embed__wrapper\">\n<div class=\"perfmatters-lazy-youtube\" data-src=\"https:\/\/www.youtube.com\/embed\/q8Lb0Jo9R6E\" data-id=\"q8Lb0Jo9R6E\" data-query=\"feature=oembed\" onclick=\"perfmattersLazyLoadYouTube(this);\">\n<div><img loading=\"lazy\" decoding=\"async\" alt=\"YouTube video\" width=\"480\" height=\"360\" data-pin-nopin=\"true\" nopin=\"nopin\" class=\"perfmatters-lazy\" src=\"https:\/\/i.ytimg.com\/vi\/q8Lb0Jo9R6E\/hqdefault.jpg\"\/><img loading=\"lazy\" decoding=\"async\" src=\"https:\/\/i.ytimg.com\/vi\/q8Lb0Jo9R6E\/hqdefault.jpg\" alt=\"YouTube video\" width=\"480\" height=\"360\" data-pin-nopin=\"true\" nopin=\"nopin\"\/><\/div>\n<\/div>\n<p><noscript><iframe loading=\"lazy\" title=\"Filipe Barros suspeita de articula\u00e7\u00e3o para regula\u00e7\u00e3o das redes\" width=\"1170\" height=\"658\" src=\"https:\/\/www.youtube.com\/embed\/q8Lb0Jo9R6E?feature=oembed\" frameborder=\"0\" allow=\"accelerometer; autoplay; clipboard-write; encrypted-media; gyroscope; picture-in-picture; web-share\" referrerpolicy=\"strict-origin-when-cross-origin\" allowfullscreen><\/iframe><\/noscript>\n<\/div>\n<\/figure>\n<p>Resta claro que os nossos soberanistas de ocasi\u00e3o n\u00e3o t\u00eam nenhum apre\u00e7o e interesse aut\u00eantico pela p\u00e1tria, e que recorrem \u00e0 ret\u00f3rica nacionalista apenas para preservar o seu projeto de poder, ora amea\u00e7ado pelas a\u00e7\u00f5es do governo americano em defesa dos dissidentes e perseguidos brasileiros. Sua soberania \u00e9 mais falsa que uma campanha do Sid\u00f4nio ou uma not\u00edcia da GloboNews.<\/p>\n<figure class=\"wp-block-embed is-type-video is-provider-youtube wp-block-embed-youtube wp-embed-aspect-16-9 wp-has-aspect-ratio\">\n<div class=\"wp-block-embed__wrapper\">\n<div class=\"perfmatters-lazy-youtube\" data-src=\"https:\/\/www.youtube.com\/embed\/7gv-biWGFCk\" data-id=\"7gv-biWGFCk\" data-query=\"feature=oembed\" onclick=\"perfmattersLazyLoadYouTube(this);\">\n<div><img loading=\"lazy\" decoding=\"async\" alt=\"YouTube video\" width=\"480\" height=\"360\" data-pin-nopin=\"true\" nopin=\"nopin\" class=\"perfmatters-lazy\" src=\"https:\/\/i.ytimg.com\/vi\/7gv-biWGFCk\/hqdefault.jpg\"\/><img loading=\"lazy\" decoding=\"async\" src=\"https:\/\/i.ytimg.com\/vi\/7gv-biWGFCk\/hqdefault.jpg\" alt=\"YouTube video\" width=\"480\" height=\"360\" data-pin-nopin=\"true\" nopin=\"nopin\"\/><\/div>\n<\/div>\n<p><noscript><iframe loading=\"lazy\" title=\"EXCLUSIVO: Filipe Barros &#039;enquadra&#039; Lula e pede investiga\u00e7\u00e3o sobre sumi\u00e7o de ur\u00e2nio\" width=\"1170\" height=\"658\" src=\"https:\/\/www.youtube.com\/embed\/7gv-biWGFCk?feature=oembed\" frameborder=\"0\" allow=\"accelerometer; autoplay; clipboard-write; encrypted-media; gyroscope; picture-in-picture; web-share\" referrerpolicy=\"strict-origin-when-cross-origin\" allowfullscreen><\/iframe><\/noscript>\n<\/div>\n<\/figure><\/div>\n<p><\/a><\/p>\n<p>Fonte: revistaoeste.com<\/p>\n","protected":false},"excerpt":{"rendered":"<p>A den\u00fancia de Filipe Barros sobre o financiamento da Usaid nas elei\u00e7\u00f5es de 2022 n\u00e3o \u00e9 propriamente uma revela\u00e7\u00e3o, pois confirma aquilo que, em outubro de 2024, j\u00e1 come\u00e7ara a ser revelado no relat\u00f3rio da Civilization Works (CW), plataforma do jornalista investigativo norte-americano Michael Shellemberger. Naquele documento, descreve-se com uma min\u00facia quase entomol\u00f3gica a teia [&hellip;]<\/p>\n","protected":false},"author":3,"featured_media":4653,"comment_status":"open","ping_status":"open","sticky":false,"template":"","format":"standard","meta":{"advanced_seo_description":"","jetpack_seo_html_title":"","jetpack_seo_noindex":false,"fifu_image_url":"https:\/\/medias.revistaoeste.com\/wp-content\/uploads\/2025\/01\/Terras-indigenas.jpg","fifu_image_alt":"","_jetpack_memberships_contains_paid_content":false,"footnotes":"","jetpack_publicize_message":"","jetpack_publicize_feature_enabled":true,"jetpack_social_post_already_shared":true,"jetpack_social_options":{"image_generator_settings":{"template":"highway","default_image_id":0,"font":"","enabled":false},"version":2}},"categories":[106,1],"tags":[],"class_list":{"0":"post-4652","1":"post","2":"type-post","3":"status-publish","4":"format-standard","5":"has-post-thumbnail","7":"category-politica","8":"category-uncategorized"},"jetpack_publicize_connections":[],"jetpack_featured_media_url":"https:\/\/i0.wp.com\/medias.revistaoeste.com\/wp-content\/uploads\/2025\/01\/Terras-indigenas.jpg?fit=%2C&ssl=1","jetpack_sharing_enabled":true,"jetpack-related-posts":[],"_links":{"self":[{"href":"https:\/\/friburgonoticias.com.br\/temp\/wp-json\/wp\/v2\/posts\/4652","targetHints":{"allow":["GET"]}}],"collection":[{"href":"https:\/\/friburgonoticias.com.br\/temp\/wp-json\/wp\/v2\/posts"}],"about":[{"href":"https:\/\/friburgonoticias.com.br\/temp\/wp-json\/wp\/v2\/types\/post"}],"author":[{"embeddable":true,"href":"https:\/\/friburgonoticias.com.br\/temp\/wp-json\/wp\/v2\/users\/3"}],"replies":[{"embeddable":true,"href":"https:\/\/friburgonoticias.com.br\/temp\/wp-json\/wp\/v2\/comments?post=4652"}],"version-history":[{"count":0,"href":"https:\/\/friburgonoticias.com.br\/temp\/wp-json\/wp\/v2\/posts\/4652\/revisions"}],"wp:featuredmedia":[{"embeddable":true,"href":"https:\/\/friburgonoticias.com.br\/temp\/wp-json\/wp\/v2\/media\/4653"}],"wp:attachment":[{"href":"https:\/\/friburgonoticias.com.br\/temp\/wp-json\/wp\/v2\/media?parent=4652"}],"wp:term":[{"taxonomy":"category","embeddable":true,"href":"https:\/\/friburgonoticias.com.br\/temp\/wp-json\/wp\/v2\/categories?post=4652"},{"taxonomy":"post_tag","embeddable":true,"href":"https:\/\/friburgonoticias.com.br\/temp\/wp-json\/wp\/v2\/tags?post=4652"}],"curies":[{"name":"wp","href":"https:\/\/api.w.org\/{rel}","templated":true}]}}