{"id":4684,"date":"2025-09-29T13:08:01","date_gmt":"2025-09-29T13:08:01","guid":{"rendered":"https:\/\/friburgonoticias.com.br\/temp\/2025\/09\/29\/encontro-entre-lula-e-trump-permanece-indefinido-diz-alckmin\/"},"modified":"2025-09-29T13:08:01","modified_gmt":"2025-09-29T13:08:01","slug":"encontro-entre-lula-e-trump-permanece-indefinido-diz-alckmin","status":"publish","type":"post","link":"https:\/\/friburgonoticias.com.br\/temp\/2025\/09\/29\/encontro-entre-lula-e-trump-permanece-indefinido-diz-alckmin\/","title":{"rendered":"Encontro entre Lula e Trump permanece indefinido, diz Alckmin"},"content":{"rendered":"<p><\/p>\n<div id=\"hd80s9wa1h892edh8192\">\n        O vice-presidente <strong><a href=\"https:\/\/revistaoeste.com\/tag\/geraldo-alckmin\/\" target=\"_blank\" rel=\"noreferrer noopener\">Geraldo Alckmin<\/a><\/strong> afirmou nesta segunda-feira, 29, que a conversa entre os presidentes Luiz In\u00e1cio Lula da Silva e Donald Trump, dos Estados Unidos, ainda n\u00e3o tem data, formato nem local definidos. O tema central ser\u00e1 a sobretaxa de 50% imposta por Washington sobre produtos brasileiros.<\/p>\n<p>\u201cN\u00e3o tem ainda informa\u00e7\u00e3o sobre a data e o tipo do encontro, mas entendo que ele \u00e9 um passo importante para a gente poder avan\u00e7ar\u201d, disse Alckmin em entrevista \u00e0 r\u00e1dio CBN.<\/p>\n<p><strong>+ Leia mais not\u00edcias de <a href=\"https:\/\/revistaoeste.com\/politica\/\" target=\"_blank\" rel=\"noreferrer noopener\">Pol\u00edtica<\/a> em Oeste <\/strong><\/p>\n<p>A expectativa \u00e9 de que o primeiro contato seja remoto \u2014 por telefone ou videoconfer\u00eancia. Nesse sentido, uma reuni\u00e3o presencial ficaria para um segundo momento.<\/p>\n<p>O Pal\u00e1cio do Planalto e o Itamaraty estudam v\u00e1rios cen\u00e1rios. Entre eles, uma visita \u00e0 Casa Branca, um encontro na casa de Trump, em Mar-a-Lago, ou mesmo em outro pa\u00eds, aproveitando compromissos diplom\u00e1ticos.<\/p>\n<p>Lula tem viagens previstas para a It\u00e1lia, Indon\u00e9sia e Mal\u00e1sia em outubro. Trump pode participar da c\u00fapula da Associa\u00e7\u00e3o de Na\u00e7\u00f5es do Sudeste Asi\u00e1tico, na Mal\u00e1sia, no fim do m\u00eas. O evento tamb\u00e9m deve contar com a presen\u00e7a do petista.<\/p>\n<figure class=\"wp-block-embed aligncenter is-type-video is-provider-youtube wp-block-embed-youtube wp-embed-aspect-16-9 wp-has-aspect-ratio\">\n<div class=\"wp-block-embed__wrapper\">\n<div class=\"perfmatters-lazy-youtube\" data-src=\"https:\/\/www.youtube.com\/embed\/GsfJR3SwpFg\" data-id=\"GsfJR3SwpFg\" data-query=\"feature=oembed\" onclick=\"perfmattersLazyLoadYouTube(this);\">\n<div><img loading=\"lazy\" decoding=\"async\" alt=\"YouTube video\" width=\"480\" height=\"360\" data-pin-nopin=\"true\" nopin=\"nopin\" class=\"perfmatters-lazy\" src=\"https:\/\/i.ytimg.com\/vi\/GsfJR3SwpFg\/hqdefault.jpg\"\/><img loading=\"lazy\" decoding=\"async\" src=\"https:\/\/i.ytimg.com\/vi\/GsfJR3SwpFg\/hqdefault.jpg\" alt=\"YouTube video\" width=\"480\" height=\"360\" data-pin-nopin=\"true\" nopin=\"nopin\"\/><\/div>\n<\/div>\n<p><noscript><iframe loading=\"lazy\" title=\"EXCLUSIVO: Bolsonaro costura chapa anti-Lula com Tarc\u00edsio presidente e Michelle vice\" width=\"1170\" height=\"658\" src=\"https:\/\/www.youtube.com\/embed\/GsfJR3SwpFg?feature=oembed\" frameborder=\"0\" allow=\"accelerometer; autoplay; clipboard-write; encrypted-media; gyroscope; picture-in-picture; web-share\" referrerpolicy=\"strict-origin-when-cross-origin\" allowfullscreen><\/iframe><\/noscript>\n<\/div>\n<\/figure>\n<p>A sobretaxa sobre produtos do Brasil entrou em vigor h\u00e1 quase dois meses. Alckmin afirma que o governo tem bons argumentos para derrub\u00e1-la. \u201cOs EUA t\u00eam super\u00e1vit na balan\u00e7a comercial com o Brasil\u201d, destacou. \u201cEstamos otimistas. Vamos aguardar os pr\u00f3ximos dias para avan\u00e7ar mais.\u201d<\/p>\n<p>Al\u00e9m das tratativas com os EUA, o vice-presidente falou sobre economia interna. Um dos temas foi a proposta que isenta do Imposto de Renda quem ganha at\u00e9 R$ 5 mil. A medida, promessa de campanha de Lula, deve ser votada nesta quarta-feira, 1\u00ba de outubro, na <strong><a href=\"https:\/\/www.camara.leg.br\/\" target=\"_blank\" rel=\"noreferrer noopener\">C\u00e2mara<\/a><\/strong>. A equipe econ\u00f4mica trabalha para implement\u00e1-la em 2026.<\/p>\n<p>Alckmin tamb\u00e9m cobrou do Banco Central a redu\u00e7\u00e3o da taxa b\u00e1sica de juros, hoje fixada em 15% ao ano. Para ele, a Sistema Especial de Liquida\u00e7\u00e3o e Cust\u00f3dia (Selic) nesse patamar atrapalha o crescimento e encarece a d\u00edvida p\u00fablica.<\/p>\n<p>\u201cEstamos otimistas que a gente possa ter uma redu\u00e7\u00e3o da Selic mais r\u00e1pida\u201d, afirmou o vice-presidente.<\/p>\n<p><strong>+ Leia tamb\u00e9m: <a href=\"https:\/\/revistaoeste.com\/economia\/secretario-dos-eua-diz-que-e-preciso-consertar-o-brasil\/\" target=\"_blank\" rel=\"noreferrer noopener\">\u201cSecret\u00e1rio dos EUA diz que \u00e9 preciso \u2018consertar\u2019 o Brasil\u201d<\/a><\/strong><\/p>\n<p>A taxa atual \u00e9 a mais alta desde julho de 2006, quando o pa\u00eds ainda vivia o primeiro mandato de Lula. Naquele ano, a Selic chegou a 15,25% ao ano.<\/p><\/div>\n<p><\/a><\/p>\n<p>Fonte: revistaoeste.com<\/p>\n","protected":false},"excerpt":{"rendered":"<p>O vice-presidente Geraldo Alckmin afirmou nesta segunda-feira, 29, que a conversa entre os presidentes Luiz In\u00e1cio Lula da Silva e Donald Trump, dos Estados Unidos, ainda n\u00e3o tem data, formato nem local definidos. O tema central ser\u00e1 a sobretaxa de 50% imposta por Washington sobre produtos brasileiros. \u201cN\u00e3o tem ainda informa\u00e7\u00e3o sobre a data e [&hellip;]<\/p>\n","protected":false},"author":3,"featured_media":4685,"comment_status":"open","ping_status":"open","sticky":false,"template":"","format":"standard","meta":{"advanced_seo_description":"","jetpack_seo_html_title":"","jetpack_seo_noindex":false,"fifu_image_url":"https:\/\/medias.revistaoeste.com\/wp-content\/uploads\/2025\/07\/Alckmin-Trump.jpeg","fifu_image_alt":"","_jetpack_memberships_contains_paid_content":false,"footnotes":"","jetpack_publicize_message":"","jetpack_publicize_feature_enabled":true,"jetpack_social_post_already_shared":true,"jetpack_social_options":{"image_generator_settings":{"template":"highway","default_image_id":0,"font":"","enabled":false},"version":2}},"categories":[106,1],"tags":[],"class_list":{"0":"post-4684","1":"post","2":"type-post","3":"status-publish","4":"format-standard","5":"has-post-thumbnail","7":"category-politica","8":"category-uncategorized"},"jetpack_publicize_connections":[],"jetpack_featured_media_url":"https:\/\/i0.wp.com\/medias.revistaoeste.com\/wp-content\/uploads\/2025\/07\/Alckmin-Trump.jpeg?fit=%2C&ssl=1","jetpack_sharing_enabled":true,"jetpack-related-posts":[],"_links":{"self":[{"href":"https:\/\/friburgonoticias.com.br\/temp\/wp-json\/wp\/v2\/posts\/4684","targetHints":{"allow":["GET"]}}],"collection":[{"href":"https:\/\/friburgonoticias.com.br\/temp\/wp-json\/wp\/v2\/posts"}],"about":[{"href":"https:\/\/friburgonoticias.com.br\/temp\/wp-json\/wp\/v2\/types\/post"}],"author":[{"embeddable":true,"href":"https:\/\/friburgonoticias.com.br\/temp\/wp-json\/wp\/v2\/users\/3"}],"replies":[{"embeddable":true,"href":"https:\/\/friburgonoticias.com.br\/temp\/wp-json\/wp\/v2\/comments?post=4684"}],"version-history":[{"count":0,"href":"https:\/\/friburgonoticias.com.br\/temp\/wp-json\/wp\/v2\/posts\/4684\/revisions"}],"wp:featuredmedia":[{"embeddable":true,"href":"https:\/\/friburgonoticias.com.br\/temp\/wp-json\/wp\/v2\/media\/4685"}],"wp:attachment":[{"href":"https:\/\/friburgonoticias.com.br\/temp\/wp-json\/wp\/v2\/media?parent=4684"}],"wp:term":[{"taxonomy":"category","embeddable":true,"href":"https:\/\/friburgonoticias.com.br\/temp\/wp-json\/wp\/v2\/categories?post=4684"},{"taxonomy":"post_tag","embeddable":true,"href":"https:\/\/friburgonoticias.com.br\/temp\/wp-json\/wp\/v2\/tags?post=4684"}],"curies":[{"name":"wp","href":"https:\/\/api.w.org\/{rel}","templated":true}]}}