{"id":4694,"date":"2025-09-29T17:38:02","date_gmt":"2025-09-29T17:38:02","guid":{"rendered":"https:\/\/friburgonoticias.com.br\/temp\/2025\/09\/29\/em-missa-padre-julio-lancelloti-grita-sem-anistia\/"},"modified":"2025-09-29T17:38:02","modified_gmt":"2025-09-29T17:38:02","slug":"em-missa-padre-julio-lancelloti-grita-sem-anistia","status":"publish","type":"post","link":"https:\/\/friburgonoticias.com.br\/temp\/2025\/09\/29\/em-missa-padre-julio-lancelloti-grita-sem-anistia\/","title":{"rendered":"Em missa, padre J\u00falio Lancelloti grita &#8216;sem anistia&#8217;"},"content":{"rendered":"<p><\/p>\n<div id=\"hd80s9wa1h892edh8192\">\n        O padre J\u00falio Lancelloti, coordenador da Pastoral do Povo da Rua da <a href=\"https:\/\/arquisp.org.br\/\"><strong>Arquidiocese de S\u00e3o Paulo<\/strong><\/a>, celebrou uma missa em <strong><a href=\"https:\/\/revistaoeste.com\/tag\/fortaleza\/\" target=\"_blank\" rel=\"noreferrer noopener\">Fortaleza (CE)<\/a><\/strong> na quinta-feira 26. Durante a celebra\u00e7\u00e3o, houve manifesta\u00e7\u00f5es e gritos de ordem contra a <strong><a href=\"https:\/\/revistaoeste.com\/tag\/anistia\/\" target=\"_blank\" rel=\"noreferrer noopener\">anistia<\/a><\/strong> e em defesa da Palestina. <\/p>\n<p><strong>+ Leia mais not\u00edcias de <a href=\"https:\/\/revistaoeste.com\/politica\/\" target=\"_blank\" rel=\"noreferrer noopener\">Pol\u00edtica<\/a> em Oeste<\/strong><\/p>\n<p>Na Capela S\u00e3o Jos\u00e9 Oper\u00e1rio, no bairro Bonsucesso, periferia da capital cearense, J\u00falio Lancelotti conclamou o p\u00fablico a gritar \u201cSem anistia!\u201d e \u201cPalestina livre!\u201d. Tamb\u00e9m comemorou a rejei\u00e7\u00e3o, no Senado, da proposta de emenda \u00e0 Constitui\u00e7\u00e3o das Prerrogativas. O projeto previa autoriza\u00e7\u00e3o pr\u00e9via do Legislativo para abertura de processos criminais contra parlamentares.<\/p>\n<figure class=\"wp-block-embed is-type-rich is-provider-twitter wp-block-embed-twitter\">\n<div class=\"wp-block-embed__wrapper\">\n<blockquote class=\"twitter-tweet\" data-width=\"500\" data-dnt=\"true\">\n<p lang=\"pt\" dir=\"ltr\">\ud83d\udea8URGENTE \u2013 Padre Lancellotti grita \u201csem anistia\u201d e \u201cPalestina livre\u201d no meio da missa<\/p>\n<p>\u201cN\u00e3o aceitamos o fascismo. Palestina livre! Sem anistia\u201d <a href=\"https:\/\/t.co\/QBzfw33Sll\">pic.twitter.com\/QBzfw33Sll<\/a><\/p>\n<p>\u2014 SPACE LIBERDADE \uea00 (@NewsLiberdade) <a href=\"https:\/\/twitter.com\/NewsLiberdade\/status\/1972696243156480373?ref_src=twsrc%5Etfw\">September 29, 2025<\/a><\/p><\/blockquote>\n<\/div>\n<\/figure>\n<p>\u201cEssa \u00e9 a for\u00e7a do povo, esse \u00e9 o amor de Deus, que faz o povo se mobilizar e derrubar a PEC da Blindagem!\u201d, disse o padre na celebra\u00e7\u00e3o. \u201cQuando o povo se une em todas as cidades, quando a voz do povo grita alto pela vida e pela liberdade, os poderosos tremem e os covardes p\u00f5em a viola no saco.\u201d<\/p>\n<h2 class=\"wp-block-heading\" id=\"h-padre-julio-lancelloti-participou-de-seminario-em-universidade\"><strong>Padre J\u00falio Lancelloti participou de semin\u00e1rio em universidade<\/strong><\/h2>\n<p>Lancellotti viajou para Fortaleza para participar de um semin\u00e1rio sobre pol\u00edticas p\u00fablicas para moradores de rua, promovido pelo Conselho Nacional de Justi\u00e7a na Faculdade de Direito da Universidade Federal do Cear\u00e1. Al\u00e9m disso, na sexta 26, ele visitou um centro de acolhimento e participou de um evento sindical.<\/p><\/div>\n<p><script async src=\"\/\/platform.twitter.com\/widgets.js\" charset=\"utf-8\"><\/script><br \/>\n<br \/><\/a><\/p>\n<p>Fonte: revistaoeste.com<\/p>\n","protected":false},"excerpt":{"rendered":"<p>O padre J\u00falio Lancelloti, coordenador da Pastoral do Povo da Rua da Arquidiocese de S\u00e3o Paulo, celebrou uma missa em Fortaleza (CE) na quinta-feira 26. Durante a celebra\u00e7\u00e3o, houve manifesta\u00e7\u00f5es e gritos de ordem contra a anistia e em defesa da Palestina. + Leia mais not\u00edcias de Pol\u00edtica em Oeste Na Capela S\u00e3o Jos\u00e9 Oper\u00e1rio, [&hellip;]<\/p>\n","protected":false},"author":3,"featured_media":4695,"comment_status":"open","ping_status":"open","sticky":false,"template":"","format":"standard","meta":{"advanced_seo_description":"","jetpack_seo_html_title":"","jetpack_seo_noindex":false,"fifu_image_url":"https:\/\/medias.revistaoeste.com\/wp-content\/uploads\/2025\/09\/IMAGE-2025-09-29-140915.jpg","fifu_image_alt":"","_jetpack_memberships_contains_paid_content":false,"footnotes":"","jetpack_publicize_message":"","jetpack_publicize_feature_enabled":true,"jetpack_social_post_already_shared":true,"jetpack_social_options":{"image_generator_settings":{"template":"highway","default_image_id":0,"font":"","enabled":false},"version":2}},"categories":[106,1],"tags":[],"class_list":{"0":"post-4694","1":"post","2":"type-post","3":"status-publish","4":"format-standard","5":"has-post-thumbnail","7":"category-politica","8":"category-uncategorized"},"jetpack_publicize_connections":[],"jetpack_featured_media_url":"https:\/\/i0.wp.com\/medias.revistaoeste.com\/wp-content\/uploads\/2025\/09\/IMAGE-2025-09-29-140915.jpg?fit=%2C&ssl=1","jetpack_sharing_enabled":true,"jetpack-related-posts":[],"_links":{"self":[{"href":"https:\/\/friburgonoticias.com.br\/temp\/wp-json\/wp\/v2\/posts\/4694","targetHints":{"allow":["GET"]}}],"collection":[{"href":"https:\/\/friburgonoticias.com.br\/temp\/wp-json\/wp\/v2\/posts"}],"about":[{"href":"https:\/\/friburgonoticias.com.br\/temp\/wp-json\/wp\/v2\/types\/post"}],"author":[{"embeddable":true,"href":"https:\/\/friburgonoticias.com.br\/temp\/wp-json\/wp\/v2\/users\/3"}],"replies":[{"embeddable":true,"href":"https:\/\/friburgonoticias.com.br\/temp\/wp-json\/wp\/v2\/comments?post=4694"}],"version-history":[{"count":0,"href":"https:\/\/friburgonoticias.com.br\/temp\/wp-json\/wp\/v2\/posts\/4694\/revisions"}],"wp:featuredmedia":[{"embeddable":true,"href":"https:\/\/friburgonoticias.com.br\/temp\/wp-json\/wp\/v2\/media\/4695"}],"wp:attachment":[{"href":"https:\/\/friburgonoticias.com.br\/temp\/wp-json\/wp\/v2\/media?parent=4694"}],"wp:term":[{"taxonomy":"category","embeddable":true,"href":"https:\/\/friburgonoticias.com.br\/temp\/wp-json\/wp\/v2\/categories?post=4694"},{"taxonomy":"post_tag","embeddable":true,"href":"https:\/\/friburgonoticias.com.br\/temp\/wp-json\/wp\/v2\/tags?post=4694"}],"curies":[{"name":"wp","href":"https:\/\/api.w.org\/{rel}","templated":true}]}}