{"id":4714,"date":"2025-09-29T21:02:58","date_gmt":"2025-09-29T21:02:58","guid":{"rendered":"https:\/\/friburgonoticias.com.br\/temp\/2025\/09\/29\/comissao-aprova-tipificacao-do-crime-de-homicidio-vicario-quando-se-mata-o-filho-para-atingir-a-mae-noticias\/"},"modified":"2025-09-29T21:02:58","modified_gmt":"2025-09-29T21:02:58","slug":"comissao-aprova-tipificacao-do-crime-de-homicidio-vicario-quando-se-mata-o-filho-para-atingir-a-mae-noticias","status":"publish","type":"post","link":"https:\/\/friburgonoticias.com.br\/temp\/2025\/09\/29\/comissao-aprova-tipificacao-do-crime-de-homicidio-vicario-quando-se-mata-o-filho-para-atingir-a-mae-noticias\/","title":{"rendered":"Comiss\u00e3o aprova tipifica\u00e7\u00e3o do crime de homic\u00eddio vic\u00e1rio, quando se mata o filho para atingir a m\u00e3e &#8211; Not\u00edcias"},"content":{"rendered":"<p><\/p>\n<div>\n<p class=\"g-artigo__data-hora\">\n                      29\/09\/2025 &#8211; 17:36 \u00a0\n                    <\/p>\n<div id=\"image-container-1205481\" class=\"image-container\" style=\"float: none; margin: 45px 0px; width: 100%;\" data-midia=\"1205481\">\n        <em>Vinicius Loures\/C\u00e2mara dos Deputados<\/em><\/p>\n<p>        Laura Carneiro, relatora da proposta na comiss\u00e3o\n        <\/p><\/div>\n<p>        A Comiss\u00e3o de Defesa dos Direitos da Mulher da C\u00e2mara dos Deputados aprovou proposta <span class=\"ng-star-inserted\" data-start-index=\"284\">que inclui no\u00a0 <a href=\"https:\/\/www2.camara.leg.br\/legin\/fed\/declei\/1940-1949\/decreto-lei-2848-7-dezembro-1940-412868-norma-pe.html\">C\u00f3digo Penal<\/a> o crime de homic\u00eddio vic\u00e1rio<\/span>. O crime \u00e9 definido como o ato de matar filho, enteado, tutelado ou outro descendente de uma pessoa \u2013 em especial de uma mulher \u2013 para causar-lhe sofrimento, puni\u00e7\u00e3o ou controle.<br \/>\n        <span class=\"ng-star-inserted\" data-start-index=\"1003\">A pena proposta \u00e9 de <\/span>reclus\u00e3o de 20 a 40 anos.<br \/>\n        O projeto estabelece que o crime \u00e9 configurado em um contexto de viol\u00eancia dom\u00e9stica quando h\u00e1 uma rela\u00e7\u00e3o \u00edntima de afeto entre o autor e a mulher respons\u00e1vel pela v\u00edtima, ou quando a motiva\u00e7\u00e3o \u00e9 baseada em controle, ci\u00fames, vingan\u00e7a ou puni\u00e7\u00e3o dirigida \u00e0 mulher.<br \/>\n        A proposta tamb\u00e9m prev\u00ea o aumento da pena de um ter\u00e7o at\u00e9 a metade em circunst\u00e2ncias espec\u00edficas:<\/p>\n<div class=\"paragraph normal ng-star-inserted\" data-start-index=\"1590\">\n<ul>\n<li>se o crime for praticado na presen\u00e7a da mulher;<\/li>\n<li>se a v\u00edtima for uma crian\u00e7a ou adolescente menor de 14 anos; e<\/li>\n<li>se o crime ocorrer em descumprimento de uma medida protetiva de urg\u00eancia da <a href=\"https:\/\/www2.camara.leg.br\/legin\/fed\/lei\/2006\/lei-11340-7-agosto-2006-545133-norma-pl.html\">Lei Maria da Penha<\/a><\/li>\n<\/ul>\n<p>        A relatora, deputada Laura Carneiro (PSD-RJ), foi favor\u00e1vel \u00e0 medida, que consta no Projeto de Lei 2767\/25, dos deputados Maria do Ros\u00e1rio (PT-RS), Denise Pess\u00f4a (PT-RS), Franciane Bayer (Republicanos-RS), entre outros.<br \/>\n        A relatora afirmou que, ao equiparar a puni\u00e7\u00e3o ao feminic\u00eddio, o projeto preserva a simetria entre duas formas de viol\u00eancia: matar a mulher por ser mulher ou matar o filho para atingi-la.<br \/>\n        &#8220;Essa simetria tem impacto pr\u00e1tico na preven\u00e7\u00e3o geral, na preven\u00e7\u00e3o especial e na comunica\u00e7\u00e3o social de valores, pois refor\u00e7a que a vida das crian\u00e7as e a liberdade das mulheres n\u00e3o podem ser moeda de vingan\u00e7a patriarcal&#8221;, sustentou a relatora.<br \/>\n        <strong>Pr\u00f3ximos passos<\/strong><br \/>A proposta, que tramita em <span id=\"4322\" class=\"termoGlossario\" title=\"Rito de tramita\u00e7\u00e3o pelo qual o projeto \u00e9 votado apenas pelas comiss\u00f5es designadas para analis\u00e1-lo, dispensada a delibera\u00e7\u00e3o do Plen\u00e1rio. O projeto perde o car\u00e1ter conclusivo se houver decis\u00e3o divergente entre as comiss\u00f5es ou se, independentemente de ser aprovado ou rejeitado, houver recurso assinado por 52 deputados para a aprecia\u00e7\u00e3o da mat\u00e9ria no Plen\u00e1rio.\" contenteditable=\"false\" data-toggle=\"tooltip\" data-placement=\"top\">car\u00e1ter conclusivo<\/span>, ser\u00e1 analisada pela Comiss\u00e3o de Constitui\u00e7\u00e3o e Justi\u00e7a e de Cidadania. Para virar lei, precisa ser aprovada pela C\u00e2mara e pelo Senado.\n        <\/div>\n<p>        <a href=\"https:\/\/www.camara.leg.br\/noticias\/573454-SAIBA-MAIS-SOBRE-A-TRAMITACAO-DE-PROJETOS-DE-LEI\">Saiba mais sobre a tramita\u00e7\u00e3o de projetos de lei<\/a><\/p>\n<p style=\"font-size: 0.8rem; font-weight: 700;\">Reportagem \u2013 Emanuelle Brasil<br \/>Edi\u00e7\u00e3o \u2013 Ana Chalub<\/p>\n<\/p><\/div>\n<p><\/a><\/p>\n<p>Fonte: www.camara.leg.br<\/p>\n","protected":false},"excerpt":{"rendered":"<p>29\/09\/2025 &#8211; 17:36 \u00a0 Vinicius Loures\/C\u00e2mara dos Deputados Laura Carneiro, relatora da proposta na comiss\u00e3o A Comiss\u00e3o de Defesa dos Direitos da Mulher da C\u00e2mara dos Deputados aprovou proposta que inclui no\u00a0 C\u00f3digo Penal o crime de homic\u00eddio vic\u00e1rio. O crime \u00e9 definido como o ato de matar filho, enteado, tutelado ou outro descendente de [&hellip;]<\/p>\n","protected":false},"author":3,"featured_media":4715,"comment_status":"open","ping_status":"open","sticky":false,"template":"","format":"standard","meta":{"advanced_seo_description":"","jetpack_seo_html_title":"","jetpack_seo_noindex":false,"fifu_image_url":"https:\/\/www.camara.leg.br\/midias\/image\/2025\/09\/img20250923172701823-1-768x473.jpg","fifu_image_alt":"","_jetpack_memberships_contains_paid_content":false,"footnotes":"","jetpack_publicize_message":"","jetpack_publicize_feature_enabled":true,"jetpack_social_post_already_shared":true,"jetpack_social_options":{"image_generator_settings":{"template":"highway","default_image_id":0,"font":"","enabled":false},"version":2}},"categories":[106,1],"tags":[],"class_list":{"0":"post-4714","1":"post","2":"type-post","3":"status-publish","4":"format-standard","5":"has-post-thumbnail","7":"category-politica","8":"category-uncategorized"},"jetpack_publicize_connections":[],"jetpack_featured_media_url":"https:\/\/i0.wp.com\/www.camara.leg.br\/midias\/image\/2025\/09\/img20250923172701823-1-768x473.jpg?fit=%2C&ssl=1","jetpack_sharing_enabled":true,"jetpack-related-posts":[],"_links":{"self":[{"href":"https:\/\/friburgonoticias.com.br\/temp\/wp-json\/wp\/v2\/posts\/4714","targetHints":{"allow":["GET"]}}],"collection":[{"href":"https:\/\/friburgonoticias.com.br\/temp\/wp-json\/wp\/v2\/posts"}],"about":[{"href":"https:\/\/friburgonoticias.com.br\/temp\/wp-json\/wp\/v2\/types\/post"}],"author":[{"embeddable":true,"href":"https:\/\/friburgonoticias.com.br\/temp\/wp-json\/wp\/v2\/users\/3"}],"replies":[{"embeddable":true,"href":"https:\/\/friburgonoticias.com.br\/temp\/wp-json\/wp\/v2\/comments?post=4714"}],"version-history":[{"count":0,"href":"https:\/\/friburgonoticias.com.br\/temp\/wp-json\/wp\/v2\/posts\/4714\/revisions"}],"wp:featuredmedia":[{"embeddable":true,"href":"https:\/\/friburgonoticias.com.br\/temp\/wp-json\/wp\/v2\/media\/4715"}],"wp:attachment":[{"href":"https:\/\/friburgonoticias.com.br\/temp\/wp-json\/wp\/v2\/media?parent=4714"}],"wp:term":[{"taxonomy":"category","embeddable":true,"href":"https:\/\/friburgonoticias.com.br\/temp\/wp-json\/wp\/v2\/categories?post=4714"},{"taxonomy":"post_tag","embeddable":true,"href":"https:\/\/friburgonoticias.com.br\/temp\/wp-json\/wp\/v2\/tags?post=4714"}],"curies":[{"name":"wp","href":"https:\/\/api.w.org\/{rel}","templated":true}]}}