{"id":4722,"date":"2025-09-29T23:07:39","date_gmt":"2025-09-29T23:07:39","guid":{"rendered":"https:\/\/friburgonoticias.com.br\/temp\/2025\/09\/29\/pgr-pede-arquivamento-de-inquerito-que-levou-a-prisao-em-cpmi\/"},"modified":"2025-09-29T23:07:39","modified_gmt":"2025-09-29T23:07:39","slug":"pgr-pede-arquivamento-de-inquerito-que-levou-a-prisao-em-cpmi","status":"publish","type":"post","link":"https:\/\/friburgonoticias.com.br\/temp\/2025\/09\/29\/pgr-pede-arquivamento-de-inquerito-que-levou-a-prisao-em-cpmi\/","title":{"rendered":"PGR pede arquivamento de inqu\u00e9rito que levou \u00e0 pris\u00e3o em CPMI"},"content":{"rendered":"<p><\/p>\n<div id=\"hd80s9wa1h892edh8192\">\n        Nesta segunda-feira, 29, a <strong><a href=\"https:\/\/www.mpf.mp.br\/pgr\" target=\"_blank\" rel=\"noreferrer noopener\">Procuradoria-Geral da Rep\u00fablica (PGR)<\/a><\/strong> solicitou o arquivamento do inqu\u00e9rito que resultou na pris\u00e3o do empres\u00e1rio Rubens Oliveira Costa, acusado de mentir na durante o seu depoimento \u00e0 Comiss\u00e3o Parlamentar Mista de Inqu\u00e9rito (CPMI) do Instituto Nacional do Seguro Social (INSS). A deten\u00e7\u00e3o ocorreu na \u00faltima ter\u00e7a-feira, 23.<\/p>\n<p><strong>+ Leia mais not\u00edcias de <a href=\"https:\/\/revistaoeste.com\/politica\/\" target=\"_blank\" rel=\"noreferrer noopener\">Pol\u00edtica<\/a> em Oeste<\/strong><\/p>\n<p>A PGR defende que a pris\u00e3o n\u00e3o se sustenta juridicamente. De acordo com o Minist\u00e9rio P\u00fablico, Costa, que \u00e9 s\u00f3cio do \u201cCareca do INSS\u201d, embora convocado como testemunha, j\u00e1 figurava como investigado no inqu\u00e9rito principal. A investiga\u00e7\u00e3o \u00e9 referente \u00e0 Opera\u00e7\u00e3o Sem Desconto, que foi deflagrada pela Pol\u00edcia Federal e tramita no <strong><a href=\"https:\/\/portal.stf.jus.br\/\" target=\"_blank\" rel=\"noreferrer noopener\">Supremo Tribunal Federal (STF).<\/a><\/strong><\/p>\n<figure class=\"wp-block-embed is-type-video is-provider-youtube wp-block-embed-youtube wp-embed-aspect-16-9 wp-has-aspect-ratio\">\n<div class=\"wp-block-embed__wrapper\">\n<div class=\"perfmatters-lazy-youtube\" data-src=\"https:\/\/www.youtube.com\/embed\/tpMPOKsqG0A\" data-id=\"tpMPOKsqG0A\" data-query=\"feature=oembed\" onclick=\"perfmattersLazyLoadYouTube(this);\">\n<div><img loading=\"lazy\" decoding=\"async\" alt=\"YouTube video\" width=\"480\" height=\"360\" data-pin-nopin=\"true\" nopin=\"nopin\" class=\"perfmatters-lazy\" src=\"https:\/\/i.ytimg.com\/vi\/tpMPOKsqG0A\/hqdefault.jpg\"\/><img loading=\"lazy\" decoding=\"async\" src=\"https:\/\/i.ytimg.com\/vi\/tpMPOKsqG0A\/hqdefault.jpg\" alt=\"YouTube video\" width=\"480\" height=\"360\" data-pin-nopin=\"true\" nopin=\"nopin\"\/><\/div>\n<\/div>\n<p><noscript><iframe loading=\"lazy\" title=\"CARECA DO INSS NA MIRA DA CPMI - JORNAL DA OESTE - PRIMEIRA EDI\u00c7\u00c3O | 25\/09\/2025\" width=\"1170\" height=\"658\" src=\"https:\/\/www.youtube.com\/embed\/tpMPOKsqG0A?feature=oembed\" frameborder=\"0\" allow=\"accelerometer; autoplay; clipboard-write; encrypted-media; gyroscope; picture-in-picture; web-share\" referrerpolicy=\"strict-origin-when-cross-origin\" allowfullscreen><\/iframe><\/noscript>\n<\/div>\n<\/figure>\n<h2 class=\"wp-block-heading\" id=\"h-o-que-diz-o-presidente-da-cpmi\">O que diz o presidente da CPMI<\/h2>\n<p>O presidente da CPMI do INSS, senador Carlos Viana (Podemos-MG), afirmou que o colegiado tem uma investiga\u00e7\u00e3o al\u00e9m da que a PGR entregou ao STF. O parlamentar afirmou que a comiss\u00e3o entrar\u00e1 com recurso, caso o arquivamento seja aceito.<\/p>\n<p><strong><a href=\"https:\/\/revistaoeste.com\/politica\/cpmi-presidente-quer-explicacao-sobre-soltura-de-socio-do-careca-do-inss\/\" target=\"_blank\" rel=\"noreferrer noopener\">+ CPMI: presidente quer explica\u00e7\u00e3o sobre soltura de s\u00f3cio de \u2018Careca do INSS\u2019<\/a><\/strong><\/p>\n<p>\u201cA CPMI tem uma investiga\u00e7\u00e3o paralela\u201d, alertou Viana. \u201cO processo judicial l\u00e1 na Justi\u00e7a \u00e9 outra coisa. Vou pedir \u00e0 Advocacia <em>[do Senado]<\/em> para recorrer, mas \u00e9 um exemplo para voc\u00eas verem como que no Brasil, infelizmente, combater a corrup\u00e7\u00e3o \u00e9 um desafio que ultrapassa muitas vezes o que a gente pode at\u00e9 acreditar.\u201d<\/p>\n<blockquote class=\"wp-block-quote is-layout-flow wp-block-quote-is-layout-flow\">\n<p>Em nota oficial emitida pela comiss\u00e3o, Viana afirma que \u201ccolegiado tem plena consci\u00eancia do seu papel\u201d. \u201cEsta Comiss\u00e3o Parlamentar de Inqu\u00e9rito \u00e9 soberana no exerc\u00edcio de suas fun\u00e7\u00f5es constitucionais\u201d, cita o documento. \u201cCabe a n\u00f3s conduzir a investiga\u00e7\u00e3o, definir quem \u00e9 testemunha, quem \u00e9 investigado e dar sequ\u00eancia a todos os trabalhos com absoluta firmeza.\u201d<\/p>\n<\/blockquote>\n<p>A CPMI do INSS ouve ainda hoje o empres\u00e1rio Fernando dos Santos Andrade Cavalcanti e o presidente da Confedera\u00e7\u00e3o Nacional de Agricultores Familiares e Empreendedores Familiares Rurais, o pecuarista Carlos Roberto Ferreira Lopes.<\/p>\n<p><strong>Leia tamb\u00e9m: <a href=\"https:\/\/revistaoeste.com\/revista\/edicao-289\/a-cpmi-que-promete-expor-o-rombo-bilionario-no-inss\/\" target=\"_blank\" rel=\"noreferrer noopener\">\u201cA CPMI que promete expor o rombo bilion\u00e1rio do INSS\u201d<\/a>, reportagem publicada na Edi\u00e7\u00e3o 289 da Revista Oeste<\/strong><\/p><\/div>\n<p><\/a><\/p>\n<p>Fonte: revistaoeste.com<\/p>\n","protected":false},"excerpt":{"rendered":"<p>Nesta segunda-feira, 29, a Procuradoria-Geral da Rep\u00fablica (PGR) solicitou o arquivamento do inqu\u00e9rito que resultou na pris\u00e3o do empres\u00e1rio Rubens Oliveira Costa, acusado de mentir na durante o seu depoimento \u00e0 Comiss\u00e3o Parlamentar Mista de Inqu\u00e9rito (CPMI) do Instituto Nacional do Seguro Social (INSS). A deten\u00e7\u00e3o ocorreu na \u00faltima ter\u00e7a-feira, 23. + Leia mais not\u00edcias [&hellip;]<\/p>\n","protected":false},"author":3,"featured_media":4723,"comment_status":"open","ping_status":"open","sticky":false,"template":"","format":"standard","meta":{"advanced_seo_description":"","jetpack_seo_html_title":"","jetpack_seo_noindex":false,"fifu_image_url":"https:\/\/medias.revistaoeste.com\/wp-content\/uploads\/2025\/09\/cpmi-2.jpg","fifu_image_alt":"","_jetpack_memberships_contains_paid_content":false,"footnotes":"","jetpack_publicize_message":"","jetpack_publicize_feature_enabled":true,"jetpack_social_post_already_shared":true,"jetpack_social_options":{"image_generator_settings":{"template":"highway","default_image_id":0,"font":"","enabled":false},"version":2}},"categories":[106,1],"tags":[],"class_list":{"0":"post-4722","1":"post","2":"type-post","3":"status-publish","4":"format-standard","5":"has-post-thumbnail","7":"category-politica","8":"category-uncategorized"},"jetpack_publicize_connections":[],"jetpack_featured_media_url":"https:\/\/i0.wp.com\/medias.revistaoeste.com\/wp-content\/uploads\/2025\/09\/cpmi-2.jpg?fit=%2C&ssl=1","jetpack_sharing_enabled":true,"jetpack-related-posts":[],"_links":{"self":[{"href":"https:\/\/friburgonoticias.com.br\/temp\/wp-json\/wp\/v2\/posts\/4722","targetHints":{"allow":["GET"]}}],"collection":[{"href":"https:\/\/friburgonoticias.com.br\/temp\/wp-json\/wp\/v2\/posts"}],"about":[{"href":"https:\/\/friburgonoticias.com.br\/temp\/wp-json\/wp\/v2\/types\/post"}],"author":[{"embeddable":true,"href":"https:\/\/friburgonoticias.com.br\/temp\/wp-json\/wp\/v2\/users\/3"}],"replies":[{"embeddable":true,"href":"https:\/\/friburgonoticias.com.br\/temp\/wp-json\/wp\/v2\/comments?post=4722"}],"version-history":[{"count":0,"href":"https:\/\/friburgonoticias.com.br\/temp\/wp-json\/wp\/v2\/posts\/4722\/revisions"}],"wp:featuredmedia":[{"embeddable":true,"href":"https:\/\/friburgonoticias.com.br\/temp\/wp-json\/wp\/v2\/media\/4723"}],"wp:attachment":[{"href":"https:\/\/friburgonoticias.com.br\/temp\/wp-json\/wp\/v2\/media?parent=4722"}],"wp:term":[{"taxonomy":"category","embeddable":true,"href":"https:\/\/friburgonoticias.com.br\/temp\/wp-json\/wp\/v2\/categories?post=4722"},{"taxonomy":"post_tag","embeddable":true,"href":"https:\/\/friburgonoticias.com.br\/temp\/wp-json\/wp\/v2\/tags?post=4722"}],"curies":[{"name":"wp","href":"https:\/\/api.w.org\/{rel}","templated":true}]}}