{"id":4764,"date":"2025-09-30T21:51:09","date_gmt":"2025-09-30T21:51:09","guid":{"rendered":"https:\/\/friburgonoticias.com.br\/temp\/2025\/09\/30\/representantes-do-movimento-negro-apostam-no-papel-reparador-do-fundo-nacional-da-igualdade-racial-noticias\/"},"modified":"2025-09-30T21:51:09","modified_gmt":"2025-09-30T21:51:09","slug":"representantes-do-movimento-negro-apostam-no-papel-reparador-do-fundo-nacional-da-igualdade-racial-noticias","status":"publish","type":"post","link":"https:\/\/friburgonoticias.com.br\/temp\/2025\/09\/30\/representantes-do-movimento-negro-apostam-no-papel-reparador-do-fundo-nacional-da-igualdade-racial-noticias\/","title":{"rendered":"Representantes do movimento negro apostam no papel reparador do Fundo Nacional da Igualdade Racial &#8211; Not\u00edcias"},"content":{"rendered":"<p><\/p>\n<div>\n<p class=\"g-artigo__data-hora\">\n                      30\/09\/2025 &#8211; 17:14 \u00a0\n                    <\/p>\n<div id=\"image-container-1205939\" class=\"image-container\" style=\"float: none; margin: 45px 0px; width: 100%;\" data-midia=\"1205939\">\n        <em>Bruno Spada \/ C\u00e2mara dos Deputados<\/em><\/p>\n<p>        Debate ocorreu na comiss\u00e3o especial que analisa a proposta\n        <\/p><\/div>\n<p>        Representantes do movimento negro defenderam nesta ter\u00e7a-feira (30), em audi\u00eancia p\u00fablica na C\u00e2mara dos Deputados, a cria\u00e7\u00e3o do Fundo Nacional de Repara\u00e7\u00e3o Econ\u00f4mica e de Promo\u00e7\u00e3o da Igualdade Racial, previsto na <a class=\"linkProposicao\" href=\"https:\/\/www.camara.leg.br\/noticias\/1132602-pec-cria-fundo-de-r-20-bilhoes-para-promover-a-inclusao-social-de-brasileiros-pretos-e-pardos\">Proposta de Emenda \u00e0 Constitui\u00e7\u00e3o (PEC) 27\/24<\/a> e destinado a promover a igualdade de oportunidades e a inclus\u00e3o social de pretos e pardos no pa\u00eds.<br \/>\n        Ex-ministra da Secretaria de Pol\u00edticas de Promo\u00e7\u00e3o da Igualdade Racial no governo de Dilma Rousseff, a professora Nilma Gomes destacou o papel do fundo como reparador das consequ\u00eancias econ\u00f4micas da escravid\u00e3o no Brasil.<br \/>\n        \u201cEssa repara\u00e7\u00e3o econ\u00f4mica, de fato, em um pa\u00eds racista e desigual como \u00e9 o Brasil, vai precisar de muitos esfor\u00e7os, de muita articula\u00e7\u00e3o e de objetividade. E a possibilidade de constru\u00e7\u00e3o desse fundo \u00e9 um dos caminhos\u201d, disse.<br \/>\n        O debate foi proposto pelos deputados Benedita da Silva (PT-RJ) e Orlando Silva (PCdoB-SP), presidente e relator da comiss\u00e3o especial que analisa a proposta.<\/p>\n<p>        Pelo texto em an\u00e1lise na C\u00e2mara, o fundo ser\u00e1 privado, administrado por um banco p\u00fablico federal e ter\u00e1 um conselho consultivo. Ele financiar\u00e1 projetos de promo\u00e7\u00e3o cultural, social e econ\u00f4mica para brasileiros pretos e pardos. O governo federal se comprometer\u00e1 a destinar um m\u00ednimo de R$ 20 bilh\u00f5es (R$ 1 bilh\u00e3o por ano). Tamb\u00e9m haver\u00e1 recursos de doa\u00e7\u00f5es internacionais e outras fontes legais.<br \/>\n        Samuel Vida, que coordena o Programa Direito e Rela\u00e7\u00f5es Raciais na Universidade Federal da Bahia, disse que muitas conquistas normativas atuais &#8220;n\u00e3o s\u00e3o operacionalizadas plenamente&#8221; na pr\u00e1tica. Para ele, um dos problemas \u00e9 que estados e munic\u00edpios nem sempre acompanham o esfor\u00e7o federal no combate ao racismo.<br \/>\n        \u201cA PEC \u00e9 muito bem-vinda, porque ela avan\u00e7a para assegurar que, do ponto de vista material e or\u00e7ament\u00e1rio, seja poss\u00edvel traduzir em a\u00e7\u00f5es concretas as leis existentes\u201d, disse.<\/p>\n<div id=\"image-container-1205936\" class=\"image-container\" style=\"float: none; margin: 45px 0px; width: 100%;\" data-midia=\"1205936\">\n        <em>Bruno Spada \/ C\u00e2mara dos Deputados<\/em><\/p>\n<p>        Orlando Silva quer fortalecer o papel do conselho consultivo para garantir transpar\u00eancia ao fundo\n        <\/p><\/div>\n<p>        <strong>D\u00edvida hist\u00f3rica<\/strong><br \/>Diretor da Faculdade de Arquitetura, Artes e Comunica\u00e7\u00e3o (FAAC), da Unesp (SP), Juarez Xavier lembrou que o Estado moderno brasileiro se baseou na subcidadania e segrega\u00e7\u00e3o racial, o que historicamente impediu a popula\u00e7\u00e3o negra de acessar recursos econ\u00f4micos, sociais, culturais e pol\u00edticos, al\u00e9m de educa\u00e7\u00e3o e territ\u00f3rio.<br \/>\n        H\u00e9lio Santos, professor e consultor de Responsabilidade Social Corporativa, usou dados para ilustrar o que chamou de &#8220;racismo inercial&#8221;, explicando que este tipo de racismo &#8220;est\u00e1 no piloto autom\u00e1tico da sociedade&#8221; e funciona sem a necessidade de novas a\u00e7\u00f5es.<br \/>\n        Santos apresentou um dado alarmante: no ritmo atual, a igualdade de rendimentos entre brancos e negros s\u00f3 ser\u00e1 alcan\u00e7ada em daqui a 376 anos (em 2399). Ele sugeriu que o fundo receba contribui\u00e7\u00f5es tamb\u00e9m de estados e munic\u00edpios.<br \/>\n        O relator da PEC, deputado Orlando Silva, concluiu que as contribui\u00e7\u00f5es refor\u00e7am a urg\u00eancia de medidas reparat\u00f3rias para a popula\u00e7\u00e3o negra e reconhecem a d\u00edvida hist\u00f3rica do Estado brasileiro.<br \/>\n        Ele destacou a import\u00e2ncia de debater a inclus\u00e3o de estados e munic\u00edpios nas contribui\u00e7\u00f5es, al\u00e9m da Uni\u00e3o, para ampliar a responsabilidade. E prop\u00f4s ainda fortalecer o papel do conselho consultivo para garantir transpar\u00eancia e a participa\u00e7\u00e3o da sociedade civil no monitoramento do uso dos recursos.<\/p>\n<p style=\"font-size: 0.8rem; font-weight: 700;\">Reportagem \u2013 Murilo Souza <br \/>Edi\u00e7\u00e3o \u2013 Ge\u00f3rgia Moraes<\/p>\n<\/p><\/div>\n<p><\/a><\/p>\n<p>Fonte: www.camara.leg.br<\/p>\n","protected":false},"excerpt":{"rendered":"<p>30\/09\/2025 &#8211; 17:14 \u00a0 Bruno Spada \/ C\u00e2mara dos Deputados Debate ocorreu na comiss\u00e3o especial que analisa a proposta Representantes do movimento negro defenderam nesta ter\u00e7a-feira (30), em audi\u00eancia p\u00fablica na C\u00e2mara dos Deputados, a cria\u00e7\u00e3o do Fundo Nacional de Repara\u00e7\u00e3o Econ\u00f4mica e de Promo\u00e7\u00e3o da Igualdade Racial, previsto na Proposta de Emenda \u00e0 Constitui\u00e7\u00e3o [&hellip;]<\/p>\n","protected":false},"author":3,"featured_media":4765,"comment_status":"open","ping_status":"open","sticky":false,"template":"","format":"standard","meta":{"advanced_seo_description":"","jetpack_seo_html_title":"","jetpack_seo_noindex":false,"fifu_image_url":"https:\/\/www.camara.leg.br\/midias\/image\/2025\/09\/img20250930153653893-768x473.jpg","fifu_image_alt":"","_jetpack_memberships_contains_paid_content":false,"footnotes":"","jetpack_publicize_message":"","jetpack_publicize_feature_enabled":true,"jetpack_social_post_already_shared":true,"jetpack_social_options":{"image_generator_settings":{"template":"highway","default_image_id":0,"font":"","enabled":false},"version":2}},"categories":[106,1],"tags":[],"class_list":{"0":"post-4764","1":"post","2":"type-post","3":"status-publish","4":"format-standard","5":"has-post-thumbnail","7":"category-politica","8":"category-uncategorized"},"jetpack_publicize_connections":[],"jetpack_featured_media_url":"https:\/\/i0.wp.com\/www.camara.leg.br\/midias\/image\/2025\/09\/img20250930153653893-768x473.jpg?fit=%2C&ssl=1","jetpack_sharing_enabled":true,"jetpack-related-posts":[],"_links":{"self":[{"href":"https:\/\/friburgonoticias.com.br\/temp\/wp-json\/wp\/v2\/posts\/4764","targetHints":{"allow":["GET"]}}],"collection":[{"href":"https:\/\/friburgonoticias.com.br\/temp\/wp-json\/wp\/v2\/posts"}],"about":[{"href":"https:\/\/friburgonoticias.com.br\/temp\/wp-json\/wp\/v2\/types\/post"}],"author":[{"embeddable":true,"href":"https:\/\/friburgonoticias.com.br\/temp\/wp-json\/wp\/v2\/users\/3"}],"replies":[{"embeddable":true,"href":"https:\/\/friburgonoticias.com.br\/temp\/wp-json\/wp\/v2\/comments?post=4764"}],"version-history":[{"count":0,"href":"https:\/\/friburgonoticias.com.br\/temp\/wp-json\/wp\/v2\/posts\/4764\/revisions"}],"wp:featuredmedia":[{"embeddable":true,"href":"https:\/\/friburgonoticias.com.br\/temp\/wp-json\/wp\/v2\/media\/4765"}],"wp:attachment":[{"href":"https:\/\/friburgonoticias.com.br\/temp\/wp-json\/wp\/v2\/media?parent=4764"}],"wp:term":[{"taxonomy":"category","embeddable":true,"href":"https:\/\/friburgonoticias.com.br\/temp\/wp-json\/wp\/v2\/categories?post=4764"},{"taxonomy":"post_tag","embeddable":true,"href":"https:\/\/friburgonoticias.com.br\/temp\/wp-json\/wp\/v2\/tags?post=4764"}],"curies":[{"name":"wp","href":"https:\/\/api.w.org\/{rel}","templated":true}]}}