{"id":4780,"date":"2025-10-01T18:13:03","date_gmt":"2025-10-01T18:13:03","guid":{"rendered":"https:\/\/friburgonoticias.com.br\/temp\/2025\/10\/01\/comissao-de-constituicao-e-justica-aprova-permissao-para-propaganda-eleitoral-em-duas-linguas-noticias\/"},"modified":"2025-10-01T18:13:03","modified_gmt":"2025-10-01T18:13:03","slug":"comissao-de-constituicao-e-justica-aprova-permissao-para-propaganda-eleitoral-em-duas-linguas-noticias","status":"publish","type":"post","link":"https:\/\/friburgonoticias.com.br\/temp\/2025\/10\/01\/comissao-de-constituicao-e-justica-aprova-permissao-para-propaganda-eleitoral-em-duas-linguas-noticias\/","title":{"rendered":"Comiss\u00e3o de Constitui\u00e7\u00e3o e Justi\u00e7a aprova permiss\u00e3o para propaganda eleitoral em duas l\u00ednguas &#8211; Not\u00edcias"},"content":{"rendered":"<p><\/p>\n<div>\n<div>\n<p class=\"g-artigo__data-hora\">\n                      01\/10\/2025 &#8211; 14:43 \u00a0\n                    <\/p>\n<div id=\"image-container-1206419\" class=\"image-container\" style=\"float: none; margin: 45px 0px; width: 100%;\" data-midia=\"1206419\">\n        <em>Kayo Magalh\u00e3es \/ C\u00e2mara dos Deputados<\/em><\/p>\n<p>        Duda: propaganda deve ser compreendida por todos os eleitores\n        <\/p><\/div>\n<p>        A Comiss\u00e3o de Constitui\u00e7\u00e3o e Justi\u00e7a e de Cidadania (CCJ) da C\u00e2mara dos Deputados aprovou projeto de lei que altera o <a href=\"https:\/\/www2.camara.leg.br\/legin\/fed\/lei\/1960-1969\/lei-4737-15-julho-1965-356297-publicacaooriginal-1-pl.html\">C\u00f3digo Eleitoral<\/a> para autorizar a realiza\u00e7\u00e3o de propaganda eleitoral em duas l\u00ednguas, desde que uma delas seja o portugu\u00eas.<br \/>\n        O texto aprovado \u00e9 a vers\u00e3o da relatora, deputada Duda Salabert (PDT-MG), para o <a class=\"linkProposicao\" href=\"https:\/\/www.camara.leg.br\/noticias\/1174174-proposta-preve-propaganda-eleitoral-em-duas-linguas\">Projeto de Lei 4581\/23<\/a>, da deputada Tabata Amaral (PSB-SP). A relatora manteve o objetivo da proposta de incluir ind\u00edgenas e imigrantes que n\u00e3o falam portugu\u00eas, mas fez ajustes na reda\u00e7\u00e3o.<\/p>\n<p>        \u201cSe h\u00e1 brasileiros alistados como eleitores que podem eventualmente n\u00e3o compreender o vern\u00e1culo, \u00e9 leg\u00edtimo que a propaganda eleitoral possa ser veiculada em outra l\u00edngua que n\u00e3o a oficial\u201d, afirmou Duda Salabert.<br \/>\n        \u201cA proposta surge como uma maneira de promover a inclus\u00e3o democr\u00e1tica de popula\u00e7\u00f5es ind\u00edgenas e imigrantes que n\u00e3o dominam o idioma portugu\u00eas\u201d, disse Tabata Amaral.<br \/>\n        Segundo ela, o Censo 2022 mostra que mais de 100 mil ind\u00edgenas no Brasil n\u00e3o falam o portugu\u00eas. \u201cInd\u00edgenas e imigrantes que n\u00e3o se comunicam em portugu\u00eas ficam \u00e0 margem do processo pol\u00edtico devido \u00e0 barreira lingu\u00edstica\u201d, comentou a autora do texto original.<br \/>\n        <strong>Pr\u00f3ximos passos<\/strong><br \/>O projeto seguir\u00e1 agora para an\u00e1lise do Plen\u00e1rio. Para virar lei, ter\u00e1 de ser aprovado pela C\u00e2mara e pelo Senado.<\/p>\n<p style=\"font-size: 0.8rem; font-weight: 700;\">Da Reportagem\/RM<br \/>Edi\u00e7\u00e3o \u2013 Marcelo Oliveira<\/p>\n<\/p><\/div>\n<\/p><\/div>\n<p><\/a><\/p>\n<p>Fonte: www.camara.leg.br<\/p>\n","protected":false},"excerpt":{"rendered":"<p>01\/10\/2025 &#8211; 14:43 \u00a0 Kayo Magalh\u00e3es \/ C\u00e2mara dos Deputados Duda: propaganda deve ser compreendida por todos os eleitores A Comiss\u00e3o de Constitui\u00e7\u00e3o e Justi\u00e7a e de Cidadania (CCJ) da C\u00e2mara dos Deputados aprovou projeto de lei que altera o C\u00f3digo Eleitoral para autorizar a realiza\u00e7\u00e3o de propaganda eleitoral em duas l\u00ednguas, desde que uma [&hellip;]<\/p>\n","protected":false},"author":3,"featured_media":4781,"comment_status":"open","ping_status":"open","sticky":false,"template":"","format":"standard","meta":{"advanced_seo_description":"","jetpack_seo_html_title":"","jetpack_seo_noindex":false,"fifu_image_url":"https:\/\/www.camara.leg.br\/midias\/image\/2025\/10\/img20250925111839073-768x473.jpg","fifu_image_alt":"","_jetpack_memberships_contains_paid_content":false,"footnotes":"","jetpack_publicize_message":"","jetpack_publicize_feature_enabled":true,"jetpack_social_post_already_shared":true,"jetpack_social_options":{"image_generator_settings":{"template":"highway","default_image_id":0,"font":"","enabled":false},"version":2}},"categories":[107],"tags":[],"class_list":{"0":"post-4780","1":"post","2":"type-post","3":"status-publish","4":"format-standard","5":"has-post-thumbnail","7":"category-economia"},"jetpack_publicize_connections":[],"jetpack_featured_media_url":"https:\/\/i0.wp.com\/www.camara.leg.br\/midias\/image\/2025\/10\/img20250925111839073-768x473.jpg?fit=%2C&ssl=1","jetpack_sharing_enabled":true,"jetpack-related-posts":[],"_links":{"self":[{"href":"https:\/\/friburgonoticias.com.br\/temp\/wp-json\/wp\/v2\/posts\/4780","targetHints":{"allow":["GET"]}}],"collection":[{"href":"https:\/\/friburgonoticias.com.br\/temp\/wp-json\/wp\/v2\/posts"}],"about":[{"href":"https:\/\/friburgonoticias.com.br\/temp\/wp-json\/wp\/v2\/types\/post"}],"author":[{"embeddable":true,"href":"https:\/\/friburgonoticias.com.br\/temp\/wp-json\/wp\/v2\/users\/3"}],"replies":[{"embeddable":true,"href":"https:\/\/friburgonoticias.com.br\/temp\/wp-json\/wp\/v2\/comments?post=4780"}],"version-history":[{"count":0,"href":"https:\/\/friburgonoticias.com.br\/temp\/wp-json\/wp\/v2\/posts\/4780\/revisions"}],"wp:featuredmedia":[{"embeddable":true,"href":"https:\/\/friburgonoticias.com.br\/temp\/wp-json\/wp\/v2\/media\/4781"}],"wp:attachment":[{"href":"https:\/\/friburgonoticias.com.br\/temp\/wp-json\/wp\/v2\/media?parent=4780"}],"wp:term":[{"taxonomy":"category","embeddable":true,"href":"https:\/\/friburgonoticias.com.br\/temp\/wp-json\/wp\/v2\/categories?post=4780"},{"taxonomy":"post_tag","embeddable":true,"href":"https:\/\/friburgonoticias.com.br\/temp\/wp-json\/wp\/v2\/tags?post=4780"}],"curies":[{"name":"wp","href":"https:\/\/api.w.org\/{rel}","templated":true}]}}