{"id":4782,"date":"2025-10-01T19:33:04","date_gmt":"2025-10-01T19:33:04","guid":{"rendered":"https:\/\/friburgonoticias.com.br\/temp\/2025\/10\/01\/prevencao-a-desastres-e-incendios-no-rio-pode-ter-fundo-de-r-300-milhoes\/"},"modified":"2025-10-01T19:33:04","modified_gmt":"2025-10-01T19:33:04","slug":"prevencao-a-desastres-e-incendios-no-rio-pode-ter-fundo-de-r-300-milhoes","status":"publish","type":"post","link":"https:\/\/friburgonoticias.com.br\/temp\/2025\/10\/01\/prevencao-a-desastres-e-incendios-no-rio-pode-ter-fundo-de-r-300-milhoes\/","title":{"rendered":"Preven\u00e7\u00e3o a desastres e inc\u00eandios no Rio pode ter fundo de R$ 300 milh\u00f5es"},"content":{"rendered":"<p><\/p>\n<div itemprop=\"articleBody\">\nDesastres e inc\u00eandios podem ganhar refor\u00e7o or\u00e7ament\u00e1rio para preven\u00e7\u00e3o. A Assembleia Legislativa (Alerj) aprovou, na tarde desta quarta-feira (01), em primeira vota\u00e7\u00e3o, a Proposta de Emenda Constitucional (PEC), de autoria dos deputados Luiz Paulo (PSD) e Lucinha (PSD), que cria o Fundo Estadual de Investimentos e A\u00e7\u00f5es de Preven\u00e7\u00e3o a Inc\u00eandios, Desastres Clim\u00e1ticos e Defesa Civil.<\/p>\n<p>O novo fundo tem como objetivo garantir a execu\u00e7\u00e3o de programas, projetos e a\u00e7\u00f5es voltados ao enfrentamento das mudan\u00e7as clim\u00e1ticas, buscando a sustentabilidade ambiental, com foco na preven\u00e7\u00e3o, prote\u00e7\u00e3o e mitiga\u00e7\u00e3o de cat\u00e1strofes, especialmente em \u00e1reas de risco.<\/p>\n<h2 class=\"wp-block-heading\">Fundo pretende usar recursos do pr\u00e9-sal para a preven\u00e7\u00e3o de desastres<\/h2>\n<p>Pela PEC, o fundo vai receber 2% dos <a href=\"https:\/\/temporealrj.com\/empresa-britanica-bp-anuncia-grande-descoberta-de-petroleo-na-bacia-de-santos\/\">recursos do pr\u00e9-sal<\/a> destinados ao Fundo Estadual de Conserva\u00e7\u00e3o Ambiental e Desenvolvimento Urbano (Fecam).<\/p>\n<p>\u201cEstamos vivendo um per\u00edodo de mudan\u00e7as clim\u00e1ticas, com grandes trag\u00e9dias. Ent\u00e3o, \u00e9 preciso preven\u00e7\u00e3o e a\u00e7\u00e3o. Precisamos dotar a Defesa Civil de equipamentos com a\u00e7\u00f5es preventivas. Hoje em dia, ela \u00e9 a ponta de lan\u00e7a das quest\u00f5es ambientais\u201d, disse. <\/p>\n<p>O parlamentar tamb\u00e9m ressaltou que a proposta busca evitar o esvaziamento da Defesa Civil, porque o Supremo Tribunal Federal (STF) estava julgando a a\u00e7\u00e3o direta de inconstitucionalidade da taxa de inc\u00eandio.<\/p>\n<p>\u201cEnt\u00e3o, resolvemos, por causa das mudan\u00e7as clim\u00e1ticas e essa quest\u00e3o, criar uma PEC em cima dos recursos derivados dos royalties e das participa\u00e7\u00f5es especiais. Isso destina 2% do Fecam para este fundo, o que vai dar, aproximadamente, um pouquinho mais de R$ 300 milh\u00f5es\u201d, estimou Luiz Paulo).<\/p>\n<p>O deputado refor\u00e7ou que um sistema de defesa civil tamb\u00e9m precisa da participa\u00e7\u00e3o ativa dos 92 munic\u00edpios, lembrando que a maioria n\u00e3o tem recursos para implantar medidas preventivas.<\/p>\n<\/div>\n<p><\/a><\/p>\n<p>Fonte: temporealrj.com<\/p>\n","protected":false},"excerpt":{"rendered":"<p>Desastres e inc\u00eandios podem ganhar refor\u00e7o or\u00e7ament\u00e1rio para preven\u00e7\u00e3o. A Assembleia Legislativa (Alerj) aprovou, na tarde desta quarta-feira (01), em primeira vota\u00e7\u00e3o, a Proposta de Emenda Constitucional (PEC), de autoria dos deputados Luiz Paulo (PSD) e Lucinha (PSD), que cria o Fundo Estadual de Investimentos e A\u00e7\u00f5es de Preven\u00e7\u00e3o a Inc\u00eandios, Desastres Clim\u00e1ticos e Defesa [&hellip;]<\/p>\n","protected":false},"author":3,"featured_media":4783,"comment_status":"open","ping_status":"open","sticky":false,"template":"","format":"standard","meta":{"advanced_seo_description":"","jetpack_seo_html_title":"","jetpack_seo_noindex":false,"fifu_image_url":"https:\/\/temporealrj.com\/wp-content\/uploads\/2025\/10\/WhatsApp-Image-2025-10-01-at-15.22.51-e1759345124838.jpeg","fifu_image_alt":"","_jetpack_memberships_contains_paid_content":false,"footnotes":"","jetpack_publicize_message":"","jetpack_publicize_feature_enabled":true,"jetpack_social_post_already_shared":true,"jetpack_social_options":{"image_generator_settings":{"template":"highway","default_image_id":0,"font":"","enabled":false},"version":2}},"categories":[107],"tags":[],"class_list":{"0":"post-4782","1":"post","2":"type-post","3":"status-publish","4":"format-standard","5":"has-post-thumbnail","7":"category-economia"},"jetpack_publicize_connections":[],"jetpack_featured_media_url":"https:\/\/i0.wp.com\/temporealrj.com\/wp-content\/uploads\/2025\/10\/WhatsApp-Image-2025-10-01-at-15.22.51-e1759345124838.jpeg?fit=%2C&ssl=1","jetpack_sharing_enabled":true,"jetpack-related-posts":[],"_links":{"self":[{"href":"https:\/\/friburgonoticias.com.br\/temp\/wp-json\/wp\/v2\/posts\/4782","targetHints":{"allow":["GET"]}}],"collection":[{"href":"https:\/\/friburgonoticias.com.br\/temp\/wp-json\/wp\/v2\/posts"}],"about":[{"href":"https:\/\/friburgonoticias.com.br\/temp\/wp-json\/wp\/v2\/types\/post"}],"author":[{"embeddable":true,"href":"https:\/\/friburgonoticias.com.br\/temp\/wp-json\/wp\/v2\/users\/3"}],"replies":[{"embeddable":true,"href":"https:\/\/friburgonoticias.com.br\/temp\/wp-json\/wp\/v2\/comments?post=4782"}],"version-history":[{"count":0,"href":"https:\/\/friburgonoticias.com.br\/temp\/wp-json\/wp\/v2\/posts\/4782\/revisions"}],"wp:featuredmedia":[{"embeddable":true,"href":"https:\/\/friburgonoticias.com.br\/temp\/wp-json\/wp\/v2\/media\/4783"}],"wp:attachment":[{"href":"https:\/\/friburgonoticias.com.br\/temp\/wp-json\/wp\/v2\/media?parent=4782"}],"wp:term":[{"taxonomy":"category","embeddable":true,"href":"https:\/\/friburgonoticias.com.br\/temp\/wp-json\/wp\/v2\/categories?post=4782"},{"taxonomy":"post_tag","embeddable":true,"href":"https:\/\/friburgonoticias.com.br\/temp\/wp-json\/wp\/v2\/tags?post=4782"}],"curies":[{"name":"wp","href":"https:\/\/api.w.org\/{rel}","templated":true}]}}