{"id":4796,"date":"2025-10-02T13:02:47","date_gmt":"2025-10-02T13:02:47","guid":{"rendered":"https:\/\/friburgonoticias.com.br\/temp\/2025\/10\/02\/hugo-motta-destaca-acoes-implementadas-para-modernizar-a-camara-e-aproximar-o-cidadao-noticias\/"},"modified":"2025-10-02T13:02:47","modified_gmt":"2025-10-02T13:02:47","slug":"hugo-motta-destaca-acoes-implementadas-para-modernizar-a-camara-e-aproximar-o-cidadao-noticias","status":"publish","type":"post","link":"https:\/\/friburgonoticias.com.br\/temp\/2025\/10\/02\/hugo-motta-destaca-acoes-implementadas-para-modernizar-a-camara-e-aproximar-o-cidadao-noticias\/","title":{"rendered":"Hugo Motta destaca a\u00e7\u00f5es implementadas para modernizar a C\u00e2mara e aproximar o cidad\u00e3o &#8211; Not\u00edcias"},"content":{"rendered":"<p><\/p>\n<div>\n<p class=\"g-artigo__data-hora\">\n                      02\/10\/2025 &#8211; 09:41 \u00a0\n                    <\/p>\n<div id=\"video-container-1206784\" class=\"embed-responsive embed-responsive-16by9\" style=\"margin-bottom: 18px;\" data-youtube-id=\"3NY2O7dNIbk\">\n        <em>YouTube<\/em><br \/>\n        <iframe loading=\"lazy\" title=\"Hugo Motta destaca a\u00e7\u00f5es da Presid\u00eancia da Casa voltadas ao fortalecimento institucional - 01\/10\/25\" width=\"1170\" height=\"658\" src=\"https:\/\/www.youtube.com\/embed\/3NY2O7dNIbk?feature=oembed\" frameborder=\"0\" allow=\"accelerometer; autoplay; clipboard-write; encrypted-media; gyroscope; picture-in-picture; web-share\" referrerpolicy=\"strict-origin-when-cross-origin\" allowfullscreen><\/iframe><\/p><\/div>\n<p>        \u00a0<br \/>\n        Na quarta-feira (1\u00ba), ao encerrar a sess\u00e3o do Plen\u00e1rio, o presidente da C\u00e2mara dos Deputados, deputado Hugo Motta (Republicanos-PB), destacou algumas a\u00e7\u00f5es implementadas para fortalecer a institui\u00e7\u00e3o e aproxim\u00e1-la da sociedade. \u201cEssa presid\u00eancia quer deixar um legado de modernidade, tecnologia e efici\u00eancia, al\u00e9m de ressaltar nosso valor para o futuro do pa\u00eds.\u201d<br \/>\n        Motta lembrou que, na semana passada, <a href=\"https:\/\/www.camara.leg.br\/noticias\/1203268-camara-dos-deputados-da-inicio-as-comemoracoes-dos-seus-200-anos\/\">foram inauguradas as comemora\u00e7\u00f5es dos 200 anos da C\u00e2mara dos Deputados<\/a>. &#8220;Um marco important\u00edssimo para reafirmarmos nossa import\u00e2ncia hist\u00f3rica e criarmos condi\u00e7\u00f5es para avan\u00e7ar\u201d, disse.<br \/>\n        Em seguida, o presidente citou as a\u00e7\u00f5es implementadas em v\u00e1rias \u00e1reas.<br \/>\n        No setor de comunica\u00e7\u00e3o:<\/p>\n<ul>\n<li><strong>Novo est\u00fadio da TV C\u00e2mara<\/strong>: espa\u00e7o reformulado, com recursos modernos e mais interatividade;<\/li>\n<li><strong>Est\u00fadio de Vidro<\/strong>: espa\u00e7o multim\u00eddia constru\u00eddo no anexo 2 para grava\u00e7\u00f5es da TV C\u00e2mara, R\u00e1dio C\u00e2mara e redes sociais;<\/li>\n<li><strong>Programa C\u00e2mara pelo Brasil<\/strong>: iniciativa que vai aproximar a C\u00e2mara de autoridades, sociedade civil e setor produtivo em todas as regi\u00f5es;<\/li>\n<li><strong>Portal da C\u00e2mara<\/strong>: elabora\u00e7\u00e3o de estudos para reformular o site, inspirado no modelo da prefeitura do Recife, com foco em servi\u00e7os ao cidad\u00e3o; e<\/li>\n<li><strong>App C\u00e2mara dos Deputados<\/strong>: elabora\u00e7\u00e3o de um aplicativo para facilitar o acesso a servi\u00e7os e informa\u00e7\u00f5es.<\/li>\n<\/ul>\n<p>        No setor de infraestrutura:<\/p>\n<ul>\n<li><strong>Reformas<\/strong>: revitaliza\u00e7\u00e3o do corredor principal das comiss\u00f5es e elabora\u00e7\u00e3o de um estudo para modernizar o Plen\u00e1rio, com nova ilumina\u00e7\u00e3o e \u00e1rea expositiva;<\/li>\n<li><strong>Espa\u00e7o do Visitante<\/strong>: cria\u00e7\u00e3o de um local com atra\u00e7\u00f5es que valorizem a experi\u00eancia de quem vem ao Parlamento;<\/li>\n<li><strong>Seguran\u00e7a<\/strong>: elabora\u00e7\u00e3o de estudo para contratar um sistema integrado de controle de acesso e seguran\u00e7a;<\/li>\n<li><strong>AppLeg: <\/strong>lan\u00e7amento do aplicativo que j\u00e1 permite assinatura eletr\u00f4nica de documentos;<\/li>\n<li><strong>Moderniza\u00e7\u00e3o<\/strong>: reorganiza\u00e7\u00e3o da estrutura administrativa para reduzir burocracia e dar mais efici\u00eancia; e<\/li>\n<li><strong>Contrata\u00e7\u00e3o de pessoal<\/strong>: autoriza\u00e7\u00e3o para realiza\u00e7\u00e3o de concurso p\u00fablico para repor cargos estrat\u00e9gicos.<\/li>\n<\/ul>\n<p>        No setor de gest\u00e3o de pessoal:<\/p>\n<ul>\n<li><strong>Departamento de Sa\u00fade: <\/strong>amplia\u00e7\u00e3o de especialidades m\u00e9dicas e permiss\u00e3o para terceirizar parte dos servi\u00e7os de apoio para dar mais agilidade aos atendimentos; e<\/li>\n<li><strong>Ulisses Chat: <\/strong>elabora\u00e7\u00e3o do sistema de intelig\u00eancia artificial que ajudar\u00e1 em v\u00e1rios servi\u00e7os internos.<\/li>\n<\/ul>\n<p>        No setor de apoio ao trabalho parlamentar:<\/p>\n<ul>\n<li><strong>Plenarinho<\/strong>: elabora\u00e7\u00e3o de proposta para revitalizar o programa educativo voltado para crian\u00e7as; e<\/li>\n<li><strong>Departamento de Apoio Parlamentar<\/strong>: estudo para fortalecer o setor, investimento em capacita\u00e7\u00e3o de assessores, com treinamentos em comunica\u00e7\u00e3o digital, intelig\u00eancia artificial, processos legislativos e outros sistemas da Casa.<\/li>\n<\/ul>\n<p>        &#8220;S\u00e3o apenas alguns exemplos de a\u00e7\u00f5es j\u00e1 realizadas nesses primeiros meses de gest\u00e3o. N\u00e3o paramos aqui. Outras iniciativas ainda est\u00e3o por vir&#8221;, adiantou Hugo Motta.<br \/>\n        <strong>Imposto de Renda<br \/><\/strong>O presidente da C\u00e2mara tamb\u00e9m comemorou a <a href=\"https:\/\/www.camara.leg.br\/noticias\/1206672-camara-aprova-projeto-que-isenta-do-imposto-de-renda-quem-ganha-ate-r-5-mil-por-mes\/\">aprova\u00e7\u00e3o do Projeto de Lei 1087\/25<\/a>, que isenta quem ganha at\u00e9 R$ 5 mil mensais de Imposto de Renda das Pessoas F\u00edsicas.<\/p>\n<p>        &#8220;Para que esse projeto se tornasse realidade, foi fundamental uma intensa e cuidadosa articula\u00e7\u00e3o pol\u00edtica&#8221;, disse Motta. &#8220;Trabalhamos incansavelmente, garantindo di\u00e1logo construtivo para superar diverg\u00eancias e encontrar um consenso.&#8221;<br \/>\n        A aprova\u00e7\u00e3o da isen\u00e7\u00e3o, segundo o presidente, &#8220;\u00e9 a prova de que, com lideran\u00e7a firme, responsabilidade e capacidade de articula\u00e7\u00e3o, o Congresso Nacional \u00e9 capaz de promover mudan\u00e7as que impactam positivamente a vida de todos&#8221;.<\/p>\n<p style=\"font-size: 0.8rem; font-weight: 700;\">Da Reda\u00e7\u00e3o \u2013 ND<br \/>Edi\u00e7\u00e3o \u2013 Marcelo Oliveira<\/p>\n<\/p><\/div>\n<p><\/a><\/p>\n<p>Fonte: www.camara.leg.br<\/p>\n","protected":false},"excerpt":{"rendered":"<p>02\/10\/2025 &#8211; 09:41 \u00a0 YouTube \u00a0 Na quarta-feira (1\u00ba), ao encerrar a sess\u00e3o do Plen\u00e1rio, o presidente da C\u00e2mara dos Deputados, deputado Hugo Motta (Republicanos-PB), destacou algumas a\u00e7\u00f5es implementadas para fortalecer a institui\u00e7\u00e3o e aproxim\u00e1-la da sociedade. \u201cEssa presid\u00eancia quer deixar um legado de modernidade, tecnologia e efici\u00eancia, al\u00e9m de ressaltar nosso valor para o [&hellip;]<\/p>\n","protected":false},"author":3,"featured_media":4797,"comment_status":"open","ping_status":"open","sticky":false,"template":"","format":"standard","meta":{"advanced_seo_description":"","jetpack_seo_html_title":"","jetpack_seo_noindex":false,"fifu_image_url":"https:\/\/www.camara.leg.br\/tema\/assets\/images\/imagens-compartilhamento\/noticias.jpg","fifu_image_alt":"","_jetpack_memberships_contains_paid_content":false,"footnotes":"","jetpack_publicize_message":"","jetpack_publicize_feature_enabled":true,"jetpack_social_post_already_shared":true,"jetpack_social_options":{"image_generator_settings":{"template":"highway","default_image_id":0,"font":"","enabled":false},"version":2}},"categories":[107],"tags":[],"class_list":{"0":"post-4796","1":"post","2":"type-post","3":"status-publish","4":"format-standard","5":"has-post-thumbnail","7":"category-economia"},"jetpack_publicize_connections":[],"jetpack_featured_media_url":"https:\/\/i0.wp.com\/www.camara.leg.br\/tema\/assets\/images\/imagens-compartilhamento\/noticias.jpg?fit=%2C&ssl=1","jetpack_sharing_enabled":true,"jetpack-related-posts":[],"_links":{"self":[{"href":"https:\/\/friburgonoticias.com.br\/temp\/wp-json\/wp\/v2\/posts\/4796","targetHints":{"allow":["GET"]}}],"collection":[{"href":"https:\/\/friburgonoticias.com.br\/temp\/wp-json\/wp\/v2\/posts"}],"about":[{"href":"https:\/\/friburgonoticias.com.br\/temp\/wp-json\/wp\/v2\/types\/post"}],"author":[{"embeddable":true,"href":"https:\/\/friburgonoticias.com.br\/temp\/wp-json\/wp\/v2\/users\/3"}],"replies":[{"embeddable":true,"href":"https:\/\/friburgonoticias.com.br\/temp\/wp-json\/wp\/v2\/comments?post=4796"}],"version-history":[{"count":0,"href":"https:\/\/friburgonoticias.com.br\/temp\/wp-json\/wp\/v2\/posts\/4796\/revisions"}],"wp:featuredmedia":[{"embeddable":true,"href":"https:\/\/friburgonoticias.com.br\/temp\/wp-json\/wp\/v2\/media\/4797"}],"wp:attachment":[{"href":"https:\/\/friburgonoticias.com.br\/temp\/wp-json\/wp\/v2\/media?parent=4796"}],"wp:term":[{"taxonomy":"category","embeddable":true,"href":"https:\/\/friburgonoticias.com.br\/temp\/wp-json\/wp\/v2\/categories?post=4796"},{"taxonomy":"post_tag","embeddable":true,"href":"https:\/\/friburgonoticias.com.br\/temp\/wp-json\/wp\/v2\/tags?post=4796"}],"curies":[{"name":"wp","href":"https:\/\/api.w.org\/{rel}","templated":true}]}}