{"id":4812,"date":"2025-10-02T18:50:36","date_gmt":"2025-10-02T18:50:36","guid":{"rendered":"https:\/\/friburgonoticias.com.br\/temp\/2025\/10\/02\/aprovacao-rapida-de-projetos-contra-a-fome-mostra-compromisso-da-camara-com-a-sociedade-diz-motta-noticias\/"},"modified":"2025-10-02T18:50:36","modified_gmt":"2025-10-02T18:50:36","slug":"aprovacao-rapida-de-projetos-contra-a-fome-mostra-compromisso-da-camara-com-a-sociedade-diz-motta-noticias","status":"publish","type":"post","link":"https:\/\/friburgonoticias.com.br\/temp\/2025\/10\/02\/aprovacao-rapida-de-projetos-contra-a-fome-mostra-compromisso-da-camara-com-a-sociedade-diz-motta-noticias\/","title":{"rendered":"Aprova\u00e7\u00e3o r\u00e1pida de projetos contra a fome mostra compromisso da C\u00e2mara com a sociedade, diz Motta &#8211; Not\u00edcias"},"content":{"rendered":"<p><\/p>\n<div>\n<p class=\"g-artigo__data-hora\">\n                      02\/10\/2025 &#8211; 15:32 \u00a0\n                    <\/p>\n<div id=\"image-container-1207063\" class=\"image-container\" style=\"float: none; margin: 45px 0px; width: 100%;\" data-midia=\"1207063\">\n        <em>Kayo Magalh\u00e3es \/ C\u00e2mara dos Deputados<\/em><\/p>\n<p>        Motta no lan\u00e7amento de agenda legislativa contra a fome\n        <\/p><\/div>\n<p>        Cinco novas leis fortalecem o combate \u00e0 fome e as pol\u00edticas de seguran\u00e7a alimentar no pa\u00eds. O pacote, sancionado nesta semana pelo presidente da Rep\u00fablica, Luiz In\u00e1cio Lula da Silva, com a presen\u00e7a do presidente da C\u00e2mara dos Deputados, Hugo Motta (Republicanos-PB), \u00e9 resultado da mobiliza\u00e7\u00e3o da sociedade civil e do Parlamento.<br \/>\n        &#8220;Prioridade para o Brasil \u00e9 prioridade para a C\u00e2mara: aprovamos em tempo recorde os projetos de combate \u00e0 fome. Seguimos avan\u00e7ando com equil\u00edbrio, di\u00e1logo e coopera\u00e7\u00e3o entre os Poderes&#8221;, comemorou Motta em suas redes sociais.<br \/>\n        <strong>Projetos na C\u00e2mara<\/strong><br \/>Hugo Motta lembrou que, no fim de agosto, <a href=\"https:\/\/www.camara.leg.br\/noticias\/1193386-HUGO-MOTTA-ANUNCIA-PRIORIDADE-PARA-AGENDA-DE-COMBATE-A-FOME\">a C\u00e2mara recebeu a agenda &#8220;Da Pol\u00edtica ao Prato&#8221;<\/a>, elaborada pelo movimento suprapartid\u00e1rio Pacto contra a Fome.<br \/>\n        Dos sete projetos listados, cinco estavam em an\u00e1lise na C\u00e2mara. &#8220;Em alguns dias a Casa aprovou os cinco, dando prova de sua disposi\u00e7\u00e3o para ouvir a sociedade civil e de seu compromisso com a formula\u00e7\u00e3o de pol\u00edticas que trazem benef\u00edcio concreto \u00e0 vida de quem mais precisa&#8221;, afirmou Motta.<br \/>\n        Em entrevista \u00e0 <em>R\u00e1dio C\u00e2mara<\/em>, a gerente de pol\u00edticas p\u00fablicas do Pacto contra a Fome, Rafaela Vieira, refor\u00e7ou a import\u00e2ncia da aprova\u00e7\u00e3o r\u00e1pida das propostas. \u201c\u00c9 um tempo recorde, tanto de aprova\u00e7\u00e3o dentro do Congresso, mas tamb\u00e9m de san\u00e7\u00e3o presidencial. A gente fica muito feliz de estar compartilhando isso com todo mundo hoje\u201d, disse.<\/p>\n<p>        A organiza\u00e7\u00e3o Pacto contra a Fome refor\u00e7a que, apesar da conquista importante, \u00e9 preciso continuar lutando para erradicar a fome no pa\u00eds. Segundo o <span id=\"4178\" class=\"termoGlossario\" title=\"\u00d3rg\u00e3o da administra\u00e7\u00e3o p\u00fablica federal, subordinado ao Minist\u00e9rio do Planejamento, Or\u00e7amento e Gest\u00e3o. \u00c9 o principal provedor de dados oficiais do Pa\u00eds, sendo respons\u00e1vel pela produ\u00e7\u00e3o, an\u00e1lise, pesquisa e dissemina\u00e7\u00e3o de informa\u00e7\u00f5es de natureza estat\u00edstica (demogr\u00e1fica, social e econ\u00f4mica), geogr\u00e1fica, cartogr\u00e1fica, geod\u00e9sica e ambiental.\" contenteditable=\"false\" data-toggle=\"tooltip\" data-placement=\"top\">IBGE<\/span>, 64,5 milh\u00f5es de brasileiros ainda est\u00e3o em situa\u00e7\u00e3o de inseguran\u00e7a alimentar.<br \/>\n        <strong>Confira as novas leis:<\/strong><\/p>\n<ul>\n<li><a class=\"linkLegislacao\" href=\"https:\/\/www2.camara.gov.br\/legin\/fed\/lei\/2025\/lei-15226-30-setembro-2025-798050-norma-pl.html\">Lei 15.226\/25<\/a> \u2013 regula o prazo de validade de alimentos fornecidos ao Programa Nacional de Alimenta\u00e7\u00e3o Escolar (PNAE). O objetivo \u00e9 coibir a entrega de alimentos para consumo em ambiente escolar cujo prazo de validade esteja na imin\u00eancia de seu vencimento. A nova lei tamb\u00e9m determina que as compras de alimentos da agricultura familiar devem priorizar &#8220;os assentamentos da reforma agr\u00e1ria, as comunidades tradicionais ind\u00edgenas, as comunidades quilombolas e os grupos formais e informais de mulheres&#8221;. (<a href=\"https:\/\/www.camara.leg.br\/noticias\/1206571-ENTRA-EM-VIGOR-LEI-QUE-PREVE-AUMENTO-DE-PRODUTOS-DA-AGRICULTURA-FAMILIAR-NA-MERENDA-ESCOLAR\">Entra em vigor lei que prev\u00ea aumento de produtos da agricultura familiar na merenda escolar)<\/a><\/li>\n<\/ul>\n<p style=\"font-size: 0.8rem; font-weight: 700;\">Da Reda\u00e7\u00e3o &#8211; ND<\/p>\n<\/p><\/div>\n<p><\/a><\/p>\n<p>Fonte: www.camara.leg.br<\/p>\n","protected":false},"excerpt":{"rendered":"<p>02\/10\/2025 &#8211; 15:32 \u00a0 Kayo Magalh\u00e3es \/ C\u00e2mara dos Deputados Motta no lan\u00e7amento de agenda legislativa contra a fome Cinco novas leis fortalecem o combate \u00e0 fome e as pol\u00edticas de seguran\u00e7a alimentar no pa\u00eds. O pacote, sancionado nesta semana pelo presidente da Rep\u00fablica, Luiz In\u00e1cio Lula da Silva, com a presen\u00e7a do presidente da [&hellip;]<\/p>\n","protected":false},"author":3,"featured_media":4813,"comment_status":"open","ping_status":"open","sticky":false,"template":"","format":"standard","meta":{"advanced_seo_description":"","jetpack_seo_html_title":"","jetpack_seo_noindex":false,"fifu_image_url":"https:\/\/www.camara.leg.br\/midias\/image\/2025\/10\/img20250827113710482-768x473.jpg","fifu_image_alt":"","_jetpack_memberships_contains_paid_content":false,"footnotes":"","jetpack_publicize_message":"","jetpack_publicize_feature_enabled":true,"jetpack_social_post_already_shared":true,"jetpack_social_options":{"image_generator_settings":{"template":"highway","default_image_id":0,"font":"","enabled":false},"version":2}},"categories":[106,1],"tags":[],"class_list":{"0":"post-4812","1":"post","2":"type-post","3":"status-publish","4":"format-standard","5":"has-post-thumbnail","7":"category-politica","8":"category-uncategorized"},"jetpack_publicize_connections":[],"jetpack_featured_media_url":"https:\/\/i0.wp.com\/www.camara.leg.br\/midias\/image\/2025\/10\/img20250827113710482-768x473.jpg?fit=%2C&ssl=1","jetpack_sharing_enabled":true,"jetpack-related-posts":[],"_links":{"self":[{"href":"https:\/\/friburgonoticias.com.br\/temp\/wp-json\/wp\/v2\/posts\/4812","targetHints":{"allow":["GET"]}}],"collection":[{"href":"https:\/\/friburgonoticias.com.br\/temp\/wp-json\/wp\/v2\/posts"}],"about":[{"href":"https:\/\/friburgonoticias.com.br\/temp\/wp-json\/wp\/v2\/types\/post"}],"author":[{"embeddable":true,"href":"https:\/\/friburgonoticias.com.br\/temp\/wp-json\/wp\/v2\/users\/3"}],"replies":[{"embeddable":true,"href":"https:\/\/friburgonoticias.com.br\/temp\/wp-json\/wp\/v2\/comments?post=4812"}],"version-history":[{"count":0,"href":"https:\/\/friburgonoticias.com.br\/temp\/wp-json\/wp\/v2\/posts\/4812\/revisions"}],"wp:featuredmedia":[{"embeddable":true,"href":"https:\/\/friburgonoticias.com.br\/temp\/wp-json\/wp\/v2\/media\/4813"}],"wp:attachment":[{"href":"https:\/\/friburgonoticias.com.br\/temp\/wp-json\/wp\/v2\/media?parent=4812"}],"wp:term":[{"taxonomy":"category","embeddable":true,"href":"https:\/\/friburgonoticias.com.br\/temp\/wp-json\/wp\/v2\/categories?post=4812"},{"taxonomy":"post_tag","embeddable":true,"href":"https:\/\/friburgonoticias.com.br\/temp\/wp-json\/wp\/v2\/tags?post=4812"}],"curies":[{"name":"wp","href":"https:\/\/api.w.org\/{rel}","templated":true}]}}